{"id":6359,"date":"2019-03-28T13:47:59","date_gmt":"2019-03-28T16:47:59","guid":{"rendered":"https:\/\/hostnetart.com.br\/baixada\/ministerio-publico-pede-que-comandos-militares-nao-comemorem-golpe-de-1964\/"},"modified":"2019-03-28T13:47:59","modified_gmt":"2019-03-28T16:47:59","slug":"ministerio-publico-pede-que-comandos-militares-nao-comemorem-golpe-de-1964","status":"publish","type":"post","link":"https:\/\/hostnetart.com.br\/baixada\/ministerio-publico-pede-que-comandos-militares-nao-comemorem-golpe-de-1964\/","title":{"rendered":"Minist\u00e9rio P\u00fablico pede que comandos militares n\u00e3o comemorem golpe de 1964"},"content":{"rendered":"<p>Instala\u00e7\u00f5es militares em todo o pa\u00eds est\u00e3o recebendo uma recomenda\u00e7\u00e3o do Minist\u00e9rio P\u00fablico Federal para que se abstenham de comemorar, no pr\u00f3ximo fim de semana, o <strong>golpe de 1964<\/strong>, conforme desejo do governo. No documento, o MPF pede aos comandos militares que adotem provid\u00eancias no sentido de garantir que os subordinados n\u00e3o promovam ou tomem parte em manifesta\u00e7\u00f5es p\u00fablicas, &#8220;em ambiente militar ou fardado&#8221;, falando inclusive em puni\u00e7\u00f5es disciplinares.<\/p>\n<p>O Minist\u00e9rio P\u00fablico observa que &#8220;a homenagem por servidores civis e militares, no exerc\u00edcio de suas fun\u00e7\u00f5es, ao per\u00edodo hist\u00f3rico no qual houve supress\u00e3o da democracia e dos direitos de reuni\u00e3o, liberdade de express\u00e3o e liberdade de imprensa viola a Constitui\u00e7\u00e3o Federal, que consagra a democracia e a soberania popular&#8221;. Al\u00e9m disso, a Carta de 1988 &#8220;repudia o crime de tortura, considerado crime inafian\u00e7\u00e1vel, e prev\u00ea como crime inafian\u00e7\u00e1vel e imprescrit\u00edvel a a\u00e7\u00e3o de grupos armados, civis ou militares, contra a ordem constitucional e o Estado Democr\u00e1tico&#8221;.<\/p>\n<p>Ontem (26), <a class=\"internal-link\" title=\"\" href=\"https:\/\/www.redebrasilatual.com.br\/politica\/2019\/03\/procuradoria-afirma-que-comemorar-1964-e-incompativel-com-a-democracia\" target=\"_blank\" rel=\"noopener noreferrer\">a Procuradoria Federal dos Direitos do Cidad\u00e3o j\u00e1 havia divulgado nota p\u00fablica na qual afirmava que comemorar a data \u00e9 &#8220;incompat\u00edvel&#8221; com o Estado democr\u00e1tico de direito<\/a>. Os procuradores citaram viola\u00e7\u00f5es sistem\u00e1ticas aos direitos humanos cometidas por agentes p\u00fablicos durante a ditadura.\u00a0<\/p>\n<p>O MPF diz ainda que as For\u00e7as Armadas s\u00e3o &#8220;institui\u00e7\u00f5es nacionais permanentes e regulares, destinadas \u00e0 defesa da P\u00e1tria e \u00e0 garantia dos poderes constitucionais, n\u00e3o devendo tomar parte em disputas ou manifesta\u00e7\u00f5es pol\u00edticas, em respeito ao princ\u00edpio democr\u00e1tico e ao pluralismo de ideias que rege o Estado brasileiro&#8221;.<\/p>\n<p>Ap\u00f3s 1988, acrescenta, por diversas vezes o Estado reconheceu a aus\u00eancia de democracia e graves viola\u00e7\u00f5es de direitos humanos a partir do golpe de 1964. Cita of\u00edcio nesse sentido (10.944, de 2014) das pr\u00f3prias For\u00e7as Armadas, que diziam n\u00e3o se contrapor \u00e0s conclus\u00f5es da Comiss\u00e3o Nacional da Verdade, por n\u00e3o dispor de &#8220;elementos que sirvam de fundamento para contestar os atos formais de reconhecimento da responsabilidade do Estado brasileiro por aquelas pr\u00e1ticas&#8221;.<\/p>\n<p>Os procuradores salientam que o presidente da Rep\u00fablica se submete \u00e0 Constitui\u00e7\u00e3o e \u00e0s leis vigentes, &#8220;n\u00e3o possuindo o poder discricion\u00e1rio de desconsiderar todos os dispositivos legais que reconhecem o regime iniciado em 31 de mar\u00e7o de 1964 como antidemocr\u00e1tico&#8221;. O Minist\u00e9rio P\u00fablico cita a Lei 8.429, de 1992, sobre improbidade administrativa.<\/p>\n<p>\u00a0<\/p>\n<p><strong>Fonte: Rede Brasil Atual<\/strong><\/p>\n","protected":false},"excerpt":{"rendered":"<p>Instala\u00e7\u00f5es militares em todo o pa\u00eds est\u00e3o recebendo uma recomenda\u00e7\u00e3o do Minist\u00e9rio P\u00fablico Federal para que se abstenham de comemorar, no pr\u00f3ximo fim de semana, o golpe de 1964, conforme desejo do governo. No documento, o MPF pede aos comandos militares que adotem provid\u00eancias no sentido de garantir que os subordinados n\u00e3o promovam ou tomem [&hellip;]<\/p>\n","protected":false},"author":2,"featured_media":6358,"comment_status":"","ping_status":"","sticky":false,"template":"","format":"standard","meta":{"footnotes":""},"categories":[3],"tags":[],"class_list":["post-6359","post","type-post","status-publish","format-standard","has-post-thumbnail","hentry","category-noticias"],"_links":{"self":[{"href":"https:\/\/hostnetart.com.br\/baixada\/wp-json\/wp\/v2\/posts\/6359","targetHints":{"allow":["GET"]}}],"collection":[{"href":"https:\/\/hostnetart.com.br\/baixada\/wp-json\/wp\/v2\/posts"}],"about":[{"href":"https:\/\/hostnetart.com.br\/baixada\/wp-json\/wp\/v2\/types\/post"}],"author":[{"embeddable":true,"href":"https:\/\/hostnetart.com.br\/baixada\/wp-json\/wp\/v2\/users\/2"}],"replies":[{"embeddable":true,"href":"https:\/\/hostnetart.com.br\/baixada\/wp-json\/wp\/v2\/comments?post=6359"}],"version-history":[{"count":0,"href":"https:\/\/hostnetart.com.br\/baixada\/wp-json\/wp\/v2\/posts\/6359\/revisions"}],"wp:featuredmedia":[{"embeddable":true,"href":"https:\/\/hostnetart.com.br\/baixada\/wp-json\/wp\/v2\/media\/6358"}],"wp:attachment":[{"href":"https:\/\/hostnetart.com.br\/baixada\/wp-json\/wp\/v2\/media?parent=6359"}],"wp:term":[{"taxonomy":"category","embeddable":true,"href":"https:\/\/hostnetart.com.br\/baixada\/wp-json\/wp\/v2\/categories?post=6359"},{"taxonomy":"post_tag","embeddable":true,"href":"https:\/\/hostnetart.com.br\/baixada\/wp-json\/wp\/v2\/tags?post=6359"}],"curies":[{"name":"wp","href":"https:\/\/api.w.org\/{rel}","templated":true}]}}