{"id":6357,"date":"2019-03-28T13:46:52","date_gmt":"2019-03-28T16:46:52","guid":{"rendered":"https:\/\/hostnetart.com.br\/baixada\/banco-do-brasil-apresenta-proposta-final-na-mesa-da-cassi\/"},"modified":"2019-03-28T13:46:52","modified_gmt":"2019-03-28T16:46:52","slug":"banco-do-brasil-apresenta-proposta-final-na-mesa-da-cassi","status":"publish","type":"post","link":"https:\/\/hostnetart.com.br\/baixada\/banco-do-brasil-apresenta-proposta-final-na-mesa-da-cassi\/","title":{"rendered":"Banco do Brasil apresenta proposta final na mesa da Cassi"},"content":{"rendered":"<div class=\"elementor-element elementor-element-194680ec elementor-widget elementor-widget-theme-post-content\" data-id=\"194680ec\" data-element_type=\"widget\" data-widget_type=\"theme-post-content.default\">\n<div class=\"elementor-widget-container\">\n<p>Em reuni\u00e3o realizada na quarta-feira (27), no Rio de Janeiro, o Banco do Brasil apresentou proposta final na mesa de negocia\u00e7\u00e3o da Caixa de Assist\u00eancia (Cassi) com as entidades representativas dos funcion\u00e1rios da ativa e aposentados.<\/p>\n<p>O processo negocial foi retomado no dia 31 de janeiro e, ap\u00f3s diversas rodadas com debates e estudos t\u00e9cnicos, o BB apresentou na mesa a proposta que inclui mudan\u00e7as na governan\u00e7a e no custeio da Cassi por parte do banco e dos associados.<\/p>\n<h3><strong>Governan\u00e7a<\/strong><\/h3>\n<p>Na estrutura de governan\u00e7a apresentada, foi aceita a proposta feita no Grupo de Trabalho das entidades na Cassi, sem a troca entre diretorias de eleitos e indicados.<\/p>\n<p>O BB tamb\u00e9m apresentou o detalhamento sobre o voto de decis\u00e3o em itens espec\u00edficos da Diretoria Executiva, a exig\u00eancia de experi\u00eancia m\u00ednima para ocupa\u00e7\u00e3o de cargos nos Conselhos e Diretoria Executiva, bem como a segrega\u00e7\u00e3o da elei\u00e7\u00e3o do Conselho Fiscal.<\/p>\n<h3><strong>Custeio<\/strong><\/h3>\n<p>Na parte do custeio, a proposta inclui a cobran\u00e7a por dependentes com contribui\u00e7\u00e3o dos associados e do banco sobre a folha de pagamento dos ativos.<\/p>\n<p>A cobran\u00e7a por dependente passa a ser por percentual do sal\u00e1rio e a corre\u00e7\u00e3o anual ser\u00e1 pelo reajuste salarial.<\/p>\n<h3><strong>Demais itens<\/strong><\/h3>\n<p>Compromisso de ampliar e aprimorar o modelo da Estrat\u00e9gia Sa\u00fade da Fam\u00edlia para alcan\u00e7ar todos os participantes do Plano de Associados em at\u00e9 quatro anos.<\/p>\n<p>Criar em at\u00e9 30 dias da aprova\u00e7\u00e3o do novo estatuto uma mesa espec\u00edfica para debater o ingresso na Cassi dos funcion\u00e1rios egressos de institui\u00e7\u00f5es financeiras incorporadas.<\/p>\n<p>Abertura do Plano Associados aos novos Funcion\u00e1rios admitidos a partir de 01.01.2018, com a possibilidade de perman\u00eancia da Cassi na aposentadoria com pagamento das contribui\u00e7\u00f5es em auto patroc\u00ednio, arcando com a parte pessoal e parte patronal.<\/p>\n<p>As entidades far\u00e3o avalia\u00e7\u00e3o da proposta para orienta\u00e7\u00e3o aos associados.<\/p>\n<p>Veja a <a href=\"https:\/\/contrafcut.com.br\/wp-content\/uploads\/2019\/03\/Proposta-para-27-03-2019-completa-final.pdf\" target=\"_blank\" rel=\"noopener noreferrer\">proposta completa<\/a>.<\/p>\n<p>\u00a0<\/p>\n<p><strong>Fonte: Contraf-CUT<\/strong><\/p>\n<\/div>\n<\/div>\n","protected":false},"excerpt":{"rendered":"<p>Em reuni\u00e3o realizada na quarta-feira (27), no Rio de Janeiro, o Banco do Brasil apresentou proposta final na mesa de negocia\u00e7\u00e3o da Caixa de Assist\u00eancia (Cassi) com as entidades representativas dos funcion\u00e1rios da ativa e aposentados. O processo negocial foi retomado no dia 31 de janeiro e, ap\u00f3s diversas rodadas com debates e estudos t\u00e9cnicos, [&hellip;]<\/p>\n","protected":false},"author":2,"featured_media":6356,"comment_status":"","ping_status":"","sticky":false,"template":"","format":"standard","meta":{"footnotes":""},"categories":[3],"tags":[],"class_list":["post-6357","post","type-post","status-publish","format-standard","has-post-thumbnail","hentry","category-noticias"],"_links":{"self":[{"href":"https:\/\/hostnetart.com.br\/baixada\/wp-json\/wp\/v2\/posts\/6357","targetHints":{"allow":["GET"]}}],"collection":[{"href":"https:\/\/hostnetart.com.br\/baixada\/wp-json\/wp\/v2\/posts"}],"about":[{"href":"https:\/\/hostnetart.com.br\/baixada\/wp-json\/wp\/v2\/types\/post"}],"author":[{"embeddable":true,"href":"https:\/\/hostnetart.com.br\/baixada\/wp-json\/wp\/v2\/users\/2"}],"replies":[{"embeddable":true,"href":"https:\/\/hostnetart.com.br\/baixada\/wp-json\/wp\/v2\/comments?post=6357"}],"version-history":[{"count":0,"href":"https:\/\/hostnetart.com.br\/baixada\/wp-json\/wp\/v2\/posts\/6357\/revisions"}],"wp:featuredmedia":[{"embeddable":true,"href":"https:\/\/hostnetart.com.br\/baixada\/wp-json\/wp\/v2\/media\/6356"}],"wp:attachment":[{"href":"https:\/\/hostnetart.com.br\/baixada\/wp-json\/wp\/v2\/media?parent=6357"}],"wp:term":[{"taxonomy":"category","embeddable":true,"href":"https:\/\/hostnetart.com.br\/baixada\/wp-json\/wp\/v2\/categories?post=6357"},{"taxonomy":"post_tag","embeddable":true,"href":"https:\/\/hostnetart.com.br\/baixada\/wp-json\/wp\/v2\/tags?post=6357"}],"curies":[{"name":"wp","href":"https:\/\/api.w.org\/{rel}","templated":true}]}}