{"id":6352,"date":"2019-03-27T17:32:24","date_gmt":"2019-03-27T20:32:24","guid":{"rendered":"https:\/\/hostnetart.com.br\/baixada\/desemprego-pode-aumentar-mais-com-retorno-ao-mercado-dos-desalentados\/"},"modified":"2019-03-27T17:32:24","modified_gmt":"2019-03-27T20:32:24","slug":"desemprego-pode-aumentar-mais-com-retorno-ao-mercado-dos-desalentados","status":"publish","type":"post","link":"https:\/\/hostnetart.com.br\/baixada\/desemprego-pode-aumentar-mais-com-retorno-ao-mercado-dos-desalentados\/","title":{"rendered":"Desemprego pode aumentar mais com retorno ao mercado dos desalentados"},"content":{"rendered":"<p class=\" \">O\u00a0<a class=\"internal-link\" title=\"\" href=\"https:\/\/www.redebrasilatual.com.br\/economia\/desemprego-bate-recorde-em-metade-das-capitais-brasileiras\" target=\"_blank\" rel=\"noopener noreferrer\">desemprego em S\u00e3o Paulo<\/a>\u00a0poder\u00e1 ser ainda maior nos pr\u00f3ximos meses, de acordo com an\u00e1lise do diretor t\u00e9cnico do Dieese, Clemente Ganz L\u00facio. Em entrevista \u00e0 jornalista Marilu Caba\u00f1as, da\u00a0<b>R\u00e1dio Brasil Atual<\/b>, o especialista indicou um\u00a0<a class=\"internal-link\" title=\"\" href=\"https:\/\/www.redebrasilatual.com.br\/economia\/2019\/03\/saida-de-pessoas-do-mercado-evita-desemprego-maior-na-grande-sao-paulo\" target=\"_blank\" rel=\"noopener noreferrer\">aumento na taxa de desocupa\u00e7\u00e3o<\/a>\u00a0\u00e0 medida que os postos de trabalhado come\u00e7arem a ser ofertados.<\/p>\n<p class=\" \">&#8220;Nesse momento, as pessoas que desistiram e est\u00e3o desalentadas vir\u00e3o ao mercado de trabalho procurando emprego e, \u00e9 prov\u00e1vel, que esse contingente \u00e0 procura de emprego cres\u00e7a. Portanto, a taxa de desemprego pode vir a crescer, mesmo que n\u00f3s tenhamos gera\u00e7\u00e3o de emprego&#8221;, explica Clemente.<\/p>\n<p class=\" \">A an\u00e1lise do diretor t\u00e9cnico tem como base a\u00a0<a class=\"internal-link\" title=\"\" href=\"https:\/\/www.redebrasilatual.com.br\/trabalho\/2019\/03\/milhares-de-pessoas-se-aglomeram-em-sao-paulo-em-busca-de-emprego\" target=\"_blank\" rel=\"noopener noreferrer\">multid\u00e3o formada por 15 mil pessoas<\/a>\u00a0que passaram, nesta ter\u00e7a-feira (26) na sede do Sindicato dos Comerci\u00e1rios, no Vale do Anhangaba\u00fa, em S\u00e3o Paulo, para disputar uma das 6 mil vagas ofertadas. Ele lembra ainda que, s\u00f3 na regi\u00e3o metropolitana da cidade,\u00a0<a class=\"internal-link\" title=\"\" href=\"https:\/\/www.redebrasilatual.com.br\/economia\/2018\/12\/desemprego-em-sao-paulo-cai-mas-com-crescimento-de-autonomos\" target=\"_blank\" rel=\"noopener noreferrer\">ao menos 1,7 milh\u00e3o de pessoas est\u00e3o desempregadas<\/a>.<\/p>\n<p class=\" \">&#8220;A solu\u00e7\u00e3o desse problema significaria termos pol\u00edtica econ\u00f4mica, iniciativas de coordena\u00e7\u00e3o econ\u00f4mica que n\u00f3s n\u00e3o vemos acontecer no n\u00edvel do governo federal&#8221;, critica o especialista do Dieese.<\/p>\n<p class=\" \">\u00a0<\/p>\n<p class=\" \"><strong>Fonte: Rede Brasil Atual<\/strong><\/p>\n","protected":false},"excerpt":{"rendered":"<p>O\u00a0desemprego em S\u00e3o Paulo\u00a0poder\u00e1 ser ainda maior nos pr\u00f3ximos meses, de acordo com an\u00e1lise do diretor t\u00e9cnico do Dieese, Clemente Ganz L\u00facio. Em entrevista \u00e0 jornalista Marilu Caba\u00f1as, da\u00a0R\u00e1dio Brasil Atual, o especialista indicou um\u00a0aumento na taxa de desocupa\u00e7\u00e3o\u00a0\u00e0 medida que os postos de trabalhado come\u00e7arem a ser ofertados. &#8220;Nesse momento, as pessoas que desistiram [&hellip;]<\/p>\n","protected":false},"author":2,"featured_media":6351,"comment_status":"","ping_status":"","sticky":false,"template":"","format":"standard","meta":{"footnotes":""},"categories":[3],"tags":[],"class_list":["post-6352","post","type-post","status-publish","format-standard","has-post-thumbnail","hentry","category-noticias"],"_links":{"self":[{"href":"https:\/\/hostnetart.com.br\/baixada\/wp-json\/wp\/v2\/posts\/6352","targetHints":{"allow":["GET"]}}],"collection":[{"href":"https:\/\/hostnetart.com.br\/baixada\/wp-json\/wp\/v2\/posts"}],"about":[{"href":"https:\/\/hostnetart.com.br\/baixada\/wp-json\/wp\/v2\/types\/post"}],"author":[{"embeddable":true,"href":"https:\/\/hostnetart.com.br\/baixada\/wp-json\/wp\/v2\/users\/2"}],"replies":[{"embeddable":true,"href":"https:\/\/hostnetart.com.br\/baixada\/wp-json\/wp\/v2\/comments?post=6352"}],"version-history":[{"count":0,"href":"https:\/\/hostnetart.com.br\/baixada\/wp-json\/wp\/v2\/posts\/6352\/revisions"}],"wp:featuredmedia":[{"embeddable":true,"href":"https:\/\/hostnetart.com.br\/baixada\/wp-json\/wp\/v2\/media\/6351"}],"wp:attachment":[{"href":"https:\/\/hostnetart.com.br\/baixada\/wp-json\/wp\/v2\/media?parent=6352"}],"wp:term":[{"taxonomy":"category","embeddable":true,"href":"https:\/\/hostnetart.com.br\/baixada\/wp-json\/wp\/v2\/categories?post=6352"},{"taxonomy":"post_tag","embeddable":true,"href":"https:\/\/hostnetart.com.br\/baixada\/wp-json\/wp\/v2\/tags?post=6352"}],"curies":[{"name":"wp","href":"https:\/\/api.w.org\/{rel}","templated":true}]}}