{"id":6344,"date":"2019-03-27T13:46:18","date_gmt":"2019-03-27T16:46:18","guid":{"rendered":"https:\/\/hostnetart.com.br\/baixada\/milhares-de-pessoas-a-procura-de-emprego-mostram-crise-brasileira\/"},"modified":"2019-03-27T13:46:18","modified_gmt":"2019-03-27T16:46:18","slug":"milhares-de-pessoas-a-procura-de-emprego-mostram-crise-brasileira","status":"publish","type":"post","link":"https:\/\/hostnetart.com.br\/baixada\/milhares-de-pessoas-a-procura-de-emprego-mostram-crise-brasileira\/","title":{"rendered":"Milhares de pessoas \u00e0 procura de emprego mostram crise brasileira"},"content":{"rendered":"<p>A crise do emprego no pa\u00eds ficou mais uma vez demonstrada nesta ter\u00e7a-feira (26), quando, desde as primeiras da manh\u00e3, milhares de pessoas se aglomeraram no Vale do Anhangaba\u00fa, regi\u00e3o central de S\u00e3o Paulo, em busca de trabalho. Era um mutir\u00e3o oferecendo 6 mil vagas, de acordo com os sindicatos dos Comerci\u00e1rios e dos Padeiros, filiados \u00e0 UGT, em parceria com a iniciativa privada, Senai, governo do estado e prefeitura. Durante o dia, passaram pelo local mais de 15 mil trabalhadores.<\/p>\n<p>Maria Cruz era uma dos desempregados. Ela chegou tarde, por volta das 14h, ap\u00f3s saber do mutir\u00e3o por notici\u00e1rios da televis\u00e3o. Mesmo sendo uma das \u00faltimas a chegar, conseguiu uma senha para ser atendida no mesmo local na quinta-feira da semana que vem (4).\u00a0A recomenda\u00e7\u00e3o \u00e9 de chegar cedo. Alguns dos candidatos que chegaram antes das 9h afirmaram terem participado de entrevistas preliminares \u2013 o que, esperam, pode aumentar as chances.<\/p>\n<p>Hoje, o dia foi dedicado \u00e0 distribui\u00e7\u00e3o de senhas. Maria mora em S\u00e3o Mateus, na zona leste da capital. Desempregada h\u00e1 quatro anos, tem dois filhos e conta com a ajuda da fam\u00edlia para o sustento. \u201cCada dia \u00e9 um dia. J\u00e1 \u00e9 muito tempo procurando emprego, cheguei a desistir. Parece cada vez mais dif\u00edcil, ainda mais para mim que j\u00e1 passei dos 50 anos\u201d, disse.<\/p>\n<p>O mutir\u00e3o ainda segue at\u00e9 sexta-feira (29), na sede do Sindicato dos Comerci\u00e1rios, que fica na Rua Formosa, 99. Com in\u00edcio \u00e0s 8h, os empregadores e trabalhadores dos sindicatos atendem os interessados at\u00e9 as 17h. Os candidatos devem portar RG, CPF, carteira de trabalho e curr\u00edculo impresso. Est\u00e3o ofertadas oportunidades diversas, que v\u00e3o desde grandes grupos do varejo, at\u00e9 padarias. Os sal\u00e1rios ficam na m\u00e9dia de R$ 1.500, podendo passar dos R$ 5.000.<\/p>\n<p>Os primos Vin\u00edcius, 20 anos, e Caio Souza, 21, chegaram \u00e0s 10h e conseguiram senhas para a outra quarta-feira (3). Os jovens residem em Itaquera e Barueri, respectivamente, na regi\u00e3o metropolitana. A expectativa \u00e9 pela primeira oportunidade de trabalho com carteira assinada. Mesmo com a senha, eles mostraram preocupa\u00e7\u00e3o com o retorno . \u201cPode ficar complicado, n\u00e3o sei se vou ter dinheiro para voltar\u201d, disse Vin\u00edcius.<\/p>\n<p>Ambos exercem atividades remuneradas esporadicamente, os chamados \u201cbicos\u201d. Eles pretendem chegar \u00e0 faculdade, mas, para isso, precisam de um emprego fixo. Mesmo com as aadversidades, eles levam tudo com bom humor. \u201cQuero sim ir pra faculdade, mas tamb\u00e9m quero dinheiro para gravar minhas m\u00fasicas, meu funk\u201d, disse Vin\u00edcius. J\u00e1 Caio cobrou, em tom jocoso, a\u00e7\u00f5es do presidente Jair Bolsonaro (PSL) para frear o desemprego: \u201cDaqui a pouco vou ter que ligar pra ele e dizer que assim n\u00e3o d\u00e1, t\u00e1 ok?\u201d, disse ironizando o jarg\u00e3o do presidente.<\/p>\n<p>Em pesquisa divulgada hoje pela Funda\u00e7\u00e3o Seade e pelo Dieese, a<a class=\"internal-link\" title=\"\" href=\"https:\/\/www.redebrasilatual.com.br\/economia\/2019\/03\/saida-de-pessoas-do-mercado-evita-desemprego-maior-na-grande-sao-paulo\" target=\"_blank\" rel=\"noopener noreferrer\">\u00a0taxa de desemprego na regi\u00e3o metropolitana de S\u00e3o Paulo<\/a>\u00a0ficou em 15,5% em fevereiro, abaixo de igual per\u00edodo do ano passado (16,4%). Isso significa 1,711 milh\u00e3o de pessoas nessa situa\u00e7\u00e3o.<\/p>\n<p>\u00a0<\/p>\n<p><strong>Fonte: Rede Brasil Atual<\/strong><\/p>\n","protected":false},"excerpt":{"rendered":"<p>A crise do emprego no pa\u00eds ficou mais uma vez demonstrada nesta ter\u00e7a-feira (26), quando, desde as primeiras da manh\u00e3, milhares de pessoas se aglomeraram no Vale do Anhangaba\u00fa, regi\u00e3o central de S\u00e3o Paulo, em busca de trabalho. Era um mutir\u00e3o oferecendo 6 mil vagas, de acordo com os sindicatos dos Comerci\u00e1rios e dos Padeiros, [&hellip;]<\/p>\n","protected":false},"author":2,"featured_media":6343,"comment_status":"","ping_status":"","sticky":false,"template":"","format":"standard","meta":{"footnotes":""},"categories":[3],"tags":[],"class_list":["post-6344","post","type-post","status-publish","format-standard","has-post-thumbnail","hentry","category-noticias"],"_links":{"self":[{"href":"https:\/\/hostnetart.com.br\/baixada\/wp-json\/wp\/v2\/posts\/6344","targetHints":{"allow":["GET"]}}],"collection":[{"href":"https:\/\/hostnetart.com.br\/baixada\/wp-json\/wp\/v2\/posts"}],"about":[{"href":"https:\/\/hostnetart.com.br\/baixada\/wp-json\/wp\/v2\/types\/post"}],"author":[{"embeddable":true,"href":"https:\/\/hostnetart.com.br\/baixada\/wp-json\/wp\/v2\/users\/2"}],"replies":[{"embeddable":true,"href":"https:\/\/hostnetart.com.br\/baixada\/wp-json\/wp\/v2\/comments?post=6344"}],"version-history":[{"count":0,"href":"https:\/\/hostnetart.com.br\/baixada\/wp-json\/wp\/v2\/posts\/6344\/revisions"}],"wp:featuredmedia":[{"embeddable":true,"href":"https:\/\/hostnetart.com.br\/baixada\/wp-json\/wp\/v2\/media\/6343"}],"wp:attachment":[{"href":"https:\/\/hostnetart.com.br\/baixada\/wp-json\/wp\/v2\/media?parent=6344"}],"wp:term":[{"taxonomy":"category","embeddable":true,"href":"https:\/\/hostnetart.com.br\/baixada\/wp-json\/wp\/v2\/categories?post=6344"},{"taxonomy":"post_tag","embeddable":true,"href":"https:\/\/hostnetart.com.br\/baixada\/wp-json\/wp\/v2\/tags?post=6344"}],"curies":[{"name":"wp","href":"https:\/\/api.w.org\/{rel}","templated":true}]}}