{"id":6340,"date":"2019-03-27T13:40:43","date_gmt":"2019-03-27T16:40:43","guid":{"rendered":"https:\/\/hostnetart.com.br\/baixada\/noticias-falsas-aumentam-onda-de-violencia-e-perseguicao-no-brasil\/"},"modified":"2019-03-27T13:40:43","modified_gmt":"2019-03-27T16:40:43","slug":"noticias-falsas-aumentam-onda-de-violencia-e-perseguicao-no-brasil","status":"publish","type":"post","link":"https:\/\/hostnetart.com.br\/baixada\/noticias-falsas-aumentam-onda-de-violencia-e-perseguicao-no-brasil\/","title":{"rendered":"Not\u00edcias falsas aumentam onda de viol\u00eancia e persegui\u00e7\u00e3o no Brasil"},"content":{"rendered":"<p class=\" \">Representantes da sociedade civil e parlamentares afirmaram que o\u00a0<a class=\"internal-link\" title=\"\" href=\"https:\/\/www.redebrasilatual.com.br\/cidadania\/2019\/01\/relatorio-sobre-os-direitos-humanos-destaca-aumento-de-violacoes-no-brasil\" target=\"_blank\" rel=\"noopener noreferrer\">aumento da viol\u00eancia<\/a>no Brasil e no mundo tem sido incentivado pela divulga\u00e7\u00e3o de not\u00edcias falsas, as chamadas\u00a0<i><a class=\"internal-link\" title=\"\" href=\"https:\/\/www.redebrasilatual.com.br\/trabalho\/2019\/03\/para-sindicalista-voz-das-ruas-pode-ser-resposta-contra-fake-news\" target=\"_blank\" rel=\"noopener noreferrer\">fake news<\/a><\/i>, resultando na persegui\u00e7\u00e3o de\u00a0<a class=\"internal-link\" title=\"\" href=\"https:\/\/www.redebrasilatual.com.br\/politica\/2019\/03\/marcia-tiburi-deixa-o-pais-apos-ser-vitima-de-ameacas-da-extrema-direita\" target=\"_blank\" rel=\"noopener noreferrer\">lideran\u00e7as de direitos humanos<\/a>. O alerta foi feito em ato na C\u00e2mara dos Deputados, nesta segunda-feira (25), que rememorou o Dia Internacional do Direito \u00e0 Verdade, celebrado no dia 24 de mar\u00e7o.<\/p>\n<p class=\" \">Na ocasi\u00e3o, os<a class=\"internal-link\" title=\"\" href=\"https:\/\/www.redebrasilatual.com.br\/cidadania\/2019\/03\/atos-por-marielle-ocorrem-nesta-quinta-pelo-pais-para-cobrar-quem-mandou-matar\" target=\"_blank\" rel=\"noopener noreferrer\">\u00a0assassinatos da vereadora Marielle Franco<\/a>, h\u00e1 um ano, e da coordenadora regional do Movimento dos Atingidos por Barragens (MAB)\u00a0<a class=\"internal-link\" title=\"\" href=\"https:\/\/www.redebrasilatual.com.br\/cidadania\/2019\/03\/para-mab-assassinato-da-coordenadora-dilma-esta-relacionado-a-luta-no-para\" target=\"_blank\" rel=\"noopener noreferrer\">Dilma Ferreira Silva no s\u00e1bado (23<\/a>), foram lembrados como exemplos do crescimento do \u00f3dio relacionado ainda, segundo os representantes e parlamentares, \u00e0\u00a0<a class=\"internal-link\" title=\"\" href=\"https:\/\/www.redebrasilatual.com.br\/cidadania\/2019\/03\/com-governo-em-queda-bolsonaro-espalha-fake-news-para-agredir-jornalista\" target=\"_blank\" rel=\"noopener noreferrer\">ascens\u00e3o de Jair Bolsonaro<\/a>\u00a0com apoio de not\u00edcias falsas.<\/p>\n<ul class=\"listSaibamais\">\n<li><a class=\"internal-link\" title=\"\" href=\"https:\/\/www.redebrasilatual.com.br\/mundo\/2019\/03\/clube-argentinos-se-unem-para-repudiar-golpe-militar-de-1976\" target=\"_self\">Clubes argentinos se unem para repudiar golpe militar de 1976<\/a><\/li>\n<\/ul>\n<p class=\" \">&#8220;E isso se torna ainda mais grave quando, h\u00e1 poucos dias das v\u00e9speras do Dia Internacional do Direito \u00e0 Verdade dos Direitos Humanos, o nosso ministro-chefe da Casa Civil faz justamente uma sauda\u00e7\u00e3o aos tempos de Pinochet no Chile, dizendo que Pinochet precisou dar um banho de sangue&#8221;, critica a diretora nacional da central Intersindical, Anjuli Tostes, em refer\u00eancia \u00e0 declara\u00e7\u00e3o do ministro Onyx Lorenzoni justificando os objetivos e os m\u00e9todos do\u00a0<a class=\"internal-link\" title=\"\" href=\"https:\/\/www.redebrasilatual.com.br\/mundo\/2019\/03\/chilenos-recebem-bolsonaro-com-protestos\" target=\"_blank\" rel=\"noopener noreferrer\">regime do ditador\u00a0<\/a>marcado pela censura,\u00a0<\/p>\n<p class=\" \">\u00a0<\/p>\n<p class=\" \"><strong>Fonte: Rede Brasil Atual<\/strong><\/p>\n","protected":false},"excerpt":{"rendered":"<p>Representantes da sociedade civil e parlamentares afirmaram que o\u00a0aumento da viol\u00eanciano Brasil e no mundo tem sido incentivado pela divulga\u00e7\u00e3o de not\u00edcias falsas, as chamadas\u00a0fake news, resultando na persegui\u00e7\u00e3o de\u00a0lideran\u00e7as de direitos humanos. O alerta foi feito em ato na C\u00e2mara dos Deputados, nesta segunda-feira (25), que rememorou o Dia Internacional do Direito \u00e0 Verdade, [&hellip;]<\/p>\n","protected":false},"author":2,"featured_media":6339,"comment_status":"","ping_status":"","sticky":false,"template":"","format":"standard","meta":{"footnotes":""},"categories":[3],"tags":[],"class_list":["post-6340","post","type-post","status-publish","format-standard","has-post-thumbnail","hentry","category-noticias"],"_links":{"self":[{"href":"https:\/\/hostnetart.com.br\/baixada\/wp-json\/wp\/v2\/posts\/6340","targetHints":{"allow":["GET"]}}],"collection":[{"href":"https:\/\/hostnetart.com.br\/baixada\/wp-json\/wp\/v2\/posts"}],"about":[{"href":"https:\/\/hostnetart.com.br\/baixada\/wp-json\/wp\/v2\/types\/post"}],"author":[{"embeddable":true,"href":"https:\/\/hostnetart.com.br\/baixada\/wp-json\/wp\/v2\/users\/2"}],"replies":[{"embeddable":true,"href":"https:\/\/hostnetart.com.br\/baixada\/wp-json\/wp\/v2\/comments?post=6340"}],"version-history":[{"count":0,"href":"https:\/\/hostnetart.com.br\/baixada\/wp-json\/wp\/v2\/posts\/6340\/revisions"}],"wp:featuredmedia":[{"embeddable":true,"href":"https:\/\/hostnetart.com.br\/baixada\/wp-json\/wp\/v2\/media\/6339"}],"wp:attachment":[{"href":"https:\/\/hostnetart.com.br\/baixada\/wp-json\/wp\/v2\/media?parent=6340"}],"wp:term":[{"taxonomy":"category","embeddable":true,"href":"https:\/\/hostnetart.com.br\/baixada\/wp-json\/wp\/v2\/categories?post=6340"},{"taxonomy":"post_tag","embeddable":true,"href":"https:\/\/hostnetart.com.br\/baixada\/wp-json\/wp\/v2\/tags?post=6340"}],"curies":[{"name":"wp","href":"https:\/\/api.w.org\/{rel}","templated":true}]}}