{"id":6330,"date":"2019-03-25T15:22:57","date_gmt":"2019-03-25T18:22:57","guid":{"rendered":"https:\/\/hostnetart.com.br\/baixada\/bancarios-se-unem-a-outras-categorias-para-dizer-nao-a-reforma-previdencia\/"},"modified":"2019-03-25T15:22:57","modified_gmt":"2019-03-25T18:22:57","slug":"bancarios-se-unem-a-outras-categorias-para-dizer-nao-a-reforma-previdencia","status":"publish","type":"post","link":"https:\/\/hostnetart.com.br\/baixada\/bancarios-se-unem-a-outras-categorias-para-dizer-nao-a-reforma-previdencia\/","title":{"rendered":"Banc\u00e1rios se unem a outras categorias para dizer n\u00e3o \u00e0 reforma Previd\u00eancia"},"content":{"rendered":"<div class=\"elementor-element elementor-element-194680ec elementor-widget elementor-widget-theme-post-content\" data-id=\"194680ec\" data-element_type=\"widget\" data-widget_type=\"theme-post-content.default\">\n<div class=\"elementor-widget-container\">\n<p>Os banc\u00e1rios de todo o Brasil atenderam ao chamado das centrais sindicais e sa\u00edram \u00e0s ruas para dizer n\u00e3o \u00e0 reforma da Previd\u00eancia, proposta pelo governo, que restringe o acesso \u00e0 aposentadoria e reduz o valor do benef\u00edcio, prejudicando milh\u00f5es de pessoas, especialmente os que come\u00e7am a trabalhar mais cedo, e os idosos que vivem em situa\u00e7\u00e3o de miserabilidade.<\/p>\n<p>Clique <a href=\"https:\/\/contrafcut.com.br\/fotos\/dia-nacional-de-luta-contra-a-reforma-da-previdencia\/\">aqui<\/a> para ver a galeria de fotos do dia.<\/p>\n<p>\u201cAs atividades serviram para mostrar aos banc\u00e1rios e \u00e0 sociedade as perversidades da proposta de reforma da Previd\u00eancia que o governo quer nos empurrar\u201d, explicou a presidenta da Confedera\u00e7\u00e3o Nacional dos Trabalhadores do Ramo Financeiro (Contraf-CUT), Juvandia Moreira.<\/p>\n<p>Para Juvandia, a proposta joga nas costas dos trabalhadores a responsabilidade por cobrir o que o governo alega ser o d\u00e9ficit da Previd\u00eancia. \u201cO que o governo diz ser d\u00e9ficit n\u00e3o existiria se n\u00e3o houve os desvios de recursos de impostos que deveriam ser destinados \u00e0 Previd\u00eancia e se cobrasse as d\u00edvidas de grandes devedores do INSS\u201d, afirmou.<\/p>\n<p>Juvandia disse ainda que, ao inv\u00e9s de jogar a conta para os trabalhadores, o governo deveria taxar grandes fortunas e instituir formas de arrecada\u00e7\u00e3o sobre a renda, com mais faixas de al\u00edquotas, e isentando quem ganha at\u00e9 R$ 5 mil. \u201cDurante a campanha, quando seu concorrente apresentou essa proposta, mesmo sem que estivesse em seu programa de governo, Bolsonaro correu para dizer que tamb\u00e9m faria isso. Temos que cobrar que ele cumpra sua promessa\u201d, lembrou a presidenta da Contraf-CUT.<\/p>\n<h3>S\u00e3o Paulo<\/h3>\n<p>Os banc\u00e1rios de S\u00e3o Paulo deram seu recado claro para o governo: n\u00e3o aceitar\u00e3o uma reforma na qual, se tiverem sorte, os trabalhadores ter\u00e3o que trabalhar mais para ganhar menos. Para chamar aten\u00e7\u00e3o da popula\u00e7\u00e3o do centro de S\u00e3o Paulo na manh\u00e3 de hoje (22), Dia Nacional de Luta em Defesa da Previd\u00eancia, os banc\u00e1rios recorreram a brincadeiras, jogos e performances. Milhares de trabalhadores se mobilizaram na capital para defender uma Previd\u00eancia p\u00fablica, solid\u00e1ria e para todos. No Grande ABC, o Sindicato realizou atividades juntamente com metal\u00fargicos da Ford e Mercedes-Benz, em S\u00e3o Bernardo.<\/p>\n<h3>Rio de Janeiro<\/h3>\n<p>Os banc\u00e1rios do Rio de Janeiro reuniram milhares de trabalhadores da Candel\u00e1ria \u00e0 Central, contra a proposta perversa de reforma da Previd\u00eancia e para defender o direito de se aposentar e receber um valor justo pela contribui\u00e7\u00e3o que d\u00e3o para o desenvolvimento do pa\u00eds.<\/p>\n<h3>Curitiba<\/h3>\n<p>Contra a proposta nefasta de reforma da Previd\u00eancia do governo, banc\u00e1rios e banc\u00e1rias de Curitiba lotaram as ruas da Boca Maldita com manifesta\u00e7\u00f5es e panfletagens. O ato mostrou a for\u00e7a da classe trabalhadora para barrar a proposta que acaba com a aposentadoria do trabalhador brasileiro.<\/p>\n<h3>Porto Alegre<\/h3>\n<p>As centrais no Rio Grande do Sul lan\u00e7aram um panfleto que explica os principais pontos da reforma e neste dia de mobiliza\u00e7\u00e3o, banc\u00e1rios de Porto Alegre dialogaram com a popula\u00e7\u00e3o mostrando as maldades da reforma da Previd\u00eancia proposta pelo governo. Banc\u00e1rios e banc\u00e1rias da regi\u00e3o forraram a Esquina Democr\u00e1tica num dia de resist\u00eancia para mostrar ao presidente Jair Bolsonaro (PSL) que a classe trabalhadora n\u00e3o vai aceitar a aprova\u00e7\u00e3o da proposta de reforma da Previd\u00eancia.<\/p>\n<h3>Pernambuco<\/h3>\n<p>Pelos direitos dos trabalhadores e contra a nefasta reforma da Previd\u00eancia, o Sindicato dos Banc\u00e1rios de Pernambuco paralisou parcialmente as atividades de 19 ag\u00eancias banc\u00e1rias, no Recife (PE), neste Dia Nacional de Luta em defesa da Previd\u00eancia (22). O ato faz parte da mobiliza\u00e7\u00e3o nacional, que visa impedir a aprova\u00e7\u00e3o da Proposta de Emenda \u00e0 Constitui\u00e7\u00e3o (6\/2019) do governo Bolsonaro, que dificulta o acesso \u00e0 aposentadoria e reduz os benef\u00edcios previdenci\u00e1rios.<\/p>\n<h3>Cear\u00e1<\/h3>\n<p>Unidos \u00e0s demais categorias de trabalhadores, banc\u00e1rios e banc\u00e1rias do Cear\u00e1 participaram do Dia Nacional de Luta e Mobiliza\u00e7\u00e3o em Defesa da Previd\u00eancia P\u00fablica, nesta sexta-feira, para dizer n\u00e3o \u00e0 PEC 06\/2019. Cerca de 30 mil trabalhadores compareceram \u00e0 Pra\u00e7a da Imprensa, no bairro Dion\u00edsio Torres, e sa\u00edram em caminhada at\u00e9 a Pra\u00e7a Portugal.<\/p>\n<h3>Piau\u00ed<\/h3>\n<p>No Piau\u00ed, a manifesta\u00e7\u00e3o reuniu Centrais Sindicais, sindicatos, associa\u00e7\u00f5es e movimentos sociais e populares que se concentraram em frente ao pr\u00e9dio da Previd\u00eancia Social e seguiram pelas ruas do Centro de Teresina. Uma marcha unindo a todos em defesa do direito a uma aposentadoria digna e contra essa proposta de reforma apresentada pelo governo Bolsonaro.<\/p>\n<h3>Para\u00edba<\/h3>\n<p>Em Campina Grande, o ato p\u00fablico organizado pelas centrais sindicais e movimentos populares teve in\u00edcio \u00e0s 9h, na Pra\u00e7a da Bandeira. Em seguida, os trabalhadores sa\u00edram pelas principais ruas da cidade, munidos de faixas e cartazes, chamando a aten\u00e7\u00e3o da popula\u00e7\u00e3o contra os preju\u00edzos da reforma.<\/p>\n<p><a href=\"http:\/\/www.vidabancaria.com.br\/previdencia\/noticia\/22\/3\/2019\/entidades-vao-a-rua-no-dia-de-luta-em-defesa-da-previdencia\">Apucarana<\/a><\/p>\n<p><a href=\"http:\/\/www.vidabancaria.com.br\/previdencia\/noticia\/22\/3\/2019\/sindicato-de-londrina-mobiliza-usuarios-do-transporte-coletivo\">Londrina<\/a><\/p>\n<p><a href=\"http:\/\/www.vidabancaria.com.br\/previdencia\/noticia\/22\/3\/2019\/arrastao-nos-bancos-busca-apoio-para-defender-a-aposentadoria\">Corn\u00e9lio Proc\u00f3pio<\/a><\/p>\n<p><a href=\"http:\/\/www.vidabancaria.com.br\/previdencia\/noticia\/22\/3\/2019\/atividade-na-caixa-em-arapoti-mobiliza-populacao-contra-a-reforma-da-previdencia\">Arapoti<\/a><\/p>\n<p><a href=\"https:\/\/bancarios.com.br\/s\/trabalhadores-se-mobilizam-contra-reforma-da-previdencia-em-conquista\/\">Vit\u00f3ria da Conquista<\/a><\/p>\n<p>\u00a0<\/p>\n<p><strong>Fonte: Contraf-CUT<\/strong><\/p>\n<\/div>\n<\/div>\n","protected":false},"excerpt":{"rendered":"<p>Os banc\u00e1rios de todo o Brasil atenderam ao chamado das centrais sindicais e sa\u00edram \u00e0s ruas para dizer n\u00e3o \u00e0 reforma da Previd\u00eancia, proposta pelo governo, que restringe o acesso \u00e0 aposentadoria e reduz o valor do benef\u00edcio, prejudicando milh\u00f5es de pessoas, especialmente os que come\u00e7am a trabalhar mais cedo, e os idosos que vivem [&hellip;]<\/p>\n","protected":false},"author":2,"featured_media":6329,"comment_status":"","ping_status":"","sticky":false,"template":"","format":"standard","meta":{"footnotes":""},"categories":[3],"tags":[],"class_list":["post-6330","post","type-post","status-publish","format-standard","has-post-thumbnail","hentry","category-noticias"],"_links":{"self":[{"href":"https:\/\/hostnetart.com.br\/baixada\/wp-json\/wp\/v2\/posts\/6330","targetHints":{"allow":["GET"]}}],"collection":[{"href":"https:\/\/hostnetart.com.br\/baixada\/wp-json\/wp\/v2\/posts"}],"about":[{"href":"https:\/\/hostnetart.com.br\/baixada\/wp-json\/wp\/v2\/types\/post"}],"author":[{"embeddable":true,"href":"https:\/\/hostnetart.com.br\/baixada\/wp-json\/wp\/v2\/users\/2"}],"replies":[{"embeddable":true,"href":"https:\/\/hostnetart.com.br\/baixada\/wp-json\/wp\/v2\/comments?post=6330"}],"version-history":[{"count":0,"href":"https:\/\/hostnetart.com.br\/baixada\/wp-json\/wp\/v2\/posts\/6330\/revisions"}],"wp:featuredmedia":[{"embeddable":true,"href":"https:\/\/hostnetart.com.br\/baixada\/wp-json\/wp\/v2\/media\/6329"}],"wp:attachment":[{"href":"https:\/\/hostnetart.com.br\/baixada\/wp-json\/wp\/v2\/media?parent=6330"}],"wp:term":[{"taxonomy":"category","embeddable":true,"href":"https:\/\/hostnetart.com.br\/baixada\/wp-json\/wp\/v2\/categories?post=6330"},{"taxonomy":"post_tag","embeddable":true,"href":"https:\/\/hostnetart.com.br\/baixada\/wp-json\/wp\/v2\/tags?post=6330"}],"curies":[{"name":"wp","href":"https:\/\/api.w.org\/{rel}","templated":true}]}}