{"id":633,"date":"2015-01-14T16:38:00","date_gmt":"2015-01-14T18:38:00","guid":{"rendered":"https:\/\/hostnetart.com.br\/baixada\/contraf-critica-aumentos-no-plano-de-saude-do-santander-sem-negociacao\/"},"modified":"2015-01-14T16:38:00","modified_gmt":"2015-01-14T18:38:00","slug":"contraf-critica-aumentos-no-plano-de-saude-do-santander-sem-negociacao","status":"publish","type":"post","link":"https:\/\/hostnetart.com.br\/baixada\/contraf-critica-aumentos-no-plano-de-saude-do-santander-sem-negociacao\/","title":{"rendered":"Contraf critica aumentos no plano de sa\u00fade do Santander sem negocia\u00e7\u00e3o"},"content":{"rendered":"<p><span style=\"color: #464646;\">Os funcion\u00e1rios do Santander est\u00e3o indignados com reajustes no plano de sa\u00fade aplicados desde dezembro do ano passado. O Bradesco Sa\u00fade \u2013 conv\u00eanio que hoje atende a maioria dos trabalhadores do Santander, chegando a 80% em S\u00e3o Paulo, Osasco e regi\u00e3o \u2013 aumentou as mensalidades em 20% para funcion\u00e1rios da ativa e aposentados, e ainda elevou a coparticipa\u00e7\u00e3o, cobrada em determinados atendimentos, de 15% para 20%.<\/span><br style=\"color: #464646;\" \/><br style=\"color: #464646;\" \/><span style=\"color: #464646;\">As altera\u00e7\u00f5es foram mais uma vez feitas sem nenhuma negocia\u00e7\u00e3o com a Contraf-CUT, federa\u00e7\u00f5es e sindicatos. \u201cAs entidades sindicais s\u00e3o leg\u00edtimas representantes dos trabalhadores e as mudan\u00e7as envolvendo planos de sa\u00fade precisam ser negociadas\u201d, afirma o secret\u00e1rio de imprensa da Contraf-CUT, Ademir Wiederkehr, lembrando que outros bancos t\u00eam feito discuss\u00f5es com os dirigentes sindicatos sobre o assunto.<\/span><br style=\"color: #464646;\" \/><br style=\"color: #464646;\" \/><span style=\"color: #464646;\">\u201cEm que pese a gente ter solicitado negocia\u00e7\u00e3o sobre o tema, inclusive nas mesas de discuss\u00e3o do acordo aditivo, o banco aumentou unilateralmente as mensalidades e a coparticipa\u00e7\u00e3o, prejudicando os assistidos severamente\u201d, salienta a diretora executiva do Sindicato dos Banc\u00e1rios de S\u00e3o Paulo, Vera Marchioni.\u00a0<\/span><br style=\"color: #464646;\" \/><br style=\"color: #464646;\" \/><span style=\"color: #464646;\">\u201cNossa reivindica\u00e7\u00e3o \u00e9 que qualquer mudan\u00e7a seja discutida com o Sindicato, j\u00e1 que os trabalhadores s\u00e3o parte do contrato\u201d, afirma. Os aposentados s\u00e3o os mais afetados porque pagam o plano integralmente, sem contribui\u00e7\u00e3o alguma da institui\u00e7\u00e3o financeira.\u00a0<\/span><br style=\"color: #464646;\" \/><br style=\"color: #464646;\" \/><span style=\"color: #464646;\">O Sindicato dos Banc\u00e1rios de S\u00e3o Paulo notificou o Santander extrajudicialmente no \u00faltimo dia 24 de dezembro para pedir nulidade dos aumentos e esclarecimentos sobre negocia\u00e7\u00e3o de contrato entre o Santander e a Bradesco Sa\u00fade. \u201cAt\u00e9 agora, o Santander n\u00e3o nos deu resposta. Assim, estamos tomando outras medidas cab\u00edveis, inclusive jur\u00eddicas, para que esse aumento abusivo seja revisto\u201d, enfatiza Vera.\u00a0<\/span><br style=\"color: #464646;\" \/><br style=\"color: #464646;\" \/><br style=\"color: #464646;\" \/><span style=\"color: #464646;\">Fonte: Contraf-CUT com Seeb S\u00e3o Paulo<\/span><\/p>\n","protected":false},"excerpt":{"rendered":"<p>Os funcion\u00e1rios do Santander est\u00e3o indignados com reajustes no plano de sa\u00fade aplicados desde dezembro do ano passado. O Bradesco Sa\u00fade \u2013 conv\u00eanio que hoje atende a maioria dos trabalhadores do Santander, chegando a 80% em S\u00e3o Paulo, Osasco e regi\u00e3o \u2013 aumentou as mensalidades em 20% para funcion\u00e1rios da ativa e aposentados, e ainda [&hellip;]<\/p>\n","protected":false},"author":1,"featured_media":0,"comment_status":"","ping_status":"","sticky":false,"template":"","format":"standard","meta":{"footnotes":""},"categories":[3],"tags":[],"class_list":["post-633","post","type-post","status-publish","format-standard","hentry","category-noticias"],"_links":{"self":[{"href":"https:\/\/hostnetart.com.br\/baixada\/wp-json\/wp\/v2\/posts\/633","targetHints":{"allow":["GET"]}}],"collection":[{"href":"https:\/\/hostnetart.com.br\/baixada\/wp-json\/wp\/v2\/posts"}],"about":[{"href":"https:\/\/hostnetart.com.br\/baixada\/wp-json\/wp\/v2\/types\/post"}],"author":[{"embeddable":true,"href":"https:\/\/hostnetart.com.br\/baixada\/wp-json\/wp\/v2\/users\/1"}],"replies":[{"embeddable":true,"href":"https:\/\/hostnetart.com.br\/baixada\/wp-json\/wp\/v2\/comments?post=633"}],"version-history":[{"count":0,"href":"https:\/\/hostnetart.com.br\/baixada\/wp-json\/wp\/v2\/posts\/633\/revisions"}],"wp:attachment":[{"href":"https:\/\/hostnetart.com.br\/baixada\/wp-json\/wp\/v2\/media?parent=633"}],"wp:term":[{"taxonomy":"category","embeddable":true,"href":"https:\/\/hostnetart.com.br\/baixada\/wp-json\/wp\/v2\/categories?post=633"},{"taxonomy":"post_tag","embeddable":true,"href":"https:\/\/hostnetart.com.br\/baixada\/wp-json\/wp\/v2\/tags?post=633"}],"curies":[{"name":"wp","href":"https:\/\/api.w.org\/{rel}","templated":true}]}}