{"id":6326,"date":"2019-03-25T15:20:37","date_gmt":"2019-03-25T18:20:37","guid":{"rendered":"https:\/\/hostnetart.com.br\/baixada\/contraf-cut-se-reune-com-presidente-da-caixa-na-terca-feira-26\/"},"modified":"2019-03-25T15:20:37","modified_gmt":"2019-03-25T18:20:37","slug":"contraf-cut-se-reune-com-presidente-da-caixa-na-terca-feira-26","status":"publish","type":"post","link":"https:\/\/hostnetart.com.br\/baixada\/contraf-cut-se-reune-com-presidente-da-caixa-na-terca-feira-26\/","title":{"rendered":"Contraf-CUT se re\u00fane com presidente da Caixa na ter\u00e7a-feira (26)"},"content":{"rendered":"<p>Depois da cobran\u00e7a da Confedera\u00e7\u00e3o Nacional dos Trabalhadores do Ramo Financeiro (Contraf-CUT) e de atividade nacional dos empregados, o presidente da Caixa, Pedro Guimar\u00e3es, finalmente marcou audi\u00eancia com os representantes dos trabalhadores na pr\u00f3xima ter\u00e7a-feira (26).<\/p>\n<p>A Comiss\u00e3o Executiva dos Empregados (CEE) da Caixa Econ\u00f4mica Federal reivindica que seja interrompida reestrutura\u00e7\u00e3o na empresa e que o banco assuma o compromisso de comunicar previamente a Contraf-CUT e a CEE, antes de comunicar a implementa\u00e7\u00e3o de novos processos de trabalho aos empregados.<\/p>\n<p>Dion\u00edsio Reis, coordenador da CEE, lembra que, nos termos da cl\u00e1usula 48, par\u00e1grafo segundo, no ACT 2018\/202, a Caixa se comprometeu a discutir quaisquer \u201cimpactos na vida funcional dos empregados, decorrentes da implanta\u00e7\u00e3o de novos processos de trabalho pela empresa\u201d. <\/p>\n<p>\u201cO debate junto \u00e0 mesa de negocia\u00e7\u00e3o permanente \u00e9 imprescind\u00edvel, qualquer mudan\u00e7a a ser implementada deve resguardar os direitos dos empregados, bem como a sa\u00fade f\u00edsica e mental\u201d, afirmou. \u201cVamos cobrar tamb\u00e9m o que \u00e9 verdade do que foi veiculado pela imprensa de manobra no lucro e quando vira o balan\u00e7o do banco e a PLR\u201d, finalizou.<\/p>\n<p>\u00a0<\/p>\n<p><strong>Fonte: Contraf-CUT<\/strong><\/p>\n","protected":false},"excerpt":{"rendered":"<p>Depois da cobran\u00e7a da Confedera\u00e7\u00e3o Nacional dos Trabalhadores do Ramo Financeiro (Contraf-CUT) e de atividade nacional dos empregados, o presidente da Caixa, Pedro Guimar\u00e3es, finalmente marcou audi\u00eancia com os representantes dos trabalhadores na pr\u00f3xima ter\u00e7a-feira (26). A Comiss\u00e3o Executiva dos Empregados (CEE) da Caixa Econ\u00f4mica Federal reivindica que seja interrompida reestrutura\u00e7\u00e3o na empresa e que [&hellip;]<\/p>\n","protected":false},"author":2,"featured_media":6325,"comment_status":"","ping_status":"","sticky":false,"template":"","format":"standard","meta":{"footnotes":""},"categories":[3],"tags":[],"class_list":["post-6326","post","type-post","status-publish","format-standard","has-post-thumbnail","hentry","category-noticias"],"_links":{"self":[{"href":"https:\/\/hostnetart.com.br\/baixada\/wp-json\/wp\/v2\/posts\/6326","targetHints":{"allow":["GET"]}}],"collection":[{"href":"https:\/\/hostnetart.com.br\/baixada\/wp-json\/wp\/v2\/posts"}],"about":[{"href":"https:\/\/hostnetart.com.br\/baixada\/wp-json\/wp\/v2\/types\/post"}],"author":[{"embeddable":true,"href":"https:\/\/hostnetart.com.br\/baixada\/wp-json\/wp\/v2\/users\/2"}],"replies":[{"embeddable":true,"href":"https:\/\/hostnetart.com.br\/baixada\/wp-json\/wp\/v2\/comments?post=6326"}],"version-history":[{"count":0,"href":"https:\/\/hostnetart.com.br\/baixada\/wp-json\/wp\/v2\/posts\/6326\/revisions"}],"wp:featuredmedia":[{"embeddable":true,"href":"https:\/\/hostnetart.com.br\/baixada\/wp-json\/wp\/v2\/media\/6325"}],"wp:attachment":[{"href":"https:\/\/hostnetart.com.br\/baixada\/wp-json\/wp\/v2\/media?parent=6326"}],"wp:term":[{"taxonomy":"category","embeddable":true,"href":"https:\/\/hostnetart.com.br\/baixada\/wp-json\/wp\/v2\/categories?post=6326"},{"taxonomy":"post_tag","embeddable":true,"href":"https:\/\/hostnetart.com.br\/baixada\/wp-json\/wp\/v2\/tags?post=6326"}],"curies":[{"name":"wp","href":"https:\/\/api.w.org\/{rel}","templated":true}]}}