{"id":6324,"date":"2019-03-25T15:16:52","date_gmt":"2019-03-25T18:16:52","guid":{"rendered":"https:\/\/hostnetart.com.br\/baixada\/santander-trabalhadores-cobram-canal-de-comunicacao-com-o-banco\/"},"modified":"2019-03-25T15:16:52","modified_gmt":"2019-03-25T18:16:52","slug":"santander-trabalhadores-cobram-canal-de-comunicacao-com-o-banco","status":"publish","type":"post","link":"https:\/\/hostnetart.com.br\/baixada\/santander-trabalhadores-cobram-canal-de-comunicacao-com-o-banco\/","title":{"rendered":"Santander: Trabalhadores cobram canal de comunica\u00e7\u00e3o com o banco"},"content":{"rendered":"<div class=\"elementor-element elementor-element-194680ec elementor-widget elementor-widget-theme-post-content\" data-id=\"194680ec\" data-element_type=\"widget\" data-widget_type=\"theme-post-content.default\">\n<div class=\"elementor-widget-container\">\n<p>Depois de muita insist\u00eancia, a Confedera\u00e7\u00e3o Nacional dos Trabalhadores do Ramo Financeiro (Contraf-CUT) conseguiu se reunir, na manh\u00e3 desta sexta-feira (22), com a vice-presidente de Recursos Humanos do Santander, Vanessa Lobato, e tamb\u00e9m teve a participa\u00e7\u00e3o da diretora de Rela\u00e7\u00f5es Sindicais, Fabiana Ribeiro.<\/p>\n<p>\u201cA interface \u00e9 feita pela diretoria de Rela\u00e7\u00f5es Sindicais, mas o di\u00e1logo est\u00e1 esgotado. Nos \u00faltimos meses, relatamos diversos problemas vividos pelos trabalhadores, mas n\u00e3o h\u00e1 nenhuma solu\u00e7\u00e3o ou contraproposta. Por isso, resolvemos falar direto com a vice-presid\u00eancia de Recursos Humanos\u201d, explicou Mario Raia, secret\u00e1rio de Assuntos S\u00f3cioecon\u00f4micos e representante da Contraf-CUT na mesa de negocia\u00e7\u00f5es com o banco.<\/p>\n<p>A situa\u00e7\u00e3o \u00e9 t\u00e3o grave, que assuntos como, a cria\u00e7\u00e3o de regras e cronograma para a unifica\u00e7\u00e3o de cargos nas ag\u00eancias; a abertura de ag\u00eancias aos finais de semana e a implanta\u00e7\u00e3o de hor\u00e1rio estendido durante a semana; o aumento abusivo da mensalidade e a coparticipa\u00e7\u00e3o no conv\u00eanio de sa\u00fade Sulam\u00e9ria; a retirada das portas de seguran\u00e7a nas ag\u00eancias, o descumprimento do acordo de pausa e folgas nos call centers; o desconto vari\u00e1vel na folha de pagamento dos trabalhadores do Vila Santander; e a altera\u00e7\u00e3o da bandeira dos vales alimenta\u00e7\u00e3o e refei\u00e7\u00e3o est\u00e3o pendentes na pauta com a diretoria de rela\u00e7\u00f5es sindicais h\u00e1 meses.<\/p>\n<p>O dirigente da Contraf-CUT disse ainda que, al\u00e9m de buscar a resolu\u00e7\u00e3o dos problemas dos trabalhadores, a reuni\u00e3o serviu para tentar reestabelecer o canal de negocia\u00e7\u00f5es com o banco. \u201cValorizamos muito a via negocial. Sabemos que cada um vai defender sua parte, mas acreditamos que muitos dos problemas podem ser resolvidos a partir da negocia\u00e7\u00e3o. Por isso, n\u00e3o entendemos e n\u00e3o aceitamos ver medidas sendo implementadas pelo banco sem a pr\u00e9via negocia\u00e7\u00e3o com as entidades de representa\u00e7\u00e3o dos trabalhadores\u201d, afirmou Rita Berlofa, presidenta mundial de Uni Finan\u00e7as.<\/p>\n<p>Maria Rosani, coordenadora nacional da Comiss\u00e3o de Organiza\u00e7\u00e3o dos Empregados (COE) Santander, lembrou que \u201cessa postura, inclusive, fere o que diz nosso Acordo Coletivo de Trabalho (ACT), que determina que o banco comunique previamente as entidades de representa\u00e7\u00e3o dos trabalhadores as medidas a serem tomadas que interfiram nas rela\u00e7\u00f5es de trabalho\u201d, concluiu.<\/p>\n<p>Participou tamb\u00e9m da reuni\u00e3o Lucimara Malaquias, coordenadora do Coletivo Santander no Sindicato dos Banc\u00e1rios de S\u00e3o Paulo, Osasco e Regi\u00e3o.<\/p>\n<p>\u00a0<\/p>\n<p><strong>Fonte: Contraf-CUT<\/strong><\/p>\n<\/div>\n<\/div>\n","protected":false},"excerpt":{"rendered":"<p>Depois de muita insist\u00eancia, a Confedera\u00e7\u00e3o Nacional dos Trabalhadores do Ramo Financeiro (Contraf-CUT) conseguiu se reunir, na manh\u00e3 desta sexta-feira (22), com a vice-presidente de Recursos Humanos do Santander, Vanessa Lobato, e tamb\u00e9m teve a participa\u00e7\u00e3o da diretora de Rela\u00e7\u00f5es Sindicais, Fabiana Ribeiro. \u201cA interface \u00e9 feita pela diretoria de Rela\u00e7\u00f5es Sindicais, mas o di\u00e1logo [&hellip;]<\/p>\n","protected":false},"author":2,"featured_media":6323,"comment_status":"","ping_status":"","sticky":false,"template":"","format":"standard","meta":{"footnotes":""},"categories":[3],"tags":[],"class_list":["post-6324","post","type-post","status-publish","format-standard","has-post-thumbnail","hentry","category-noticias"],"_links":{"self":[{"href":"https:\/\/hostnetart.com.br\/baixada\/wp-json\/wp\/v2\/posts\/6324","targetHints":{"allow":["GET"]}}],"collection":[{"href":"https:\/\/hostnetart.com.br\/baixada\/wp-json\/wp\/v2\/posts"}],"about":[{"href":"https:\/\/hostnetart.com.br\/baixada\/wp-json\/wp\/v2\/types\/post"}],"author":[{"embeddable":true,"href":"https:\/\/hostnetart.com.br\/baixada\/wp-json\/wp\/v2\/users\/2"}],"replies":[{"embeddable":true,"href":"https:\/\/hostnetart.com.br\/baixada\/wp-json\/wp\/v2\/comments?post=6324"}],"version-history":[{"count":0,"href":"https:\/\/hostnetart.com.br\/baixada\/wp-json\/wp\/v2\/posts\/6324\/revisions"}],"wp:featuredmedia":[{"embeddable":true,"href":"https:\/\/hostnetart.com.br\/baixada\/wp-json\/wp\/v2\/media\/6323"}],"wp:attachment":[{"href":"https:\/\/hostnetart.com.br\/baixada\/wp-json\/wp\/v2\/media?parent=6324"}],"wp:term":[{"taxonomy":"category","embeddable":true,"href":"https:\/\/hostnetart.com.br\/baixada\/wp-json\/wp\/v2\/categories?post=6324"},{"taxonomy":"post_tag","embeddable":true,"href":"https:\/\/hostnetart.com.br\/baixada\/wp-json\/wp\/v2\/tags?post=6324"}],"curies":[{"name":"wp","href":"https:\/\/api.w.org\/{rel}","templated":true}]}}