{"id":6322,"date":"2019-03-22T17:04:32","date_gmt":"2019-03-22T20:04:32","guid":{"rendered":"https:\/\/hostnetart.com.br\/baixada\/arbitrariedades-da-lava-jato-legitimam-sistema-que-ja-pune-os-mais-pobres\/"},"modified":"2019-03-22T17:04:32","modified_gmt":"2019-03-22T20:04:32","slug":"arbitrariedades-da-lava-jato-legitimam-sistema-que-ja-pune-os-mais-pobres","status":"publish","type":"post","link":"https:\/\/hostnetart.com.br\/baixada\/arbitrariedades-da-lava-jato-legitimam-sistema-que-ja-pune-os-mais-pobres\/","title":{"rendered":"Arbitrariedades da Lava Jato legitimam sistema que j\u00e1 pune os mais pobres"},"content":{"rendered":"<p>Pirotecnia e arbitrariedade. Sem defender o ex-presidente Michel\u00a0<strong>Temer<\/strong>\u00a0ou entrar no m\u00e9rito das acusa\u00e7\u00f5es que lhe s\u00e3o feitas, o advogado Andr\u00e9 Lozano, coordenador do Departamento de Inicia\u00e7\u00e3o Cient\u00edfica do Instituto Brasileiro de Ci\u00eancias Criminais (IBCCrim), diz ver com muita preocupa\u00e7\u00e3o\u00a0<a class=\"internal-link\" title=\"\" href=\"https:\/\/www.redebrasilatual.com.br\/politica\/2019\/03\/forca-tarefa-diz-que-quadrilha-atua-ha-40-anos-rodrigo-maia-suspende-agenda\" target=\"_blank\" rel=\"noopener noreferrer\">as pris\u00f5es realizadas<\/a>\u00a0pela\u00a0<strong>Opera\u00e7\u00e3o Lava Jato<\/strong>\u00a0nesta quinta-feira (21).\u00a0<\/p>\n<p>\u201cTodas as cautelas devem ser tomadas, principalmente a necessidade e a fundamenta\u00e7\u00e3o dessas pris\u00f5es. E n\u00e3o houve nenhuma justificativa plaus\u00edvel para que a pris\u00e3o preventiva fosse decretada\u201d, afirma Lozano, em entrevista aos jornalistas Marilu Caba\u00f1as e Glauco Faria, da\u00a0<strong>R\u00e1dio Brasil Atual<\/strong>.\u00a0<\/p>\n<p>Segundo ele, os elementos determinados pelo artigo 312 do C\u00f3digo de Processo Penal para a realiza\u00e7\u00e3o de uma pris\u00e3o preventiva, ou seja, antes do julgamento e da condena\u00e7\u00e3o, possa ser decretada, n\u00e3o est\u00e3o presentes na decis\u00e3o do juiz Marcelo Bretas. Entre tais elementos, explica o advogado, est\u00e1 o ind\u00edcio de que a pessoa possa cometer outros crimes, haver risco de fuga para que a pena n\u00e3o seja aplicada e atrapalhar o bom andamento do processo, como amea\u00e7ar testemunhas ou destruir provas.\u00a0<\/p>\n<p>\u201cO juiz deve decretar a pris\u00e3o com base nestes requisitos, mostrando como a lei se aplica no caso concreto, elementos do que os acusados est\u00e3o fazendo e que justificam a pris\u00e3o. E nas 46 p\u00e1ginas da decis\u00e3o do juiz Bretas, n\u00e3o existe uma linha em que ele demonstre concretamente que a pris\u00e3o \u00e9 necess\u00e1ria.\u201d\u00a0<\/p>\n<p>Al\u00e9m da aus\u00eancia dos elementos exigidos pela lei para decretar a pris\u00e3o preventiva, o coordenador do IBCCrim tamb\u00e9m critica o aparato policial e midi\u00e1tico montado para prender Temer e o ex-ministro Moreira Franco.\u00a0<\/p>\n<p>\u201cEles usam toda a pirotecnia que podem para aparecer, para demonstrar que a Lava Jato est\u00e1 atuando. Eles fazem isso para conseguir a aten\u00e7\u00e3o e a aprova\u00e7\u00e3o da popula\u00e7\u00e3o, eles trabalham com o populismo penal\u201d, afirma Andr\u00e9 Lozano. Para ele, tanto a pris\u00e3o arbitr\u00e1ria quanto o aparato policial legitimam um sistema que j\u00e1 exclui os mais pobres, para quem esse tipo de arbitrariedade j\u00e1 acontece normalmente.\u00a0<\/p>\n<p>\u00a0<\/p>\n<p><span style=\"text-decoration: underline;\"><strong>Fonte: Rede Brasil Atual<\/strong><\/span><\/p>\n","protected":false},"excerpt":{"rendered":"<p>Pirotecnia e arbitrariedade. Sem defender o ex-presidente Michel\u00a0Temer\u00a0ou entrar no m\u00e9rito das acusa\u00e7\u00f5es que lhe s\u00e3o feitas, o advogado Andr\u00e9 Lozano, coordenador do Departamento de Inicia\u00e7\u00e3o Cient\u00edfica do Instituto Brasileiro de Ci\u00eancias Criminais (IBCCrim), diz ver com muita preocupa\u00e7\u00e3o\u00a0as pris\u00f5es realizadas\u00a0pela\u00a0Opera\u00e7\u00e3o Lava Jato\u00a0nesta quinta-feira (21).\u00a0 \u201cTodas as cautelas devem ser tomadas, principalmente a necessidade e [&hellip;]<\/p>\n","protected":false},"author":2,"featured_media":6321,"comment_status":"","ping_status":"","sticky":false,"template":"","format":"standard","meta":{"footnotes":""},"categories":[3],"tags":[],"class_list":["post-6322","post","type-post","status-publish","format-standard","has-post-thumbnail","hentry","category-noticias"],"_links":{"self":[{"href":"https:\/\/hostnetart.com.br\/baixada\/wp-json\/wp\/v2\/posts\/6322","targetHints":{"allow":["GET"]}}],"collection":[{"href":"https:\/\/hostnetart.com.br\/baixada\/wp-json\/wp\/v2\/posts"}],"about":[{"href":"https:\/\/hostnetart.com.br\/baixada\/wp-json\/wp\/v2\/types\/post"}],"author":[{"embeddable":true,"href":"https:\/\/hostnetart.com.br\/baixada\/wp-json\/wp\/v2\/users\/2"}],"replies":[{"embeddable":true,"href":"https:\/\/hostnetart.com.br\/baixada\/wp-json\/wp\/v2\/comments?post=6322"}],"version-history":[{"count":0,"href":"https:\/\/hostnetart.com.br\/baixada\/wp-json\/wp\/v2\/posts\/6322\/revisions"}],"wp:featuredmedia":[{"embeddable":true,"href":"https:\/\/hostnetart.com.br\/baixada\/wp-json\/wp\/v2\/media\/6321"}],"wp:attachment":[{"href":"https:\/\/hostnetart.com.br\/baixada\/wp-json\/wp\/v2\/media?parent=6322"}],"wp:term":[{"taxonomy":"category","embeddable":true,"href":"https:\/\/hostnetart.com.br\/baixada\/wp-json\/wp\/v2\/categories?post=6322"},{"taxonomy":"post_tag","embeddable":true,"href":"https:\/\/hostnetart.com.br\/baixada\/wp-json\/wp\/v2\/tags?post=6322"}],"curies":[{"name":"wp","href":"https:\/\/api.w.org\/{rel}","templated":true}]}}