{"id":6320,"date":"2019-03-22T14:11:29","date_gmt":"2019-03-22T17:11:29","guid":{"rendered":"https:\/\/hostnetart.com.br\/baixada\/trabalhadores-vao-as-ruas-nesta-sexta-dizer-nao-a-reforma-da-previdencia\/"},"modified":"2019-03-22T14:11:29","modified_gmt":"2019-03-22T17:11:29","slug":"trabalhadores-vao-as-ruas-nesta-sexta-dizer-nao-a-reforma-da-previdencia","status":"publish","type":"post","link":"https:\/\/hostnetart.com.br\/baixada\/trabalhadores-vao-as-ruas-nesta-sexta-dizer-nao-a-reforma-da-previdencia\/","title":{"rendered":"Trabalhadores v\u00e3o \u00e0s ruas nesta sexta dizer n\u00e3o \u00e0 &#8216;reforma&#8217; da Previd\u00eancia"},"content":{"rendered":"<p class=\" \">Todos os estados do pa\u00eds e o Distrito Federal organizam manifesta\u00e7\u00f5es para o\u00a0<a class=\"external-link\" title=\"\" href=\"http:\/\/minhaaposentadoria.net.br\/centrais-protestos-22-de-marco\/\" target=\"_blank\" rel=\"noopener noreferrer\">Dia Nacional de Luta em Defesa da Previd\u00eancia<\/a>, nesta sexta-feira (22), em resposta \u00e0 proposta de &#8220;reforma&#8221; apresentada pelo governo de Jair\u00a0<strong>Bolsonaro<\/strong>. Ao todo, atos, panfletagens e outras a\u00e7\u00f5es\u00a0<a class=\"internal-link\" title=\"\" href=\"https:\/\/www.redebrasilatual.com.br\/trabalho\/2019\/03\/reforma-da-previdencia-joga-onus-da-crise-nos-trabalhadores\" target=\"_blank\" rel=\"noopener noreferrer\">contra a retirada de direitos<\/a>\u00a0devem ocorrer ao menos em 78 cidades brasileiras.<\/p>\n<p class=\" \">Na capital paulista, a concentra\u00e7\u00e3o est\u00e1 marcada para as 17h, em frente ao Masp, na Avenida Paulista. Na regi\u00e3o do ABC, haver\u00e1 passeata logo cedo saindo da f\u00e1brica da Ford, em S\u00e3o Bernardo do Campo. No Rio de Janeiro, o ato ocorre \u00e0s 16h, na Candel\u00e1ria, regi\u00e3o central. Em Belo Horizonte, a manifesta\u00e7\u00e3o come\u00e7a tamb\u00e9m \u00e0s 17h na Pra\u00e7a Sete, no centro da cidade. H\u00e1 ainda na parte da manh\u00e3 atividades nos bairros Barreiro e Venda Nova.<\/p>\n<p class=\" \">Reuni\u00e3o, semin\u00e1rios, assembleias, atos e paralisa\u00e7\u00f5es est\u00e3o previstas para denunciar os riscos dos trabalhadores com a\u00a0<a class=\"external-link\" title=\"\" href=\"http:\/\/minhaaposentadoria.net.br\/noticias\" target=\"_blank\" rel=\"noopener noreferrer\">&#8220;reforma&#8221; da Previd\u00eancia<\/a>\u00a0em Bras\u00edlia, al\u00e9m do ato agendado para as 17h, na Pra\u00e7a Zumbi dos Palmares, no Setor de Divers\u00f5es Sul. Em Manaus, a concentra\u00e7\u00e3o est\u00e1 prevista para as 15h, na Pra\u00e7a da Pol\u00edcia e deve seguir at\u00e9 a Pra\u00e7a da Matriz, no centro.<\/p>\n<p class=\" \">Al\u00e9m das capitais, outras 51 cidades das regi\u00f5es metropolitanas e no interior tamb\u00e9m programam atos contra a &#8220;reforma&#8221; da Previd\u00eancia. As ades\u00f5es \u00e0s atividades tamb\u00e9m acontecem por categorias, como os banc\u00e1rios, que abrir\u00e3o o dia de manifesta\u00e7\u00f5es com diversas atividades em ag\u00eancias e concentra\u00e7\u00f5es de trabalhadores do ramo financeiro, de acordo com informa\u00e7\u00f5es da\u00a0<a class=\"external-link\" title=\"\" href=\"https:\/\/contrafcut.com.br\/noticias\/trabalhadores-vao-as-ruas-contra-a-reforma-da-previdencia\/\" target=\"_blank\" rel=\"noopener noreferrer\">Confedera\u00e7\u00e3o Nacional dos Trabalhadores do Ramo Financeiro (Contraf-CUT<\/a>). Desde ter\u00e7a-feira (19), por meio do\u00a0<a class=\"external-link\" title=\"\" href=\"http:\/\/spbancarios.com.br\/03\/2019\/em-defesa-da-previdencia-sindicato-nas-ruas\" target=\"_blank\" rel=\"noopener noreferrer\">Sindicato dos Banc\u00e1rios<\/a>\u00a0de S\u00e3o Paulo, Osasco e Regi\u00e3o, a categoria tem se articulado na regi\u00e3o central da cidade para alertar a popula\u00e7\u00e3o sobre os riscos da proposta de destrui\u00e7\u00e3o da Previd\u00eancia pelo governo Bolsonaro.<\/p>\n<p class=\" \">Com o mesmo intuito, a CUT lan\u00e7ou ainda uma campanha e um\u00a0<em>site\u00a0<\/em>&#8220;<a class=\"external-link\" title=\"\" href=\"http:\/\/reajaagora.org.br\/\" target=\"_blank\" rel=\"noopener noreferrer\">Reaja agora&#8221;<\/a>\u00a0informando sobre os pontos da &#8220;reforma&#8221; e seus impactos sobre os trabalhadores, al\u00e9m de pe\u00e7as e materiais informativos que podem ser acessados por\u00a0<a class=\"external-link\" title=\"\" href=\"https:\/\/www.cut.org.br\/acao\/22-de-marco-dia-nacional-de-luta-em-defesa-da-previdencia-4148\" target=\"_blank\" rel=\"noopener noreferrer\">aqui<\/a>.\u00a0<\/p>\n<p class=\" \">Toda a mobiliza\u00e7\u00e3o \u00e9, no entanto, um &#8220;esquenta&#8221; para uma greve geral, caso a proposta de retirada dos direitos trabalhistas seja levada adiante pelo Congresso. A exemplo das paralisa\u00e7\u00f5es que ocorreram em 28 de abril de 2017, os dirigentes sindicais e movimentos sociais avaliam a campanha como um passo essencial para frear os retrocessos do governo Bolsonaro.<\/p>\n<p class=\" \"><span class=\"discreet\">Com informa\u00e7\u00f5es da CUT<\/span><\/p>\n<p class=\" \"><b>Confira a programa\u00e7\u00e3o completa dos atos<\/b><\/p>\n<p><b>Acre<\/b><br \/>Boa Vista: Pal\u00e1cio do Rio Branco, \u00e0s 8h<\/p>\n<p><b>Alagoas<\/b><br \/>Macei\u00f3: Pra\u00e7a Centen\u00e1rio, \u00e0s 15h<br \/>Arapiraca: Pra\u00e7a da Prefeitura, \u00e0s 9h<\/p>\n<p><b>Amap\u00e1<\/b><br \/>Macap\u00e1: ato \u00e0s 9h, em frente a ag\u00eancia do INSS, na Avenida Marechal Rondon<\/p>\n<p><b>Amazonas<\/b><br \/>Manaus: concentra\u00e7\u00e3o na Pra\u00e7a da Pol\u00edcia, \u00e0s 15h, seguindo em passeata para a Pra\u00e7a da Matriz (Centro) \u00e0s 16h<\/p>\n<p><b>Bahia<\/b><br \/>Salvador: ato na R\u00f3tula do Abacaxi, \u00e0s 9h<\/p>\n<p><b>Cear\u00e1<\/b><br \/>Fortaleza: ato na Pra\u00e7a da Imprensa (Dion\u00edsio Torres), \u00e0s 8h<br \/>Juazeiro do Norte: ato no Giradouro, \u00e0s 16h<br \/>Iguatu: ato com concentra\u00e7\u00e3o na Pra\u00e7a da Caixa Econ\u00f4mica, \u00e0s 8h<br \/>Sobral: Pra\u00e7a de Cuba, \u00e0s 7h30<br \/>Chorozinho: Pra\u00e7a da EEF Padre Enemias, \u00e0s 8h<br \/>Morada Nova (ato regional): Pra\u00e7a da Matriz, \u00e0s 7h<br \/>Russas: Pra\u00e7a Monsenhor Jo\u00e3o Luiz, \u00e0s 7h<br \/>Aracati: Pra\u00e7a do Prazeres, \u00e0s 8h<br \/>Jaguaruana: Pra\u00e7a da Prefeitura, \u00e0s 9h<br \/>Itai\u00e7aba: EEF Dulcineia Gomes Dinis, \u00e0s 7h<br \/>Solonopole: Gin\u00e1sio Poliesportivo, \u00e0s 9h30<br \/>Pereiro: Pra\u00e7a da Matriz, \u00e0s 7h<br \/>Itapipoca: Pra\u00e7a dos Motoristas, \u00e0s 8h<br \/>Tiangu\u00e1: Pra\u00e7a dos Eucaliptos, \u00e0s 8h<br \/>Acopiara: Pra\u00e7a da Matriz, \u00e0s 8h<br \/>Paracuru: Sindicato Rural, \u00e0s 8h<br \/>Crate\u00fas: Coluna da Hora, \u00e0s 7h<br \/>Camocim: Pracinha do Amor, \u00e0s 8h<br \/>Paraipaba: Pra\u00e7a do Hospital, \u00e0s 15h30<br \/>Martin\u00f3pole: Galp\u00e3o dos Feirantes, \u00e0s 16h<br \/>Jaguaribe: Pra\u00e7a do F\u00f3rum, \u00e0s 16h<\/p>\n<p><b>Distrito Federal<\/b><br \/>Pra\u00e7a Zumbi dos Palmares (SDS), \u00e0s 17h<\/p>\n<p><b>Esp\u00edrito Santo<\/b><\/p>\n<p>Vit\u00f3ria: Caminhada de Jucutuquara at\u00e9 o Pal\u00e1cio Anchieta, \u00e0s 8h<\/p>\n<p><b>Goi\u00e1s<\/b><br \/>Goi\u00e2nia: ato perto da Serra Dourada, na altura do Km 153 da BR, \u00e0s 6h<\/p>\n<p><b>Maranh\u00e3o\u00a0<\/b><\/p>\n<p>S\u00e3o Lu\u00eds: INSS no Parque Bom Menino (Centro), \u00e0s 8h<br \/>Imperatriz: Pra\u00e7a de F\u00e1tima, \u00e0s 8h<\/p>\n<p><b>Mato Grosso<\/b><br \/>Cuiab\u00e1: Pra\u00e7a Ipiranga, \u00e0s 16h<\/p>\n<p><b>Mato Grosso do Sul<\/b><br \/>Campo Grande: Pra\u00e7a do R\u00e1dio Clube, \u00e0s 9h<\/p>\n<p><b>Minas Gerais<\/b><br \/>Belo Horizonte: Ato na Pra\u00e7a Sete, \u00e0s 17h<br \/>Montes Claros: Pra\u00e7a do Autom\u00f3vel Clube, \u00e0s 16h<br \/>Cidade de Tim\u00f3teo: Pra\u00e7a 1\u00ba de Maio, \u00e0s 17h<br \/>Coronel Fabriciano: Pra\u00e7a da Rodovi\u00e1ria, \u00e0s 9h<br \/>Ipatinga: Pra\u00e7a 1\u00ba de Maio, \u00e0s 14h<br \/>Jo\u00e3o Monlevade: Pra\u00e7a do Povo, \u00e0s 9h<i>\u00a0<\/i><\/p>\n<p>Ouro Preto: Panfletagem<\/p>\n<p><b>Par\u00e1<\/b><br \/>Bel\u00e9m: concentra\u00e7\u00e3o no Banco do Brasil da Ponte Vargas \u00e0s 7h30, com caminhada at\u00e9 o INSS da Av. Nazar\u00e9 \u00e0s 9h<br \/>Marab\u00e1: em frente ao INSS (manh\u00e3), semin\u00e1rio sobre reforma da Previd\u00eancia na Faculdade Caraj\u00e1s, \u00e0s 15h<br \/>Parauapebas: Pra\u00e7a de eventos no bairro Cidade Nova, \u00e0s 6h<\/p>\n<p><b>Para\u00edba<\/b><br \/>Campina Grande: Pra\u00e7a da Bandeira, 10h<\/p>\n<p><b>Paran\u00e1<\/b><br \/>Curitiba: concentra\u00e7\u00e3o na Boca Maldita, \u00e0s 9h; ato e panfletagem no INSS da Rua Jo\u00e3o Negr\u00e3o, \u00e0s 11h<\/p>\n<p><b>Pernambuco<\/b><br \/>Recife: Pra\u00e7a do Derby, \u00e0s 15h<\/p>\n<p><b>Piau\u00ed<\/b><br \/>Teresina: INSS (Pra\u00e7a Rio Branco), \u00e0s 8h<\/p>\n<p><b>Rio de Janeiro<\/b><br \/>Rio de Janeiro: Candel\u00e1ria, com caminhada at\u00e9 a Central do Brasil, 16h<\/p>\n<p><b>Rio Grande do Norte<\/b><br \/>Natal: INSS da Rua Apodi, 2.150, \u00e0s 15h e segue para a Pra\u00e7a dos Tr\u00eas Poderes<br \/>Mossor\u00f3: Manifesta\u00e7\u00e3o na base da Petrobr\u00e1s, \u00e0s 6h e, concentra\u00e7\u00e3o no INSS, \u00e0s 8h e seguem pelas ruas do centro da cidade<\/p>\n<p><b>Rio Grande do Sul<\/b><br \/>Porto Alegre: Esquina Democr\u00e1tica, \u00e0s 18h<br \/>Caxias do Sul: Pra\u00e7a Dante Aligheri, \u00e0s 17h<br \/>Santa Maria: Pra\u00e7a Saldanha Marinho, \u00e0s 17h30<br \/>Pelotas: Mercado P\u00fablico \u00e0s 18h<br \/>Passo Fundo: Esquina Democr\u00e1tica, \u00e0s 17h<\/p>\n<p><b>Rond\u00f4nia<\/b><\/p>\n<p>Porto Velho: Pra\u00e7a Marechal Rondon, a partir das 17h<\/p>\n<p><b>Roraima<\/b><\/p>\n<p>Boa Vista: debate sobre a \u201creforma\u201d da Previd\u00eancia no audit\u00f3rio Jornalista Alexandre Borges, na Universidade Federal de Roraima (UFRR). Ato em frente \u00e0 Assembleia Legislativa, \u00e0s 16h<\/p>\n<p><b>Santa Catarina<\/b><br \/>Florian\u00f3polis: Ticen, \u00e0s 17h<br \/>Blumenau: em frente ao INSS, \u00e0s 10h<br \/>Joinville: Pra\u00e7a da Bandeira, \u00e0s 14h<br \/>Crici\u00fama: Cal\u00e7ad\u00e3o da Pra\u00e7a Nereu Ramos, \u00e0s 13h30<br \/>Itaja\u00ed: ato em frente \u00e0 Igreja Matriz, \u00e0s 16h<br \/>Lages: &#8220;aul\u00e3o&#8221; popular sobre a &#8220;reforma&#8221;, no Cal\u00e7ad\u00e3o Tiago Fi\u00faza de Carvalho, \u00e0s\u00a017h<\/p>\n<p><b>S\u00e3o Paulo<\/b><br \/>S\u00e3o Paulo: Masp, Avenida Paulista, \u00e0s 17h<br \/>S\u00e3o Bernardo do Campo, 10h Largo Rudge Ramos, Pra\u00e7a S\u00e3o Jo\u00e3o Batista, em frente \u00e0 igreja; sa\u00edda da porta da Mercedes-Benz e da Ford, \u00e0s 7h<\/p>\n<p>S\u00e3o Carlos: pra\u00e7a em frente ao Mercado Municipal, \u00e0s 9h<br \/>Bauru: audi\u00eancia P\u00fablica na C\u00e2mara, \u00e0s 14h<br \/>Campinas: ato dos Servidores P\u00fablicos no Largo do Ros\u00e1rio, \u00e0s 10h; Concentra\u00e7\u00e3o para o ato e panfletagem na rua 13 de Maio e terminais de \u00f4nibus, \u00e0s 16h30; ato pol\u00edtico \u00e0s 18h<br \/>Mogi das Cruzes: Largo do Ros\u00e1rio (Pra\u00e7a da Marisa), \u00e0s 10h<br \/>Ribeir\u00e3o Preto: Concentra\u00e7\u00e3o na Esplanada Dom Pedro II, \u00e0s 17h<br \/>Osasco: ato p\u00fablico em frente \u00e0 Esta\u00e7\u00e3o de trem de Osasco, \u00e0s 9h<br \/>Carapicu\u00edba: ato p\u00fablico em frente \u00e0 esta\u00e7\u00e3o de Carapicu\u00edba, \u00e0s 5h30 e Ato p\u00fablico no Cal\u00e7ad\u00e3o, \u00e0s 9h<br \/>Ubatuba: ato no Ipiranguinha, Posto BR, \u00e0s 10h, e no cal\u00e7ad\u00e3o do Centro, das 11h30 \u00e0s 18h<br \/>S\u00e3o Jos\u00e9 dos Campos: Pra\u00e7a Afonso Pena, \u00e0s 10h<\/p>\n<p><b>Sergipe<\/b><br \/>Aracauju: ato com concentra\u00e7\u00e3o em frente \u00e0 Deso, na Rua Campo do Brito, \u00e0s 15h<\/p>\n<p><b>Tocantins<\/b><br \/>Palmas: em frente ao INSS, \u00e0s 8h<\/p>\n<p>\u00a0<\/p>\n<p><span style=\"text-decoration: underline;\"><strong>Fonte: Rede Brasil Atual<\/strong><\/span><\/p>\n","protected":false},"excerpt":{"rendered":"<p>Todos os estados do pa\u00eds e o Distrito Federal organizam manifesta\u00e7\u00f5es para o\u00a0Dia Nacional de Luta em Defesa da Previd\u00eancia, nesta sexta-feira (22), em resposta \u00e0 proposta de &#8220;reforma&#8221; apresentada pelo governo de Jair\u00a0Bolsonaro. Ao todo, atos, panfletagens e outras a\u00e7\u00f5es\u00a0contra a retirada de direitos\u00a0devem ocorrer ao menos em 78 cidades brasileiras. Na capital paulista, [&hellip;]<\/p>\n","protected":false},"author":2,"featured_media":6319,"comment_status":"","ping_status":"","sticky":false,"template":"","format":"standard","meta":{"footnotes":""},"categories":[3],"tags":[],"class_list":["post-6320","post","type-post","status-publish","format-standard","has-post-thumbnail","hentry","category-noticias"],"_links":{"self":[{"href":"https:\/\/hostnetart.com.br\/baixada\/wp-json\/wp\/v2\/posts\/6320","targetHints":{"allow":["GET"]}}],"collection":[{"href":"https:\/\/hostnetart.com.br\/baixada\/wp-json\/wp\/v2\/posts"}],"about":[{"href":"https:\/\/hostnetart.com.br\/baixada\/wp-json\/wp\/v2\/types\/post"}],"author":[{"embeddable":true,"href":"https:\/\/hostnetart.com.br\/baixada\/wp-json\/wp\/v2\/users\/2"}],"replies":[{"embeddable":true,"href":"https:\/\/hostnetart.com.br\/baixada\/wp-json\/wp\/v2\/comments?post=6320"}],"version-history":[{"count":0,"href":"https:\/\/hostnetart.com.br\/baixada\/wp-json\/wp\/v2\/posts\/6320\/revisions"}],"wp:featuredmedia":[{"embeddable":true,"href":"https:\/\/hostnetart.com.br\/baixada\/wp-json\/wp\/v2\/media\/6319"}],"wp:attachment":[{"href":"https:\/\/hostnetart.com.br\/baixada\/wp-json\/wp\/v2\/media?parent=6320"}],"wp:term":[{"taxonomy":"category","embeddable":true,"href":"https:\/\/hostnetart.com.br\/baixada\/wp-json\/wp\/v2\/categories?post=6320"},{"taxonomy":"post_tag","embeddable":true,"href":"https:\/\/hostnetart.com.br\/baixada\/wp-json\/wp\/v2\/tags?post=6320"}],"curies":[{"name":"wp","href":"https:\/\/api.w.org\/{rel}","templated":true}]}}