{"id":6316,"date":"2019-03-22T14:07:58","date_gmt":"2019-03-22T17:07:58","guid":{"rendered":"https:\/\/hostnetart.com.br\/baixada\/gallup-brasileiros-nunca-foram-tao-infelizes-e-a-situacao-deve-piorar\/"},"modified":"2019-03-22T14:07:58","modified_gmt":"2019-03-22T17:07:58","slug":"gallup-brasileiros-nunca-foram-tao-infelizes-e-a-situacao-deve-piorar","status":"publish","type":"post","link":"https:\/\/hostnetart.com.br\/baixada\/gallup-brasileiros-nunca-foram-tao-infelizes-e-a-situacao-deve-piorar\/","title":{"rendered":"Gallup: brasileiros nunca foram t\u00e3o infelizes. E a situa\u00e7\u00e3o deve piorar"},"content":{"rendered":"<p class=\" \">A\u00a0<strong>infelicidade<\/strong>\u00a0tomou conta do Brasil, segundo o\u00a0<a class=\"external-link\" title=\"\" href=\"http:\/\/world%20happiness\/\" target=\"_blank\" rel=\"noopener noreferrer\">ranking do Instituto Gallup<\/a>\u00a0em parceria com a Organiza\u00e7\u00e3o das Na\u00e7\u00f5es Unidas (<strong>ONU<\/strong>) e funda\u00e7\u00f5es internacionais. A\u00a0<strong>crise econ\u00f4mica<\/strong>\u00a0e a desconfian\u00e7a em rela\u00e7\u00e3o aos l\u00edderes da pol\u00edtica, principalmente, fizeram o pa\u00eds perder 16\u00a0posi\u00e7\u00f5es em rela\u00e7\u00e3o ao ranking de 2015, quando era o 15\u00ba pa\u00eds mais feliz do mundo, na frente de Luxemburgo, Irlanda e B\u00e9lgica, entre outros.\u00a0\u00a0O ranking tem o objetivo de influir em pol\u00edticas p\u00fablicas.<\/p>\n<p class=\" \">De l\u00e1 para c\u00e1 muita coisa mudou. Depois de assistir \u00e0 gesta\u00e7\u00e3o do golpe com as molecagens do candidato derrotado A\u00e9cio Neves (PSDB), o Brasil parou para assistir \u00e0s chantagens do ex-presidente da C\u00e2mara, o deputado Eduardo Cunha (MDB-RJ). Vieram ent\u00e3o o processo de impeachment, o golpe, as malas de dinheiro, as conversas com pol\u00edticos gravadas por Joesley Batista e a pris\u00e3o do ex-presidente Luiz In\u00e1cio Lula da Silva. Tudo isso em meio ao desemprego, aos\u00a0ataques aos direitos trabalhistas comandados por Michel Temer\u00a0e \u00e0 crescente reverbera\u00e7\u00e3o do discurso fascista do ent\u00e3o deputado Jair\u00a0<strong>Bolsonaro<\/strong>.<\/p>\n<p class=\" \">O Brasil est\u00e1 hoje em 32\u00ba lugar entre os 156 pa\u00edses avaliados no ranking.\u00a0A popula\u00e7\u00e3o da Costa Rica, M\u00e9xico, Chile, Guatemala e Panam\u00e1 se considera mais feliz que os brasileiros em termos de quest\u00f5es pol\u00edticas, econ\u00f4micas e sociais \u2013 como PIB per capita e expectativa de vida \u2013 e at\u00e9 em aspectos subjetivos, como bem estar, liberdade, generosidade e percep\u00e7\u00e3o de corrup\u00e7\u00e3o.<\/p>\n<p class=\" \">A julgar por esses par\u00e2metros, o soci\u00f3logo Laymert Garcia dos Santos, da Unicamp, acredita que a felicidade do brasileiro vai continuar a despencar com a &#8220;necropol\u00edtica&#8221; ou &#8220;pol\u00edtica de morte&#8221; adotada pelo presidente Bolsonaro\u00a0e seus auxiliares, que os seus eleitores demoram a come\u00e7ar a perceber.<\/p>\n<p class=\" \">&#8220;A tend\u00eancia \u00e9 de sermos mais infelizes, se consideramos o que estamos vivendo, e sobretudo os efeitos da pol\u00edtica de destrui\u00e7\u00e3o crescente, cujos efeitos ainda n\u00e3o se concretizaram completamente. A infelicidade vai aumentar. E muito&#8221;, acredita.<\/p>\n<p class=\" \">Na sua avalia\u00e7\u00e3o, se a popula\u00e7\u00e3o brasileira fosse melhor informada e menos &#8220;desentendida e infantil&#8221;, estaria se sentindo muito mais infeliz do que j\u00e1 est\u00e1. &#8220;Esse posicionamento no ranking \u00e9 muito bom em vista da situa\u00e7\u00e3o de destrui\u00e7\u00e3o que o pa\u00eds est\u00e1 vivendo&#8221;.<\/p>\n<p class=\" \">O mais preocupante, segundo ele, \u00e9 que n\u00e3o se pode dizer que a popula\u00e7\u00e3o esteja desinformada sobre a situa\u00e7\u00e3o, porque Bolsonaro nunca fez e n\u00e3o faz mist\u00e9rio sobre sua pol\u00edtica.\u00a0&#8220;E agora, nessa viagem aos Estados Unidos, disse que n\u00e3o veio (ao governo do Brasil) para construir, mas para &#8216;desconstruir&#8217;. No caso dele, na verdade, \u00e9 destruir&#8221;, afirma o\u00a0soci\u00f3logo, que est\u00e1 analisando as falas de Bolsonaro ao longo dos \u00faltimos 30 anos.\u00a0<\/p>\n<h3 class=\" \">Leve despertar<\/h3>\n<p class=\" \">Para o soci\u00f3logo, a\u00a0<a class=\"external-link\" title=\"\" href=\"https:\/\/www.redebrasilatual.com.br\/2019\/03\/ibope-mostra-que-avaliacao-positiva-de-bolsonaro-ja-esta-derretendo\" target=\"_blank\" rel=\"noopener noreferrer\">queda da popularidade<\/a>\u00a0do presidente apontada esta semana pelo Ibope \u00e9 ainda muito t\u00edmida e reflete um &#8220;leve despertar&#8221;. A aprova\u00e7\u00e3o em queda ainda estaria alta mesmo para um governante que em menos de tr\u00eas meses j\u00e1 fez muitos estragos. &#8220;Acho que, embora esteja despencando, caiu pouco diante do n\u00edvel de destrui\u00e7\u00e3o em todos os setores. Na sa\u00fade, na educa\u00e7\u00e3o, nas propostas de reforma da Previd\u00eancia, viol\u00eancia, pol\u00edtica externa, de g\u00eanero, econ\u00f4mica, pol\u00edtica, cultural, social, ambiental. S\u00f3 tem surgido destrui\u00e7\u00e3o. N\u00e3o aconteceu nada de positivo, absolutamente nada&#8221;, avalia.<\/p>\n<p class=\" \">A queda da popularidade e essa infelicidade, conforme\u00a0 Laymert, s\u00e3o sintomas de que as pessoas est\u00e3o se decepcionando. &#8220;Mas para mim isso acontece em c\u00e2mera lenta. O grande problema \u00e9 o descompasso entre a percep\u00e7\u00e3o da destrui\u00e7\u00e3o, muito lenta, e a velocidade do processo destrutivo. O temor \u00e9 que, quando despertarem, as institui\u00e7\u00f5es estar\u00e3o destru\u00eddas e n\u00e3o seja poss\u00edvel salvar mais nada. Esse descompasso \u00e9 o que mais espanta; n\u00e3o existe rea\u00e7\u00e3o \u00e0 altura. A\u00a0classe m\u00e9dia \u00e9 infantil. Todo mundo vai pra rua no carnaval e manda o Bolsonaro &#8216;tomar no cu&#8217;. O problema \u00e9 que \u00e9 s\u00f3 na festa. N\u00e3o h\u00e1 mobiliza\u00e7\u00e3o. Quando despertarem, n\u00e3o sei se vai dar tempo&#8221;.<\/p>\n<p class=\" \">\u00a0<\/p>\n<dl class=\"image-inline captioned\">\n<dt><span class=\"tile-rights\">RBA<\/span><img fetchpriority=\"high\" decoding=\"async\" class=\" lazyloaded\" title=\"Brasileiro era mais feliz no tempo de Lula\" src=\"https:\/\/www.redebrasilatual.com.br\/politica\/2019\/03\/gallup-brasileiros-nunca-foram-tao-infelizes-situacao-deve-piorar\/felicidade-1.jpg\/image\" alt=\"Brasileiro era mais feliz no tempo de Lula\" width=\"780\" height=\"368\" data-src=\"https:\/\/www.redebrasilatual.com.br\/politica\/2019\/03\/gallup-brasileiros-nunca-foram-tao-infelizes-situacao-deve-piorar\/felicidade-1.jpg\/image\" \/><\/dt>\n<dd class=\"image-caption\">Reconhecido como o &#8216;O Cara&#8217; pelo ent\u00e3o presidente dos EUA Barack Obama, Lula era &#8216;disputado&#8217; por chefes de estado de diversas partes do mundo na hora da foto oficial; Bolsonaro se contentou com a cara de quem comeu e n\u00e3o gostou de Trump<\/dd>\n<\/dl>\n<p>\u00a0<\/p>\n<h3>Felicidade<\/h3>\n<p class=\" \">A infelicidade recorde dos brasileiros foi divulgada na mesma semana em que Bolsonaro visitou os Estados Unidos. A express\u00e3o semelhante \u00e0 de quem comeu e n\u00e3o gostou de Donald Trump, ao receber a camisa 10 do Brasil, deixa a impress\u00e3o de que o mandat\u00e1rio estadunidense foi contagiado pelo sentimento que prevalece no Brasil segundo o ranking do Instituto Gallup.<\/p>\n<p class=\" \">Coincidentemente, em 2010, quando o ex-presidente Luiz In\u00e1cio Lula da Silva foi elogiado pelo ent\u00e3o presidente Barack Obama, que o chamou de &#8220;o cara&#8221;\u00a0diante de diversas autoridades, durante encontro do G20, o povo brasileiro era t\u00e3o feliz como jamais tinha sido antes.<\/p>\n<p class=\" \">Uma reportagem da revista\u00a0<em>Isto\u00c9<\/em>\u00a0chegou a estampar na\u00a0<a class=\"external-link\" title=\"\" href=\"http:\/\/www.fecesc.org.br\/revista-istoe-nunca-fomos-tao-felizes\/\" target=\"_blank\" rel=\"noopener noreferrer\">capa da edi\u00e7\u00e3o de 20 de agosto<\/a>\u00a0daquele mesmo ano a manchete &#8220;Nunca fomos t\u00e3o felizes&#8221;. A mat\u00e9ria mostrava\u00a0a hist\u00f3ria de v\u00e1rios brasileiros que, com a economia a todo vapor e os avan\u00e7os sociais no pa\u00eds, descobriram uma felicidade que nunca tinham vivido. Estavam tomados pelo sentimento de bem-estar, comprando mais carros, viajando mais, adquirindo a casa pr\u00f3pria e realizando sonhos.<\/p>\n<p class=\" \">Na \u00e9poca a felicidade era tanta que o brasileiro se sentia mais pleno do que as pessoas de pa\u00edses ricos apesar de ocupar a\u00a032\u00aa posi\u00e7\u00e3o entre 36 no\u00a0<a class=\"external-link\" title=\"\" href=\"http:\/\/www.ihu.unisinos.br\/172-noticias\/noticias-2012\/509738-brasileiro-e-mais-feliz-que-ricos-diz-pesquisa\" target=\"_blank\" rel=\"noopener noreferrer\">\u00cdndice para Viver Melhor, da\u00a0Organiza\u00e7\u00e3o para Coopera\u00e7\u00e3o e Desenvolvimento Econ\u00f4mico (OCDE)<\/a>. O Brasil estava atr\u00e1s de todos os pa\u00edses desenvolvidos no \u00edndice que somava 11 indicadores com o mesmo peso, indo de renda a emprego, satisfa\u00e7\u00e3o de vida e seguran\u00e7a, para capturar a diversidade da sociedade e as prioridades de cada um.<\/p>\n<p class=\" \">&#8220;O Brasil est\u00e1 relativamente bem, h\u00e1 uma melhor dimens\u00e3o de bem-estar no pa\u00eds&#8221;, disse na ocasi\u00e3o\u00a0Romina Boarini, assessora da OCDE ao jornal\u00a0<em>Valor<\/em>\u00a0de maio de 2012. Uma \u00e9poca que j\u00e1 deixou saudade.<\/p>\n<p class=\" \">\u00a0<\/p>\n<p class=\" \"><strong>Fonte: Rede Brasil Atual<\/strong><\/p>\n","protected":false},"excerpt":{"rendered":"<p>A\u00a0infelicidade\u00a0tomou conta do Brasil, segundo o\u00a0ranking do Instituto Gallup\u00a0em parceria com a Organiza\u00e7\u00e3o das Na\u00e7\u00f5es Unidas (ONU) e funda\u00e7\u00f5es internacionais. A\u00a0crise econ\u00f4mica\u00a0e a desconfian\u00e7a em rela\u00e7\u00e3o aos l\u00edderes da pol\u00edtica, principalmente, fizeram o pa\u00eds perder 16\u00a0posi\u00e7\u00f5es em rela\u00e7\u00e3o ao ranking de 2015, quando era o 15\u00ba pa\u00eds mais feliz do mundo, na frente de Luxemburgo, [&hellip;]<\/p>\n","protected":false},"author":2,"featured_media":6315,"comment_status":"","ping_status":"","sticky":false,"template":"","format":"standard","meta":{"footnotes":""},"categories":[3],"tags":[],"class_list":["post-6316","post","type-post","status-publish","format-standard","has-post-thumbnail","hentry","category-noticias"],"_links":{"self":[{"href":"https:\/\/hostnetart.com.br\/baixada\/wp-json\/wp\/v2\/posts\/6316","targetHints":{"allow":["GET"]}}],"collection":[{"href":"https:\/\/hostnetart.com.br\/baixada\/wp-json\/wp\/v2\/posts"}],"about":[{"href":"https:\/\/hostnetart.com.br\/baixada\/wp-json\/wp\/v2\/types\/post"}],"author":[{"embeddable":true,"href":"https:\/\/hostnetart.com.br\/baixada\/wp-json\/wp\/v2\/users\/2"}],"replies":[{"embeddable":true,"href":"https:\/\/hostnetart.com.br\/baixada\/wp-json\/wp\/v2\/comments?post=6316"}],"version-history":[{"count":0,"href":"https:\/\/hostnetart.com.br\/baixada\/wp-json\/wp\/v2\/posts\/6316\/revisions"}],"wp:featuredmedia":[{"embeddable":true,"href":"https:\/\/hostnetart.com.br\/baixada\/wp-json\/wp\/v2\/media\/6315"}],"wp:attachment":[{"href":"https:\/\/hostnetart.com.br\/baixada\/wp-json\/wp\/v2\/media?parent=6316"}],"wp:term":[{"taxonomy":"category","embeddable":true,"href":"https:\/\/hostnetart.com.br\/baixada\/wp-json\/wp\/v2\/categories?post=6316"},{"taxonomy":"post_tag","embeddable":true,"href":"https:\/\/hostnetart.com.br\/baixada\/wp-json\/wp\/v2\/tags?post=6316"}],"curies":[{"name":"wp","href":"https:\/\/api.w.org\/{rel}","templated":true}]}}