{"id":6314,"date":"2019-03-22T14:07:06","date_gmt":"2019-03-22T17:07:06","guid":{"rendered":"https:\/\/hostnetart.com.br\/baixada\/uni-americas-prepara-sua-6-conferencia-regional\/"},"modified":"2019-03-22T14:07:06","modified_gmt":"2019-03-22T17:07:06","slug":"uni-americas-prepara-sua-6-conferencia-regional","status":"publish","type":"post","link":"https:\/\/hostnetart.com.br\/baixada\/uni-americas-prepara-sua-6-conferencia-regional\/","title":{"rendered":"UNI Am\u00e9ricas prepara sua 6\u00aa Confer\u00eancia Regional"},"content":{"rendered":"<p>Em sua 24\u00aa reuni\u00e3o, o Conselho Diretivo da UNI Am\u00e9ricas fez os encaminhamentos para a realiza\u00e7\u00e3o da 6\u00aa Confer\u00eancia Regional da UNI Am\u00e9ricas, que ocorrer\u00e1 em Lima, Peru, em dezembro de 2019. A reuni\u00e3o aconteceu na ter\u00e7a-feira (19), em Montevid\u00e9u, no Uruguai.<br \/>Entre os temas definidos para a Confer\u00eancia, est\u00e3o \u201cbig data e novas tecnologias\u201d, \u201co futuro do mundo do trabalho\u201d, \u201cdireitos sociais, laborais e humanos\u201d, \u201cimigra\u00e7\u00e3o\u201d, \u201cplano para uma Am\u00e9rica sustent\u00e1vel\u201d, \u201ca quest\u00e3o das mulheres, dos jovens, da diversidade\u201d e a \u201cdefesa da democracia no continente\u201d.<\/p>\n<p>Para o secret\u00e1rio de Rela\u00e7\u00f5es Internacionais da Confedera\u00e7\u00e3o Nacional dos Trabalhadores do Ramo Financeiro (Contraf-CUT), Roberto von der Osten, a reuni\u00e3o reafirmou que a agenda sindical, ao contr\u00e1rio do que as estruturas patronais afirmam, n\u00e3o pode ser separada da agenda pol\u00edtica continental. \u201cAs derrotas de partidos de centro esquerda no continente trouxeram um cen\u00e1rio de perdas de direitos sociais, trabalhistas e humanos em diversos pa\u00edses de nossa regi\u00e3o. As elei\u00e7\u00f5es foram antecedidas de ampla propaganda de m\u00e1 f\u00e9 para fazer parecer que o papel do Estado \u00e9 atrapalhar a economia e a gera\u00e7\u00e3o de empregos. Propagaram que as pol\u00edticas sociais s\u00e3o onerosas, que as empresas e servi\u00e7os p\u00fablicos s\u00e3o de baixa qualidade e que o liberalismo e o mercado s\u00e3o bons para o povo pobre\u201d, disse von der Osten.<\/p>\n<h3>Conjuntura<\/h3>\n<p>Os presentes debateram sobre a conjuntura pol\u00edtica e econ\u00f4mica dos pa\u00edses membros no continente americano a partir de reflex\u00f5es trazidas pelo diretor regional da UNI Am\u00e9ricas, Marcio Monzane, que relatou conjunturas de pa\u00edses da Am\u00e9rica do Sul, pelos relatos sobre os Estados Unidos feitos por Stanley Gacek da UFCW, pelas informa\u00e7\u00f5es sobre a situa\u00e7\u00e3o do Caribe e Am\u00e9rica Central trazidas por Trevor Jonhson da BIGWU de Trinidad &amp; Tobago.<\/p>\n<p>Os coment\u00e1rios sobre o Brasil foram apresentados pela presidenta da Contraf-CUT, Juvandia Moreira, que relatou a dif\u00edcil situa\u00e7\u00e3o em que vive o povo e o movimento sindical brasileiro. \u201cO governo quer realizar uma reforma da Previd\u00eancia extremamente prejudicial aos trabalhadores, \u00e0s mulheres e \u00e0 popula\u00e7\u00e3o mais pobre. Uma proposta que contempla a famigerada capitaliza\u00e7\u00e3o, que gerou uma popula\u00e7\u00e3o de idosos miser\u00e1veis no Chile. Al\u00e9m disso, diz que o trabalhador tem que escolher entre ter emprego ou ter direitos\u201d, disse Juvandia, lembrando da proposta de \u2018carteira verde-amarela\u2019, que retira todos os direitos trabalhistas.<\/p>\n<p>\u201cIsso \u00e9 uma trag\u00e9dia para os trabalhadores. O governo sabe que os sindicatos n\u00e3o v\u00e3o deixar passar isso sem protestos. Por isso, publicou uma Medida Provis\u00f3ria, que entra em vigor desde a publica\u00e7\u00e3o, sem necessidade de aprova\u00e7\u00e3o pelo parlamento, que visa acabar com as entidades de representa\u00e7\u00e3o dos trabalhadores ao dificultar todo e qualquer tipo de arrecada\u00e7\u00e3o de receitas sindicais\u201d, completou ela, se referindo \u00e0 MP873\/2019.<\/p>\n<h3>Plano de trabalho<\/h3>\n<p>Durante a reuni\u00e3o a UNI Am\u00e9ricas tamb\u00e9m apresentou o balan\u00e7o do Plano de Trabalho desenvolvido durante 2018, contemplando o monitoramento e relat\u00f3rios dos planos setoriais e pol\u00edticos, campanhas de sindicaliza\u00e7\u00e3o desenvolvidas no Peru, Chile, El Salvador, Caribe, Estados Unidos, Costa Rica, Uruguai e Brasil.<\/p>\n<p>Foi apresentado a seguir, o Plano de Trabalho para 2019 e as prioridades destacadas nas reuni\u00f5es que a UNI Am\u00e9ricas realizou em cada pa\u00eds com sindicatos afiliados, sendo aprovado pelos membros do Conselho Executivo.<\/p>\n<p>Tamb\u00e9m estiveram presentes \u00e0 reuni\u00e3o a Secret\u00e1ria Geral da UNI Global Union Christy Hoffman, a presidenta da UNI Global Finance, Rita Berlofa, o Head do Departamento da UNI Global Finance, Angelo di Cristo, e a presidenta do Sindicato dos Banc\u00e1rios de S\u00e3o Paulo, Ivone Silva.<\/p>\n<p>\u00a0<\/p>\n<p><strong>Fonte: Contraf-CUT<\/strong><\/p>\n","protected":false},"excerpt":{"rendered":"<p>Em sua 24\u00aa reuni\u00e3o, o Conselho Diretivo da UNI Am\u00e9ricas fez os encaminhamentos para a realiza\u00e7\u00e3o da 6\u00aa Confer\u00eancia Regional da UNI Am\u00e9ricas, que ocorrer\u00e1 em Lima, Peru, em dezembro de 2019. A reuni\u00e3o aconteceu na ter\u00e7a-feira (19), em Montevid\u00e9u, no Uruguai.Entre os temas definidos para a Confer\u00eancia, est\u00e3o \u201cbig data e novas tecnologias\u201d, \u201co [&hellip;]<\/p>\n","protected":false},"author":2,"featured_media":6313,"comment_status":"","ping_status":"","sticky":false,"template":"","format":"standard","meta":{"footnotes":""},"categories":[3],"tags":[],"class_list":["post-6314","post","type-post","status-publish","format-standard","has-post-thumbnail","hentry","category-noticias"],"_links":{"self":[{"href":"https:\/\/hostnetart.com.br\/baixada\/wp-json\/wp\/v2\/posts\/6314","targetHints":{"allow":["GET"]}}],"collection":[{"href":"https:\/\/hostnetart.com.br\/baixada\/wp-json\/wp\/v2\/posts"}],"about":[{"href":"https:\/\/hostnetart.com.br\/baixada\/wp-json\/wp\/v2\/types\/post"}],"author":[{"embeddable":true,"href":"https:\/\/hostnetart.com.br\/baixada\/wp-json\/wp\/v2\/users\/2"}],"replies":[{"embeddable":true,"href":"https:\/\/hostnetart.com.br\/baixada\/wp-json\/wp\/v2\/comments?post=6314"}],"version-history":[{"count":0,"href":"https:\/\/hostnetart.com.br\/baixada\/wp-json\/wp\/v2\/posts\/6314\/revisions"}],"wp:featuredmedia":[{"embeddable":true,"href":"https:\/\/hostnetart.com.br\/baixada\/wp-json\/wp\/v2\/media\/6313"}],"wp:attachment":[{"href":"https:\/\/hostnetart.com.br\/baixada\/wp-json\/wp\/v2\/media?parent=6314"}],"wp:term":[{"taxonomy":"category","embeddable":true,"href":"https:\/\/hostnetart.com.br\/baixada\/wp-json\/wp\/v2\/categories?post=6314"},{"taxonomy":"post_tag","embeddable":true,"href":"https:\/\/hostnetart.com.br\/baixada\/wp-json\/wp\/v2\/tags?post=6314"}],"curies":[{"name":"wp","href":"https:\/\/api.w.org\/{rel}","templated":true}]}}