{"id":631,"date":"2015-01-14T16:37:00","date_gmt":"2015-01-14T18:37:00","guid":{"rendered":"https:\/\/hostnetart.com.br\/baixada\/juro-do-cartao-de-credito-e-o-maior-desde-o-ano-de-1999-diz-anefac\/"},"modified":"2015-01-14T16:37:00","modified_gmt":"2015-01-14T18:37:00","slug":"juro-do-cartao-de-credito-e-o-maior-desde-o-ano-de-1999-diz-anefac","status":"publish","type":"post","link":"https:\/\/hostnetart.com.br\/baixada\/juro-do-cartao-de-credito-e-o-maior-desde-o-ano-de-1999-diz-anefac\/","title":{"rendered":"Juro do cart\u00e3o de cr\u00e9dito \u00e9 o maior desde o ano de 1999, diz Anefac"},"content":{"rendered":"<p><span style=\"color: #464646;\">A taxa de juros cobrada pelos cart\u00f5es de credito atingiu, em dezembro, a maior taxa desde 1999. Segundo pesquisa da Associa\u00e7\u00e3o Nacional dos Executivos de Finan\u00e7as(Anefac), os juros da modalidade subiram pelo segundo m\u00eas seguido, e alcan\u00e7aram uma media de 258,26% ao ano. Com uma taxa dessas, uma d\u00edvida de R$ 100 no cart\u00e3o chega, ap\u00f3s 12 meses, a R$ 358,26.<\/span><br style=\"color: #464646;\" \/><br style=\"color: #464646;\" \/><span style=\"color: #464646;\">O levantamento mostra que houve alta nos juros em todas as seis modalidades de cr\u00e9dito ao consumidor na passagem de novembro para dezembro. Com as eleva\u00e7\u00f5es, a taxa media de juros do cr\u00e9dito alcan\u00e7ou 108,16%.<\/span><br style=\"color: #464646;\" \/><br style=\"color: #464646;\" \/><span style=\"color: #464646;\">No caso do cheque especial, a taxa passou de 167,94% para 178,8% ao ano o maior patamar desde setembro de 2003. No com\u00e9rcio, a taxa de juros subiu de 74,52% para 76,85% ao ano (a maior desde 2012).<\/span><br style=\"color: #464646;\" \/><br style=\"color: #464646;\" \/><span style=\"color: #464646;\">Tamb\u00e9m subiram as taxas do CDC (financiamento de autom\u00f3veis), de 24,16% para 24,46% ao ano; do empr\u00e9stimo pessoal em bancos, de 51,28% para 53,05% ao ano; e no empr\u00e9stimo pessoal em financeiras, de 132,91% para 133,96% ao ano.<\/span><br style=\"color: #464646;\" \/><br style=\"color: #464646;\" \/><b style=\"color: #464646;\">Juros para empresas<\/b><br style=\"color: #464646;\" \/><br style=\"color: #464646;\" \/><span style=\"color: #464646;\">Segundo a Anefac, houve alta tamb\u00e9m nos juros para as empresas em dezembro. A taxa media passou de 50,93% ao ano em novembro para 51,81% ao ano no \u00faltimo m\u00eas de 2014.<\/span><\/p>\n","protected":false},"excerpt":{"rendered":"<p>A taxa de juros cobrada pelos cart\u00f5es de credito atingiu, em dezembro, a maior taxa desde 1999. Segundo pesquisa da Associa\u00e7\u00e3o Nacional dos Executivos de Finan\u00e7as(Anefac), os juros da modalidade subiram pelo segundo m\u00eas seguido, e alcan\u00e7aram uma media de 258,26% ao ano. Com uma taxa dessas, uma d\u00edvida de R$ 100 no cart\u00e3o chega, [&hellip;]<\/p>\n","protected":false},"author":1,"featured_media":0,"comment_status":"","ping_status":"","sticky":false,"template":"","format":"standard","meta":{"footnotes":""},"categories":[3],"tags":[],"class_list":["post-631","post","type-post","status-publish","format-standard","hentry","category-noticias"],"_links":{"self":[{"href":"https:\/\/hostnetart.com.br\/baixada\/wp-json\/wp\/v2\/posts\/631","targetHints":{"allow":["GET"]}}],"collection":[{"href":"https:\/\/hostnetart.com.br\/baixada\/wp-json\/wp\/v2\/posts"}],"about":[{"href":"https:\/\/hostnetart.com.br\/baixada\/wp-json\/wp\/v2\/types\/post"}],"author":[{"embeddable":true,"href":"https:\/\/hostnetart.com.br\/baixada\/wp-json\/wp\/v2\/users\/1"}],"replies":[{"embeddable":true,"href":"https:\/\/hostnetart.com.br\/baixada\/wp-json\/wp\/v2\/comments?post=631"}],"version-history":[{"count":0,"href":"https:\/\/hostnetart.com.br\/baixada\/wp-json\/wp\/v2\/posts\/631\/revisions"}],"wp:attachment":[{"href":"https:\/\/hostnetart.com.br\/baixada\/wp-json\/wp\/v2\/media?parent=631"}],"wp:term":[{"taxonomy":"category","embeddable":true,"href":"https:\/\/hostnetart.com.br\/baixada\/wp-json\/wp\/v2\/categories?post=631"},{"taxonomy":"post_tag","embeddable":true,"href":"https:\/\/hostnetart.com.br\/baixada\/wp-json\/wp\/v2\/tags?post=631"}],"curies":[{"name":"wp","href":"https:\/\/api.w.org\/{rel}","templated":true}]}}