{"id":6308,"date":"2019-03-21T15:12:12","date_gmt":"2019-03-21T18:12:12","guid":{"rendered":"https:\/\/hostnetart.com.br\/baixada\/banco-do-brasil-apresenta-ampliacao-dos-escritorios-digitais\/"},"modified":"2019-03-21T15:12:12","modified_gmt":"2019-03-21T18:12:12","slug":"banco-do-brasil-apresenta-ampliacao-dos-escritorios-digitais","status":"publish","type":"post","link":"https:\/\/hostnetart.com.br\/baixada\/banco-do-brasil-apresenta-ampliacao-dos-escritorios-digitais\/","title":{"rendered":"Banco do Brasil apresenta amplia\u00e7\u00e3o dos escrit\u00f3rios digitais"},"content":{"rendered":"<p>O Banco do Brasil apresentou, na ter\u00e7a-feira (19), os detalhes da amplia\u00e7\u00e3o dos escrit\u00f3rios digitais para mais de cem novas pra\u00e7as, sendo basicamente no interior e regi\u00f5es metropolitanas, em reuni\u00e3o com os representantes dos trabalhadores.<\/p>\n<p>O banco informou sobre o processo de migra\u00e7\u00e3o de carteiras para os novos prefixos, o que inclui a mudan\u00e7a de localidade para muitos funcion\u00e1rios.<\/p>\n<p>Os sindicatos solicitaram informa\u00e7\u00f5es sobre como est\u00e1 acontecendo o processo de nomea\u00e7\u00e3o e posse e impacto para os funcion\u00e1rios.<\/p>\n<p>O banco informou que somente no primeiro dia, mais de 80% dos funcion\u00e1rios envolvidos j\u00e1 haviam feito a op\u00e7\u00e3o de migra\u00e7\u00e3o de prefixos e que o processo est\u00e1 tranquilo at\u00e9 o momento, e que os problemas que surgirem nas bases sejam reportados para tentativa de solu\u00e7\u00e3o.<\/p>\n<p>Foram apresentadas as tabelas de migra\u00e7\u00e3o de carteiras, bem como a lista das pra\u00e7as envolvidas.<\/p>\n<h3>Condi\u00e7\u00f5es de trabalho<\/h3>\n<p>Os sindicatos apresentaram as reclama\u00e7\u00f5es dos funcion\u00e1rios em rela\u00e7\u00e3o ao clima organiza\u00e7\u00e3o e a piora das condi\u00e7\u00f5es de trabalho nos escrit\u00f3rios digitais. Foram apresentadas reclama\u00e7\u00f5es quanto ao grande n\u00famero de clientes por carteira, bem como a press\u00e3o em rela\u00e7\u00e3o \u00e0s metas e amea\u00e7as de descomissionamento.<\/p>\n<p>Tamb\u00e9m foram relatados os problemas detectados nas plataformas PJ, que tem dificultado a execu\u00e7\u00e3o dos servi\u00e7os de forma satisfat\u00f3ria.<\/p>\n<h3>Descomissionamentos<\/h3>\n<p>Os sindicatos apontaram a deteriora\u00e7\u00e3o das condi\u00e7\u00f5es de trabalho atrelada ao grande n\u00famero de descomissionamentos, o que cria uma sensa\u00e7\u00e3o de inseguran\u00e7a muito grande para banc\u00e1rias e banc\u00e1rios.<\/p>\n<p>Foi citada a manifesta\u00e7\u00e3o dos funcion\u00e1rios em S\u00e3o Paulo em frente \u00e0 Gepes, com participa\u00e7\u00e3o de mais de 100 funcion\u00e1rios de escrit\u00f3rios digitais.<\/p>\n<p>Um dos itens apontados pelos funcion\u00e1rios dos escrit\u00f3rios digitais \u00e9 que a dist\u00e2ncia das Superintend\u00eancias, na nova configura\u00e7\u00e3o, tem ocasionado cobran\u00e7as mais exageradas e aumento das amea\u00e7as de descomissionamento, trazendo uma rela\u00e7\u00e3o distante e descompromissada com o clima e sa\u00fade dos funcion\u00e1rios, por parte dos novos superintendentes nacionais.<\/p>\n<h3>PDG<\/h3>\n<p>Os representantes dos funcion\u00e1rios cobraram do BB aten\u00e7\u00e3o e retorno aos banc\u00e1rios e banc\u00e1rias quanto aos pedidos de revis\u00e3o do pagamento de PDG, pois tem chegado reclama\u00e7\u00f5es que os crit\u00e9rios s\u00e3o revisados sem comunica\u00e7\u00e3o pr\u00e9via.<\/p>\n<p>O Banco informou que tem procurado dar retorno aos funcion\u00e1rios.<\/p>\n<p>A Contraf-CUT mais uma vez cobrou do Banco que haja negocia\u00e7\u00e3o e contrata\u00e7\u00e3o do PDG em acordo, algo que j\u00e1 acontece com diversos bancos, o que d\u00e1 mais seguran\u00e7a sobre o modelo e regras utilizadas.<\/p>\n<p>Para Wagner Nascimento, coordenador da Comiss\u00e3o de Empresa dos Funcion\u00e1rios do BB, a preocupa\u00e7\u00e3o principal em todo processo de mudan\u00e7a de prefixos \u00e9 com a mobilidade e garantia dos cargos dos funcion\u00e1rios. \u201cEstamos fazendo o acompanhamento das movimenta\u00e7\u00f5es agora e continuaremos o monitoramento das condi\u00e7\u00f5es de trabalho nessas unidades.\u201d<\/p>\n<p>\u00a0<\/p>\n<p><strong>Fonte: Contraf-CUT<\/strong><\/p>\n","protected":false},"excerpt":{"rendered":"<p>O Banco do Brasil apresentou, na ter\u00e7a-feira (19), os detalhes da amplia\u00e7\u00e3o dos escrit\u00f3rios digitais para mais de cem novas pra\u00e7as, sendo basicamente no interior e regi\u00f5es metropolitanas, em reuni\u00e3o com os representantes dos trabalhadores. O banco informou sobre o processo de migra\u00e7\u00e3o de carteiras para os novos prefixos, o que inclui a mudan\u00e7a de [&hellip;]<\/p>\n","protected":false},"author":2,"featured_media":6307,"comment_status":"","ping_status":"","sticky":false,"template":"","format":"standard","meta":{"footnotes":""},"categories":[3],"tags":[],"class_list":["post-6308","post","type-post","status-publish","format-standard","has-post-thumbnail","hentry","category-noticias"],"_links":{"self":[{"href":"https:\/\/hostnetart.com.br\/baixada\/wp-json\/wp\/v2\/posts\/6308","targetHints":{"allow":["GET"]}}],"collection":[{"href":"https:\/\/hostnetart.com.br\/baixada\/wp-json\/wp\/v2\/posts"}],"about":[{"href":"https:\/\/hostnetart.com.br\/baixada\/wp-json\/wp\/v2\/types\/post"}],"author":[{"embeddable":true,"href":"https:\/\/hostnetart.com.br\/baixada\/wp-json\/wp\/v2\/users\/2"}],"replies":[{"embeddable":true,"href":"https:\/\/hostnetart.com.br\/baixada\/wp-json\/wp\/v2\/comments?post=6308"}],"version-history":[{"count":0,"href":"https:\/\/hostnetart.com.br\/baixada\/wp-json\/wp\/v2\/posts\/6308\/revisions"}],"wp:featuredmedia":[{"embeddable":true,"href":"https:\/\/hostnetart.com.br\/baixada\/wp-json\/wp\/v2\/media\/6307"}],"wp:attachment":[{"href":"https:\/\/hostnetart.com.br\/baixada\/wp-json\/wp\/v2\/media?parent=6308"}],"wp:term":[{"taxonomy":"category","embeddable":true,"href":"https:\/\/hostnetart.com.br\/baixada\/wp-json\/wp\/v2\/categories?post=6308"},{"taxonomy":"post_tag","embeddable":true,"href":"https:\/\/hostnetart.com.br\/baixada\/wp-json\/wp\/v2\/tags?post=6308"}],"curies":[{"name":"wp","href":"https:\/\/api.w.org\/{rel}","templated":true}]}}