{"id":6306,"date":"2019-03-21T15:10:48","date_gmt":"2019-03-21T18:10:48","guid":{"rendered":"https:\/\/hostnetart.com.br\/baixada\/trabalhadores-vao-as-ruas-contra-a-reforma-da-previdencia\/"},"modified":"2019-03-21T15:10:48","modified_gmt":"2019-03-21T18:10:48","slug":"trabalhadores-vao-as-ruas-contra-a-reforma-da-previdencia","status":"publish","type":"post","link":"https:\/\/hostnetart.com.br\/baixada\/trabalhadores-vao-as-ruas-contra-a-reforma-da-previdencia\/","title":{"rendered":"Trabalhadores v\u00e3o \u00e0s ruas contra a reforma da Previd\u00eancia"},"content":{"rendered":"<p>As centrais sindicais e os movimentos populares v\u00e3o realizar manifesta\u00e7\u00f5es em diversas cidades do pa\u00eds na sexta-feira, 22 de mar\u00e7o, em protesto contra a proposta de reforma da Previd\u00eancia, apresentada ao Congresso Nacional pelo governo Bolsonaro. J\u00e1 est\u00e3o confirmados atos em quase 100 cidades em todo o pa\u00eds. Os banc\u00e1rios v\u00e3o aderir \u00e0s atividades e realizar\u00e3o atividades pr\u00f3prias da categoria.<\/p>\n<p>Se a proposta de reforma da Previd\u00eancia apresentada pelo governo for aprovada as pessoas ser\u00e3o obrigadas a trabalhar e contribuir por mais tempo, mas receber\u00e3o menos. Ao mesmo tempo, o governo e as empresas ser\u00e3o isentas de dar suas contribui\u00e7\u00f5es.<\/p>\n<p>Os trabalhadores v\u00e3o \u00e0s ruas para defender seu direito de se aposentar e receber um valor justo pela contribui\u00e7\u00e3o que d\u00e3o para o desenvolvimento do pa\u00eds.<\/p>\n<p>O governo quer estipular a idade m\u00ednima de 62 anos para mulheres e de 65 anos para homens se aposentarem e extinguir o direito da aposentadoria por tempo de contribui\u00e7\u00e3o. Al\u00e9m disso, a idade m\u00ednima aumentar\u00e1 a cada quatro, de acordo com o aumento da expectativa de vida da popula\u00e7\u00e3o brasileira.<a href=\"https:\/\/g1.globo.com\/bemestar\/noticia\/2018\/11\/29\/expectativa-de-vida-do-brasileiro-ao-nascer-foi-de-76-anos-em-2017-diz-ibge.ghtml\">Dados do IBGE<\/a> mostram que, na maioria dos estados do Norte e Nordeste a expectativa de vida ao nascer em 2017 era de 70 anos a 73 anos. Nos estados do Sul e Sudeste chegava a 79 anos. Mesmo em uma mesma cidade a expectativa pode sofrer muita varia\u00e7\u00e3o, dependendo da qualidade de vida da pessoa. O <a href=\"https:\/\/g1.globo.com\/sao-paulo\/noticia\/em-sp-morador-dos-jardins-vive-23-anos-a-mais-do-que-o-do-jardim-angela-aponta-mapa-da-desigualdade.ghtml\">Mapa da Desigualdade 2017<\/a>, elaborado pela Rede Nossa S\u00e3o Paulo, mostra que enquanto, o morador dos Jardins vive 79,4 anos, em m\u00e9dia, o morador do Jardim \u00c2ngela vive 55,7 anos.<\/p>\n<h3><strong>Tempo de contribui\u00e7\u00e3o<\/strong><\/h3>\n<p>Al\u00e9m da idade m\u00ednima, o governo quer aumentar o tempo contribui\u00e7\u00e3o. As pessoas ter\u00e3o que contribuir por 20 anos para receber apenas 60% do benef\u00edcio. Se quiser receber 100% do benef\u00edcio, ter\u00e3o que contribuir por 40 anos. Mesmo assim, n\u00e3o receber\u00e3o o valor integral da aposentadoria. \u00c9 que o governo quer alterar a forma de c\u00e1lculo da contribui\u00e7\u00e3o. Hoje o c\u00e1lculo \u00e9 feito sobre os 80% dos maiores valores pagos. Com a nova proposta, o c\u00e1lculo levar\u00e1 em conta a totalidade das contribui\u00e7\u00f5es, desde quando a pessoa come\u00e7ou a trabalhar.<\/p>\n<p><strong>Mulheres<\/strong><\/p>\n<p>A reforma ser\u00e1 prejudicial para todos os trabalhadores, mas ainda mais para as mulheres. Hoje, a idade m\u00ednima para aquelas que vivem abaixo da linha da pobreza e n\u00e3o conseguiram contribuir por 15 anos \u00e9 de 60 anos. Vai subir para 62 anos.<\/p>\n<p><a href=\"https:\/\/www.cut.org.br\/noticias\/mais-de-78-cidades-ja-marcaram-atos-para-o-dia-22-confira-onde-tem-e-participe-1f96\">Veja programa\u00e7\u00e3o das atividades<\/a><\/p>\n<p>\u00a0<\/p>\n<p><strong>Fonte: Contraf-CUT<\/strong><\/p>\n","protected":false},"excerpt":{"rendered":"<p>As centrais sindicais e os movimentos populares v\u00e3o realizar manifesta\u00e7\u00f5es em diversas cidades do pa\u00eds na sexta-feira, 22 de mar\u00e7o, em protesto contra a proposta de reforma da Previd\u00eancia, apresentada ao Congresso Nacional pelo governo Bolsonaro. J\u00e1 est\u00e3o confirmados atos em quase 100 cidades em todo o pa\u00eds. Os banc\u00e1rios v\u00e3o aderir \u00e0s atividades e [&hellip;]<\/p>\n","protected":false},"author":2,"featured_media":6305,"comment_status":"","ping_status":"","sticky":false,"template":"","format":"standard","meta":{"footnotes":""},"categories":[3],"tags":[],"class_list":["post-6306","post","type-post","status-publish","format-standard","has-post-thumbnail","hentry","category-noticias"],"_links":{"self":[{"href":"https:\/\/hostnetart.com.br\/baixada\/wp-json\/wp\/v2\/posts\/6306","targetHints":{"allow":["GET"]}}],"collection":[{"href":"https:\/\/hostnetart.com.br\/baixada\/wp-json\/wp\/v2\/posts"}],"about":[{"href":"https:\/\/hostnetart.com.br\/baixada\/wp-json\/wp\/v2\/types\/post"}],"author":[{"embeddable":true,"href":"https:\/\/hostnetart.com.br\/baixada\/wp-json\/wp\/v2\/users\/2"}],"replies":[{"embeddable":true,"href":"https:\/\/hostnetart.com.br\/baixada\/wp-json\/wp\/v2\/comments?post=6306"}],"version-history":[{"count":0,"href":"https:\/\/hostnetart.com.br\/baixada\/wp-json\/wp\/v2\/posts\/6306\/revisions"}],"wp:featuredmedia":[{"embeddable":true,"href":"https:\/\/hostnetart.com.br\/baixada\/wp-json\/wp\/v2\/media\/6305"}],"wp:attachment":[{"href":"https:\/\/hostnetart.com.br\/baixada\/wp-json\/wp\/v2\/media?parent=6306"}],"wp:term":[{"taxonomy":"category","embeddable":true,"href":"https:\/\/hostnetart.com.br\/baixada\/wp-json\/wp\/v2\/categories?post=6306"},{"taxonomy":"post_tag","embeddable":true,"href":"https:\/\/hostnetart.com.br\/baixada\/wp-json\/wp\/v2\/tags?post=6306"}],"curies":[{"name":"wp","href":"https:\/\/api.w.org\/{rel}","templated":true}]}}