{"id":6304,"date":"2019-03-21T15:09:50","date_gmt":"2019-03-21T18:09:50","guid":{"rendered":"https:\/\/hostnetart.com.br\/baixada\/dia-26-de-marco-e-dia-de-usar-preto-na-caixa\/"},"modified":"2019-03-21T15:09:50","modified_gmt":"2019-03-21T18:09:50","slug":"dia-26-de-marco-e-dia-de-usar-preto-na-caixa","status":"publish","type":"post","link":"https:\/\/hostnetart.com.br\/baixada\/dia-26-de-marco-e-dia-de-usar-preto-na-caixa\/","title":{"rendered":"Dia 26 de mar\u00e7o \u00e9 dia de usar preto na Caixa"},"content":{"rendered":"<div class=\"elementor-element elementor-element-194680ec elementor-widget elementor-widget-theme-post-content\" data-id=\"194680ec\" data-element_type=\"theme-post-content.default\">\n<div class=\"elementor-widget-container\">\n<p>Os empregados da Caixa de todo o Brasil v\u00e3o vestir preto no pr\u00f3ximo dia 26 e postar fotos com a hashtag #ACaixa\u00e9doBrasil. No dia, tamb\u00e9m haver\u00e1 reuni\u00e3o nas ag\u00eancias e atividades de ruas com a popula\u00e7\u00e3o para preparar o ato do dia 26 de abril, contra o fatiamento da Loteria Instant\u00e2nea Exclusiva (Lotex).<\/p>\n<p>O Banco Nacional de Desenvolvimento Econ\u00f4mico e Social (BNDES) adiou novamente, nesta semana, o leil\u00e3o de concess\u00e3o da Lotex. A nova data agora \u00e9 dia 26 de abril, e n\u00e3o mais 26 de mar\u00e7o. Esta \u00e9 a quarta prorroga\u00e7\u00e3o da data do certame e a quinta tentativa do governo federal para conceder a explora\u00e7\u00e3o da Lotex \u00e0 iniciativa privada.<\/p>\n<p>\u201c\u00c9 importante que no per\u00edodo que antecede esta data intensifiquemos a mobiliza\u00e7\u00e3o dos empregados e da sociedade em defesa da Caixa para mostrar ao governo que n\u00e3o interessa a ningu\u00e9m est\u00e1 privatiza\u00e7\u00e3o. N\u00e3o tem sentido privatizar a Lotex. Por isso, a resist\u00eancia das entidades representativas dos trabalhadores e da sociedade \u00e9 fundamental para barrar as amea\u00e7as contra o patrim\u00f4nio do povo brasileiro\u201d, afirmou S\u00e9rgio Takemoto, secret\u00e1rio de Finan\u00e7as da Contraf-CUT.<\/p>\n<p>\u00a0<\/p>\n<p><strong>Fonte: Contraf-CUT<\/strong><\/p>\n<\/div>\n<\/div>\n","protected":false},"excerpt":{"rendered":"<p>Os empregados da Caixa de todo o Brasil v\u00e3o vestir preto no pr\u00f3ximo dia 26 e postar fotos com a hashtag #ACaixa\u00e9doBrasil. No dia, tamb\u00e9m haver\u00e1 reuni\u00e3o nas ag\u00eancias e atividades de ruas com a popula\u00e7\u00e3o para preparar o ato do dia 26 de abril, contra o fatiamento da Loteria Instant\u00e2nea Exclusiva (Lotex). O Banco [&hellip;]<\/p>\n","protected":false},"author":2,"featured_media":6303,"comment_status":"","ping_status":"","sticky":false,"template":"","format":"standard","meta":{"footnotes":""},"categories":[3],"tags":[],"class_list":["post-6304","post","type-post","status-publish","format-standard","has-post-thumbnail","hentry","category-noticias"],"_links":{"self":[{"href":"https:\/\/hostnetart.com.br\/baixada\/wp-json\/wp\/v2\/posts\/6304","targetHints":{"allow":["GET"]}}],"collection":[{"href":"https:\/\/hostnetart.com.br\/baixada\/wp-json\/wp\/v2\/posts"}],"about":[{"href":"https:\/\/hostnetart.com.br\/baixada\/wp-json\/wp\/v2\/types\/post"}],"author":[{"embeddable":true,"href":"https:\/\/hostnetart.com.br\/baixada\/wp-json\/wp\/v2\/users\/2"}],"replies":[{"embeddable":true,"href":"https:\/\/hostnetart.com.br\/baixada\/wp-json\/wp\/v2\/comments?post=6304"}],"version-history":[{"count":0,"href":"https:\/\/hostnetart.com.br\/baixada\/wp-json\/wp\/v2\/posts\/6304\/revisions"}],"wp:featuredmedia":[{"embeddable":true,"href":"https:\/\/hostnetart.com.br\/baixada\/wp-json\/wp\/v2\/media\/6303"}],"wp:attachment":[{"href":"https:\/\/hostnetart.com.br\/baixada\/wp-json\/wp\/v2\/media?parent=6304"}],"wp:term":[{"taxonomy":"category","embeddable":true,"href":"https:\/\/hostnetart.com.br\/baixada\/wp-json\/wp\/v2\/categories?post=6304"},{"taxonomy":"post_tag","embeddable":true,"href":"https:\/\/hostnetart.com.br\/baixada\/wp-json\/wp\/v2\/tags?post=6304"}],"curies":[{"name":"wp","href":"https:\/\/api.w.org\/{rel}","templated":true}]}}