{"id":6296,"date":"2019-03-20T15:42:28","date_gmt":"2019-03-20T18:42:28","guid":{"rendered":"https:\/\/hostnetart.com.br\/baixada\/mais-de-65-cidades-ja-marcaram-atos-para-o-dia-22-confira-onde-tem-e-participe\/"},"modified":"2019-03-20T15:42:28","modified_gmt":"2019-03-20T18:42:28","slug":"mais-de-65-cidades-ja-marcaram-atos-para-o-dia-22-confira-onde-tem-e-participe","status":"publish","type":"post","link":"https:\/\/hostnetart.com.br\/baixada\/mais-de-65-cidades-ja-marcaram-atos-para-o-dia-22-confira-onde-tem-e-participe\/","title":{"rendered":"Mais de 65 cidades j\u00e1 marcaram atos para o dia 22. Confira onde tem e participe!"},"content":{"rendered":"<p>Na pr\u00f3xima sexta-feira, dia 22 de mar\u00e7o, Dia Nacional de Luta em Defesa da Previd\u00eancia, a CUT, demais centrais e movimentos sociais v\u00e3o as ruas de todo o pa\u00eds para lutar contra a propsota de reforma da Previd\u00eancia do governo de jair Bolsonaro (PSL) que, na pr\u00e1tica, acaba com as chances de milh\u00f5es de trabalhadores e trabalhadoras de se aposentar.<\/p>\n<p>J\u00e1 tem atos, panfletagens e outras a\u00e7\u00f5es marcados em 65 cidades de todo o Brasil, sendo que do total 18 s\u00e3o em capitais dos Estados, uma em Bras\u00edlia e 46 em cidades das regi\u00f5es metropolitanas ou no interior dos estados (<strong>confira a lita no final do texto<\/strong>).<\/p>\n<p>A mobiliza\u00e7\u00e3o desta sexta \u00e9 um esquenta para a greve geral que a classe trabalhadora vai fazer caso Bolsonaro insista em aprovar essa reforma perversa que dificulta o acesso \u00e0 aposentadoria, reduz o valor dos benef\u00edcios, prejudica mais os trabalhadores e trabalhadoras mais pobres, que entram mais cedo no mercado de trabalho,\u00a0<strong><a href=\"https:\/\/www.cut.org.br\/noticias\/para-bolsonaro-dificultar-aposentadoria-de-pobre-e-combater-privilegios-8303\">em especial dos trabalhadores mais pobres.<\/a><\/strong><\/p>\n<p>Se o Congresso Nacional aprovar o texto da Proposta de Emenda Constitucional (PEC 06\/2019) milhares de trabalhadores e trabalhadoras n\u00e3o v\u00e3o conseguir se aposentar e muitos se aposentar\u00e3o com benef\u00edcios de menos de um sal\u00e1rio m\u00ednimo. E os que j\u00e1 est\u00e3o aposentados ter\u00e3o o valor dos benef\u00edcios achatados. A reforma de Bolsonaro \u00e9 muito\u00a0<strong><a href=\"https:\/\/www.cut.org.br\/noticias\/para-bolsonaro-dificultar-aposentadoria-de-pobre-e-combater-privilegios-8303\">pior do que a do ileg\u00edtimo Michel Temer<\/a><\/strong>\u00a0(MDB).<\/p>\n<p>A PEC imp\u00f5e a obrigatoriedade da idade m\u00ednima de 65 anos (homens) e 62 anos (mulheres) se aposentarem, aumenta o tempo de contribui\u00e7\u00e3o de 15 para 20 anos para receber benef\u00edcio parcial e acaba com a vincula\u00e7\u00e3o entre os benef\u00edcios previdenci\u00e1rios e o sal\u00e1rio m\u00ednimo. Isso significa que os reajustes dos aposentados ser\u00e3o menores do que os reajustes dos sal\u00e1rios m\u00ednimos.\u00a0E mais: a reforma de Bolsonaro prev\u00ea que a idade m\u00ednima aumentar\u00e1 a cada quatro anos a partir de 2024. Ou seja, a regra para que um trabalhador possa se aposentar no futuro poder\u00e1 ficar ainda pior.<\/p>\n<div class=\"dd-banners dd-showing\" data-position=\"news_3\">\n<div><a title=\"22 de mar\u00e7o | Dia Nacional de Luta em Defesa da Previd\u00eancia\" href=\"https:\/\/www.cut.org.br\/acao\/22-de-marco-dia-nacional-de-luta-em-defesa-da-previdencia-4148\" target=\"_self\"><picture><source srcset=\"\/images\/cache\/systemuploadsbannerfd897443507b3157b-320x260xfit-848aa.png\" media=\"(min-width: 1200px)\" \/><source srcset=\"\/images\/cache\/systemuploadsbannerfd897443507b3157b-320x260xfit-047e3.png\" media=\"(min-width: 728px)\" \/><img decoding=\"async\" src=\"https:\/\/www.cut.org.br\/images\/cache\/systemuploadsbannerfd897443507b3157b-320x260xfit-21b45.png\" alt=\"22 de mar\u00e7o | Dia Nacional de Luta em Defesa da Previd\u00eancia\" \/><\/picture><\/a><\/div>\n<\/div>\n<p><strong>Confira a lista de atos marcados no seu estado:<\/strong>\u00a0<\/p>\n<p><a href=\"https:\/\/www.cut.org.br\/noticias\/mais-de-65-cidades-ja-marcaram-atos-para-o-dia-22-confira-onde-tem-e-participe-1f96#acre\">ACRE<\/a>\u00a0|\u00a0<a href=\"https:\/\/www.cut.org.br\/noticias\/mais-de-65-cidades-ja-marcaram-atos-para-o-dia-22-confira-onde-tem-e-participe-1f96#alagoas\">ALAGOAS<\/a>\u00a0|\u00a0<a href=\"https:\/\/www.cut.org.br\/noticias\/mais-de-65-cidades-ja-marcaram-atos-para-o-dia-22-confira-onde-tem-e-participe-1f96#bahia\">BAHIA<\/a>\u00a0|\u00a0<a href=\"https:\/\/www.cut.org.br\/noticias\/mais-de-65-cidades-ja-marcaram-atos-para-o-dia-22-confira-onde-tem-e-participe-1f96#ceara\">CEAR\u00c1<\/a>\u00a0|\u00a0<a href=\"https:\/\/www.cut.org.br\/noticias\/mais-de-65-cidades-ja-marcaram-atos-para-o-dia-22-confira-onde-tem-e-participe-1f96#distrito\">DISTRITO FEDERAL<\/a>\u00a0|\u00a0<a href=\"https:\/\/www.cut.org.br\/noticias\/mais-de-65-cidades-ja-marcaram-atos-para-o-dia-22-confira-onde-tem-e-participe-1f96#goias\">GOI\u00c1S<\/a>\u00a0|\u00a0<a href=\"https:\/\/www.cut.org.br\/noticias\/mais-de-65-cidades-ja-marcaram-atos-para-o-dia-22-confira-onde-tem-e-participe-1f96#mato-grosso\">MATO GROSSO<\/a>\u00a0|\u00a0<a href=\"https:\/\/www.cut.org.br\/noticias\/mais-de-65-cidades-ja-marcaram-atos-para-o-dia-22-confira-onde-tem-e-participe-1f96#mato-grosso-do-sul\">MATO GROSSO DO SUL<\/a>\u00a0|\u00a0<a href=\"https:\/\/www.cut.org.br\/noticias\/mais-de-65-cidades-ja-marcaram-atos-para-o-dia-22-confira-onde-tem-e-participe-1f96#minas-gerais\">MINAS GERAIS<\/a>\u00a0|\u00a0<a href=\"https:\/\/www.cut.org.br\/noticias\/mais-de-65-cidades-ja-marcaram-atos-para-o-dia-22-confira-onde-tem-e-participe-1f96#para\">PAR\u00c1<\/a>\u00a0|\u00a0<a href=\"https:\/\/www.cut.org.br\/noticias\/mais-de-65-cidades-ja-marcaram-atos-para-o-dia-22-confira-onde-tem-e-participe-1f96#parana\">PARAN\u00c1<\/a>\u00a0|\u00a0<a href=\"https:\/\/www.cut.org.br\/noticias\/mais-de-65-cidades-ja-marcaram-atos-para-o-dia-22-confira-onde-tem-e-participe-1f96#pernambuco\">PERNAMBUCO<\/a>\u00a0|\u00a0<a href=\"https:\/\/www.cut.org.br\/noticias\/mais-de-65-cidades-ja-marcaram-atos-para-o-dia-22-confira-onde-tem-e-participe-1f96#piaui\">PIAU\u00cd<\/a>\u00a0|\u00a0<a href=\"https:\/\/www.cut.org.br\/noticias\/mais-de-65-cidades-ja-marcaram-atos-para-o-dia-22-confira-onde-tem-e-participe-1f96#rio-de-janeiro\">RIO DE JANEIRO<\/a>\u00a0|\u00a0<a href=\"https:\/\/www.cut.org.br\/noticias\/mais-de-65-cidades-ja-marcaram-atos-para-o-dia-22-confira-onde-tem-e-participe-1f96#rio-grande-do-norte\">RIO GRANDE DO NORTE<\/a>\u00a0|\u00a0<a href=\"https:\/\/www.cut.org.br\/noticias\/mais-de-65-cidades-ja-marcaram-atos-para-o-dia-22-confira-onde-tem-e-participe-1f96#rio-grande-do-sul\">RIO GRANDE DO SUL<\/a>\u00a0|\u00a0<a href=\"https:\/\/www.cut.org.br\/noticias\/mais-de-65-cidades-ja-marcaram-atos-para-o-dia-22-confira-onde-tem-e-participe-1f96#santa-catarina\">SANTA CATARINA<\/a>\u00a0|\u00a0<a href=\"https:\/\/www.cut.org.br\/noticias\/mais-de-65-cidades-ja-marcaram-atos-para-o-dia-22-confira-onde-tem-e-participe-1f96#sao-paulo\">S\u00c3O PAULO<\/a>\u00a0|\u00a0<a href=\"https:\/\/www.cut.org.br\/noticias\/mais-de-65-cidades-ja-marcaram-atos-para-o-dia-22-confira-onde-tem-e-participe-1f96#sergipe\">SERGIPE<\/a><\/p>\n<h5><strong>ACRE<\/strong><\/h5>\n<ul>\n<li><strong>Rio Branco<\/strong>\u00a0\u2013 ato \u00e0s 8h, em frente \u00e0 sede do governo do estado (Pal\u00e1cio Rio Branco), tem panfletagem tamb\u00e9m<\/li>\n<\/ul>\n<h5><strong>ALAGOAS<\/strong><\/h5>\n<ul>\n<li><strong>Macei\u00f3 &#8211;\u00a0<\/strong>ato \u00e0s\u00a015h, na Pra\u00e7a Centen\u00e1rio<\/li>\n<li><strong>Arapiraca<\/strong>\u00a0&#8211; ato \u00e0s 9h na Pra\u00e7a da Prefeitura<\/li>\n<li><\/li>\n<\/ul>\n<h5><strong>BAHIA<\/strong><\/h5>\n<ul>\n<li><strong>Salvador\u00a0&#8211;\u00a0<\/strong>ato \u00e0s 9h, no R\u00f3tula do Abacaxi<\/li>\n<\/ul>\n<h5><strong>CEAR\u00c1<\/strong><\/h5>\n<ul>\n<li><strong>Fortaleza\u00a0&#8211;<\/strong>\u00a0ato \u00e0s 8h na Pra\u00e7a da Imprensa (bairro Dionizio Torres)<\/li>\n<li><strong>Juazeiro do Norte,<\/strong>\u00a0ato \u00e0s<strong>\u00a0<\/strong>16h, no Giradouro\u00a0<\/li>\n<li><strong>Sobral\u00a0<\/strong>\u2013 ato \u00e0s 7h30, na Pra\u00e7a de Cuba\u00a0<\/li>\n<li><strong>Chorozinho \u2013\u00a0<\/strong>ato \u00e0s 8h, na Pra\u00e7a da EEF Padre Enemias\u00a0<\/li>\n<li><strong>Morada Nova<\/strong>\u00a0\u2013 ato \u00e0s 7h, na Pra\u00e7a da Matriz\u00a0<\/li>\n<li><strong>Russas \u2013\u00a0<\/strong>Ato \u00e0s 7h, na Pra\u00e7a Monsenhor Jo\u00e3o Luiz\u00a0<\/li>\n<li><strong>Aracati\u00a0<\/strong>\u2013 ato \u00e0s 8h, na Pra\u00e7a dos Prazeres\u00a0<\/li>\n<li><strong>Jaguaruana<\/strong>\u00a0\u2013 ato \u00e0s 9h, na Pra\u00e7a da Prefeitura\u00a0<\/li>\n<li><strong>Itai\u00e7aba<\/strong>\u00a0\u2013 Ato \u00e0s 7h, na EEF Dulcineia Gomes Dinis\u00a0<\/li>\n<li><strong>Solonopole<\/strong>\u00a0\u2013 Ato \u00e0s 9h30, no Gin\u00e1sio Poliesportivo\u00a0<\/li>\n<li><strong>Pereiro\u00a0<\/strong>\u2013 ato \u00e0s 7h, na Pra\u00e7a da Matriz\u00a0<\/li>\n<li><strong>Itapipoca\u00a0<\/strong>\u2013 ato \u00e0s 8h, na Pra\u00e7a dos Motoristas\u00a0<\/li>\n<li><strong>Iguatu<\/strong>\u00a0\u2013 Ato \u00e0s 8h, na Pra\u00e7a da Caixa Econ\u00f4mica\u00a0<\/li>\n<li><strong>Tiangu\u00e1<\/strong>\u00a0\u2013 Ato \u00e0s 8h, na Pra\u00e7a dos Eucaliptos\u00a0<\/li>\n<li><strong>Acopiara<\/strong>\u00a0\u2013 Ato \u00e0s 8h, na Pra\u00e7a da Matriz\u00a0<\/li>\n<li><strong>Paracuru<\/strong>\u00a0\u2013 ato \u00e0s 8h, no Sindicato Rural\u00a0<\/li>\n<li><strong>Crat\u00e9us<\/strong>\u00a0\u2013 Ato \u00e0s 7h, na Coluna da Hora\u00a0<\/li>\n<li><strong>Camocim<\/strong>\u00a0\u2013 Ato \u00e0s 8h, na Pracinha do Amor\u00a0<\/li>\n<li><strong>Paraipaba<\/strong>\u00a0\u2013 Ato \u00e0s 15h30, na Pra\u00e7a do Hospital\u00a0<\/li>\n<li><strong>Martin\u00f3pole\u00a0<\/strong>\u2013 Ato \u00e0s 16h, no Galp\u00e3o dos Feirantes\u00a0<\/li>\n<li><strong>Jaguaribe<\/strong>\u00a0\u2013 Ato \u00e0s 16h, na Pra\u00e7a do F\u00f3rum<\/li>\n<\/ul>\n<h5><strong>DISTRITO FEDERAL<\/strong><\/h5>\n<ul>\n<li><strong>Bras\u00edlia<\/strong>\u00a0&#8211;\u00a0As entidades filiadas dever\u00e3o realizar reuni\u00f5es, semin\u00e1rios, assembleias, atos ou paralisa\u00e7\u00f5es junto a suas bases, denunciando os perigos da reforma de Bolsonaro e construindo a Greve Geral.\u00a0<\/li>\n<\/ul>\n<h5><strong>ESP\u00cdRITO SANTO<\/strong><\/h5>\n<ul>\n<li><strong>Vit\u00f3ria &#8211;<\/strong>\u00a0ato \u00e0s 8h, com caminhada de Jucutuqyara at\u00e9 o Pal\u00e1cio Anchieta<strong>\u00a0<\/strong><\/li>\n<\/ul>\n<h5><strong>GOI\u00c1S<\/strong><\/h5>\n<ul>\n<li><strong>Goiania\u00a0&#8211;\u00a0<\/strong>\u00e0s 6h, ato perto da Serra Dourada, na altura do KM 153 da BR<\/li>\n<\/ul>\n<h5><strong>MATO GROSSO<\/strong><\/h5>\n<ul>\n<li><strong>Cuiab\u00e1\u00a0&#8211;\u00a0<\/strong>ato\u00a0\u00e0s 16h, na Pra\u00e7a Ipiranga<\/li>\n<\/ul>\n<h5><strong>MATO GROSSO DO SUL<\/strong><\/h5>\n<ul>\n<li><strong>Campo Grande<\/strong>\u00a0\u2013 9h, paralisa\u00e7\u00e3o com ato p\u00fablico, na Pra\u00e7a do R\u00e1dio Clube. Em todo o estado a FETEMS realizou assembleias com os trabalhadores, que aprovaram greve geral no dia 22<\/li>\n<\/ul>\n<h5><strong>MINAS GERAIS<\/strong><\/h5>\n<ul>\n<li><strong>Belo Horizonte<\/strong>\u00a0&#8211; \u00e0s 17h tem ato na Pra\u00e7a Sete. Na parte da manh\u00e3, sindicalistas e militantes percorrer\u00e3o com carro de som dois bairros populosos da capital &#8211; Barreiro e Venda Nova &#8211; explicando as perversidades da reforma de Bolsonaro e fazendo panfletagens.<\/li>\n<li><strong>Montes Claros,\u00a0<\/strong>16h &#8211; Ato na Pra\u00e7a Dr. Jo\u00e3o Alves (Pra\u00e7a do Autom\u00f3vel Clube)<\/li>\n<li><strong>Cidade de Timoteo<\/strong>\u00a0\u2013 Ato \u00e0s 17h, na Pra\u00e7a 1\u00ba de Maio\u00a0<\/li>\n<li><strong>Coronel Fabriciano<\/strong>\u00a0\u2013 Ato \u00e0s 9h, Pra\u00e7a da Rodovi\u00e1ria<\/li>\n<li><strong>Ipatinga<\/strong>\u00a0\u2013 Ato \u00e0s 14h, na Pra\u00e7a 1\u00ba de Maio<\/li>\n<li><strong>Jo\u00e3o Monlevade<\/strong>\u00a0\u2013 Ato a partir das 9h, na Pra\u00e7a do Povo<\/li>\n<\/ul>\n<h5><strong>PAR\u00c1<\/strong><\/h5>\n<ul>\n<li><strong>Bel\u00e9m\u00a0&#8211;\u00a0<\/strong>\u00e0s 7h30, concentra\u00e7\u00e3o em frente ao Banco do Brasil da Avenida Ponte Vargas e caminhada, a partir das 9h, do BB at\u00e9 a ag\u00eancia do INSS, na Av Nazar\u00e9.<\/li>\n<li><strong>Marab\u00e1<\/strong>\u00a0&#8211; pela manh\u00e3 defronte do INSS e \u00e0s 15h, semin\u00e1rio sobre reforma da Previd\u00eancia na Faculdade Caraj\u00e1s<\/li>\n<\/ul>\n<h5><strong>PARAN\u00c1<\/strong><\/h5>\n<ul>\n<li><strong>Curitiba\u00a0<\/strong>&#8211; \u00e0s\u00a09h, concentra\u00e7\u00e3o na Boca Maldita e \u00e0s 11h, ato\u00a0e panfletagem, no INSS, R. Jo\u00e3o Negr\u00e3o, 11\u00a0\u00a0<\/li>\n<\/ul>\n<h5><strong>PERNAMBUCO<\/strong><\/h5>\n<ul>\n<li><strong>Recife<\/strong>\u00a0&#8211; ato \u00e0s 15h, na Pra\u00e7a\u00a0 do Derby<\/li>\n<\/ul>\n<h5><strong>PIAU\u00cd<\/strong><\/h5>\n<ul>\n<li><strong>Teresina<\/strong>\u00a0&#8211; ato \u00e0s 8h, na Pra\u00e7a Rio Branco, em frente ao INSS.<\/li>\n<\/ul>\n<h5><strong>RIO DE JANEIRO<\/strong><\/h5>\n<ul>\n<li><strong>Rio de Janeiro\u00a0&#8211;\u00a0<\/strong>ato \u00e0s 16 na Candel\u00e1ria. Depois segue em caminhada at\u00e9 a Central do Brasil<\/li>\n<\/ul>\n<h5><strong>RIO GRANDE DO NORTE<\/strong><\/h5>\n<ul>\n<li><strong>Natal<\/strong>\u00a0&#8211; \u00e0s 15h, concentra\u00e7\u00e3o no INSS, na Rua Apodi 2150. Depois, militantes e sindicalistas seguem em caminhada pelas ruas da Cidade Alta em dire\u00e7\u00e3o a Pra\u00e7a dos Tr\u00eas Poderes<\/li>\n<li><strong>Mossor\u00f3 &#8211;\u00a0<\/strong>\u00e0s\u00a06h, manifesta\u00e7\u00e3o na base da Petrobr\u00e1s e, \u00e0s\u00a08h concentra\u00e7\u00e3o no INSS. Depois, manifestantes seguir\u00e3o em caminhada pelas ruas do centro da cidade<\/li>\n<\/ul>\n<h5><strong>RIO GRANDE DO SUL<\/strong><\/h5>\n<ul>\n<li><strong>Porto Alegre<\/strong>\u00a0&#8211; ato \u00e0s 18h, na Esquina Democr\u00e1tica<\/li>\n<li><strong>Caxias do Sul\u00a0<\/strong>&#8211; ato \u00e0s 17h, na Pra\u00e7a Dante Alighieri<\/li>\n<li><strong>Santa Maria<\/strong>\u00a0&#8211; ato \u00e0s 17h30, na Pra\u00e7a Saldanha Marinho<\/li>\n<li><strong>Pelotas &#8211;<\/strong>\u00a0ato \u00e0s 18h, no Mercado P\u00fablico<\/li>\n<li><strong>Passo Fundo<\/strong>\u00a0&#8211; ato \u00e0s 17h, na Esquina Democr\u00e1tica<\/li>\n<\/ul>\n<h5><strong>SANTA CATARINA<\/strong><\/h5>\n<ul>\n<li><strong>Florian\u00f3polis<\/strong>\u00a0\u2013 ato \u00e0s 17h, no Ticen.\u00a0<\/li>\n<li><strong>Blumenau<\/strong>\u00a0&#8211; ato \u00e0s 10h, em frente ao INSS<\/li>\n<li><strong>Joinville<\/strong>\u00a0&#8211; \u00e0s 14h tem ato na Pra\u00e7a da Bandeira\u00a0<\/li>\n<li><strong>Crici\u00fama<\/strong>\u00a0&#8211;\u00a0\u00e0s 13h30 tem ato no cal\u00e7ad\u00e3o da Pra\u00e7a Nereu Ramos\u00a0<\/li>\n<li><strong>Itaja\u00ed &#8211;<\/strong>\u00a0\u00e0s 16h, tem ato em frente \u00e0 Igreja Matriz\u00a0<\/li>\n<li><strong>Lages<\/strong>\u00a0&#8211; \u00e0s 17h00, tem aul\u00e3o popular sobre a Reforma da Previd\u00eancia, no Cal\u00e7ad\u00e3o Tiago Fi\u00faza de Carvalho<\/li>\n<\/ul>\n<h5><strong>S\u00c3O PAULO<\/strong><\/h5>\n<ul>\n<li><strong>S\u00e3o Paulo<\/strong>\u00a0&#8211; ato \u00e0s 17h, em frente ao MASP, na Avenida Paulista<\/li>\n<li><strong>S\u00e3o Carlos &#8211;\u00a0<\/strong>a\u00a0partir das 9h, na\u00a0pra\u00e7a em frente ao Mercado Municipal &#8211; Centro<\/li>\n<li><strong>Bauru &#8211;<\/strong>\u00a0a<strong>\u00a0<\/strong>partir das 14h,\u00a0Audi\u00eancia P\u00fablica na C\u00e2mara Municipal &#8211; Pra\u00e7a Dom Pedro II, 1-50 &#8211; Centro<\/li>\n<li><strong>Campinas &#8211;\u00a0<\/strong>\u00e0s\u00a010h00 tem Ato dos professores e Servidores P\u00fablicos no Largo do Ros\u00e1rio, no centro;\u00a0\u00a0 \u00a0 \u00a0 \u00a0 \u00a0 \u00a0 \u00a0 \u00a0 \u00a0 \u00a0\u00e0s 16h30 \u2013 Concentra\u00e7\u00e3o para o ato e panfletagem na rua 13 de Maio e diversos terminais de \u00f4nibus; \u00e0s 18h00 \u2013 tem ato pol\u00edtico com representante das centrais, das Frentes Brasil Popular e Povo Sem Medo, movimentos\u00a0 \u00a0 \u00a0 \u00a0 \u00a0sociais e sindicatos<\/li>\n<li><strong>Grande ABC &#8211;\u00a0<\/strong>\u00e0s\u00a07h \u2013 Caminhada com a participa\u00e7\u00e3o dos sindicatos da regi\u00e3o saindo da porta da Mercedes Benz e da Ford.<\/li>\n<li><strong>Mogi das Cruzes &#8211;\u00a0<\/strong>a\u00a0partir das 10h tem ato no\u00a0Largo do Ros\u00e1rio (Pra\u00e7a da Marisa)\u00a0<\/li>\n<li><strong>Ribeir\u00e3o Preto &#8211;<\/strong>\u00a0a\u00a0partir das 17h, concentra\u00e7\u00e3o na Esplanada Dom Pedro II\u00a0<\/li>\n<li><strong>Osasco \u2013 Ato \u00e0s<\/strong>\u00a09h, em frente \u00e0 esta\u00e7\u00e3o de trem da cidade\u00a0<\/li>\n<li><strong>Carapicu\u00edba<\/strong>\u00a0\u2013 a\u00e7\u00e3o \u00e0s 5h30, em frente \u00e0 esta\u00e7\u00e3o de Carapicu\u00edba e, \u00e0s 9h, ato p\u00fablico no Cal\u00e7ad\u00e3o<\/li>\n<li><strong>Ubatuba<\/strong>\u00a0&#8211; ato \u00e0s 10h, no Ipiranguinha, POsto BR, e das 11h30 \u00e0s 18h, no cal\u00e7ad\u00e3o do centro<\/li>\n<\/ul>\n<h5>SERGIPE\u00a0<\/h5>\n<ul>\n<li><strong>Aracaju<\/strong>\u00a0&#8211; ato \u00e0s 15h, com concentra\u00e7\u00e3o em frente \u00e0 Deso, na Rua Campo do Brito<\/li>\n<\/ul>\n<p>\u00a0<\/p>\n<p><span style=\"text-decoration: underline;\"><strong>Fonte: CUT\/RJ<\/strong><\/span><\/p>\n","protected":false},"excerpt":{"rendered":"<p>Na pr\u00f3xima sexta-feira, dia 22 de mar\u00e7o, Dia Nacional de Luta em Defesa da Previd\u00eancia, a CUT, demais centrais e movimentos sociais v\u00e3o as ruas de todo o pa\u00eds para lutar contra a propsota de reforma da Previd\u00eancia do governo de jair Bolsonaro (PSL) que, na pr\u00e1tica, acaba com as chances de milh\u00f5es de trabalhadores [&hellip;]<\/p>\n","protected":false},"author":2,"featured_media":6295,"comment_status":"","ping_status":"","sticky":false,"template":"","format":"standard","meta":{"footnotes":""},"categories":[3],"tags":[],"class_list":["post-6296","post","type-post","status-publish","format-standard","has-post-thumbnail","hentry","category-noticias"],"_links":{"self":[{"href":"https:\/\/hostnetart.com.br\/baixada\/wp-json\/wp\/v2\/posts\/6296","targetHints":{"allow":["GET"]}}],"collection":[{"href":"https:\/\/hostnetart.com.br\/baixada\/wp-json\/wp\/v2\/posts"}],"about":[{"href":"https:\/\/hostnetart.com.br\/baixada\/wp-json\/wp\/v2\/types\/post"}],"author":[{"embeddable":true,"href":"https:\/\/hostnetart.com.br\/baixada\/wp-json\/wp\/v2\/users\/2"}],"replies":[{"embeddable":true,"href":"https:\/\/hostnetart.com.br\/baixada\/wp-json\/wp\/v2\/comments?post=6296"}],"version-history":[{"count":0,"href":"https:\/\/hostnetart.com.br\/baixada\/wp-json\/wp\/v2\/posts\/6296\/revisions"}],"wp:featuredmedia":[{"embeddable":true,"href":"https:\/\/hostnetart.com.br\/baixada\/wp-json\/wp\/v2\/media\/6295"}],"wp:attachment":[{"href":"https:\/\/hostnetart.com.br\/baixada\/wp-json\/wp\/v2\/media?parent=6296"}],"wp:term":[{"taxonomy":"category","embeddable":true,"href":"https:\/\/hostnetart.com.br\/baixada\/wp-json\/wp\/v2\/categories?post=6296"},{"taxonomy":"post_tag","embeddable":true,"href":"https:\/\/hostnetart.com.br\/baixada\/wp-json\/wp\/v2\/tags?post=6296"}],"curies":[{"name":"wp","href":"https:\/\/api.w.org\/{rel}","templated":true}]}}