{"id":6294,"date":"2019-03-20T13:59:03","date_gmt":"2019-03-20T16:59:03","guid":{"rendered":"https:\/\/hostnetart.com.br\/baixada\/especialista-alerta-sobre-riscos-a-posicao-estrategica-do-brasil-com-otan\/"},"modified":"2019-03-20T13:59:03","modified_gmt":"2019-03-20T16:59:03","slug":"especialista-alerta-sobre-riscos-a-posicao-estrategica-do-brasil-com-otan","status":"publish","type":"post","link":"https:\/\/hostnetart.com.br\/baixada\/especialista-alerta-sobre-riscos-a-posicao-estrategica-do-brasil-com-otan\/","title":{"rendered":"Especialista alerta sobre riscos \u00e0 posi\u00e7\u00e3o estrat\u00e9gica do Brasil com Otan"},"content":{"rendered":"<p class=\" \">Diante da possibilidade do Brasil\u00a0<a class=\"internal-link\" title=\"\" href=\"https:\/\/www.redebrasilatual.com.br\/mundo\/2019\/03\/celso-amorim-brasil-evolui-para-submissao-explicita-aos-estados-unidos\" target=\"_blank\" rel=\"noopener noreferrer\">se tornar um aliado priorit\u00e1rio extra\u00a0<\/a>da Organiza\u00e7\u00e3o do Tratado do Atl\u00e2ntico Norte (Otan), conforme acenou nesta ter\u00e7a-feira (19) o presidente dos Estados Unidos, Donald Trump, o professor Manoel Domingos, doutor em Hist\u00f3ria pela Universidade de Paris, avalia, em entrevista \u00e0\u00a0<b>R\u00e1dio Brasil Atual<\/b>, que h\u00e1 &#8220;riscos inimagin\u00e1veis&#8221; no alinhamento do pa\u00eds \u00e0 ordem estadunidense.<\/p>\n<p class=\" \">Isso porque, de acordo com o professor, a aproxima\u00e7\u00e3o com o pacto militar, implica na\u00a0<a class=\"internal-link\" title=\"\" href=\"https:\/\/www.redebrasilatual.com.br\/politica\/2019\/03\/visita-a-cia-expoe-submissao-de-bolsonaro-aos-interesses-dos-estados-unidos\" target=\"_blank\" rel=\"noopener noreferrer\">perda de posi\u00e7\u00e3o estrat\u00e9gica<\/a>. &#8220;O Brasil n\u00e3o \u00e9 qualquer um, al\u00e9m de sua capacidade econ\u00f4mica, ele tem um papel chave na Am\u00e9rica Latina&#8221;, destaca Domingos aos jornalistas Marilu Caba\u00f1as e Glauco Faria.<\/p>\n<p class=\" \">A afirma\u00e7\u00e3o de Trump feita sob consenso do presidente\u00a0<a class=\"internal-link\" title=\"\" href=\"https:\/\/www.redebrasilatual.com.br\/mundo\/2019\/03\/em-viagem-aos-eua-bolsonaro-continua-com-retorica-da-campanha-eleitoral\" target=\"_blank\" rel=\"noopener noreferrer\">Jair Bolsonaro em visita oficial<\/a>\u00a0\u00e0 Casa Branca, em Washington, ainda precisa ser aprovada pelo Congresso estadunidense, segundo especialistas. Al\u00e9m disso, o professor chama aten\u00e7\u00e3o para o que acredita ser uma estrat\u00e9gia &#8220;desesperada&#8221; dos Estados Unidos de ampliar alian\u00e7as e que, na pr\u00e1tica, o alinhamento com a Otan se dar\u00e1 essencialmente para a compra de equipamentos militares norte-americanos.<\/p>\n<p class=\" \">&#8220;\u00c9 tr\u00e1gico. Quando voc\u00ea compra uma arma e equipamentos nesse sentido, voc\u00ea n\u00e3o est\u00e1 comprando s\u00f3 uma pe\u00e7a, voc\u00ea est\u00e1 comprando cumplicidade e depend\u00eancia&#8221;, ressalta Domingos.<\/p>\n<p class=\" \">\u00a0<\/p>\n<p class=\" \"><strong>Fonte: Rede Brasil Atual<\/strong><\/p>\n","protected":false},"excerpt":{"rendered":"<p>Diante da possibilidade do Brasil\u00a0se tornar um aliado priorit\u00e1rio extra\u00a0da Organiza\u00e7\u00e3o do Tratado do Atl\u00e2ntico Norte (Otan), conforme acenou nesta ter\u00e7a-feira (19) o presidente dos Estados Unidos, Donald Trump, o professor Manoel Domingos, doutor em Hist\u00f3ria pela Universidade de Paris, avalia, em entrevista \u00e0\u00a0R\u00e1dio Brasil Atual, que h\u00e1 &#8220;riscos inimagin\u00e1veis&#8221; no alinhamento do pa\u00eds \u00e0 [&hellip;]<\/p>\n","protected":false},"author":2,"featured_media":6293,"comment_status":"","ping_status":"","sticky":false,"template":"","format":"standard","meta":{"footnotes":""},"categories":[3],"tags":[],"class_list":["post-6294","post","type-post","status-publish","format-standard","has-post-thumbnail","hentry","category-noticias"],"_links":{"self":[{"href":"https:\/\/hostnetart.com.br\/baixada\/wp-json\/wp\/v2\/posts\/6294","targetHints":{"allow":["GET"]}}],"collection":[{"href":"https:\/\/hostnetart.com.br\/baixada\/wp-json\/wp\/v2\/posts"}],"about":[{"href":"https:\/\/hostnetart.com.br\/baixada\/wp-json\/wp\/v2\/types\/post"}],"author":[{"embeddable":true,"href":"https:\/\/hostnetart.com.br\/baixada\/wp-json\/wp\/v2\/users\/2"}],"replies":[{"embeddable":true,"href":"https:\/\/hostnetart.com.br\/baixada\/wp-json\/wp\/v2\/comments?post=6294"}],"version-history":[{"count":0,"href":"https:\/\/hostnetart.com.br\/baixada\/wp-json\/wp\/v2\/posts\/6294\/revisions"}],"wp:featuredmedia":[{"embeddable":true,"href":"https:\/\/hostnetart.com.br\/baixada\/wp-json\/wp\/v2\/media\/6293"}],"wp:attachment":[{"href":"https:\/\/hostnetart.com.br\/baixada\/wp-json\/wp\/v2\/media?parent=6294"}],"wp:term":[{"taxonomy":"category","embeddable":true,"href":"https:\/\/hostnetart.com.br\/baixada\/wp-json\/wp\/v2\/categories?post=6294"},{"taxonomy":"post_tag","embeddable":true,"href":"https:\/\/hostnetart.com.br\/baixada\/wp-json\/wp\/v2\/tags?post=6294"}],"curies":[{"name":"wp","href":"https:\/\/api.w.org\/{rel}","templated":true}]}}