{"id":6292,"date":"2019-03-20T13:57:51","date_gmt":"2019-03-20T16:57:51","guid":{"rendered":"https:\/\/hostnetart.com.br\/baixada\/brasil-evolui-para-submissao-explicita-aos-estados-unidos-diz-celso-amorim\/"},"modified":"2019-03-20T13:57:51","modified_gmt":"2019-03-20T16:57:51","slug":"brasil-evolui-para-submissao-explicita-aos-estados-unidos-diz-celso-amorim","status":"publish","type":"post","link":"https:\/\/hostnetart.com.br\/baixada\/brasil-evolui-para-submissao-explicita-aos-estados-unidos-diz-celso-amorim\/","title":{"rendered":"Brasil evolui para &#8216;submiss\u00e3o expl\u00edcita&#8217; aos Estados Unidos, diz Celso Amorim"},"content":{"rendered":"<p>Na r\u00e1pida entrevista coletiva dada pelos presidentes Donald\u00a0<strong>Trump<\/strong>\u00a0e Jair\u00a0<strong>Bolsonaro<\/strong>\u00a0na\u00a0<strong>Casa Branca<\/strong>,\u00a0<a class=\"internal-link\" title=\"\" href=\"https:\/\/www.redebrasilatual.com.br\/mundo\/2019\/03\/em-viagem-aos-eua-bolsonaro-continua-com-retorica-da-campanha-eleitoral\" target=\"_self\">durante visita oficial<\/a>, no in\u00edcio da tarde de hoje (19), o norte-americano disse que \u201cBrasil e Estados Unidos nunca foram t\u00e3o pr\u00f3ximos quanto agora\u201d. Ele acrescentou que houve hostilidade de outros governos brasileiros aos Estados Unidos, sem explicitar quais, e, sobre a Venezuela, que &#8220;todas as op\u00e7\u00f5es est\u00e3o na mesa&#8221;. O colega brasileiro aproveitou para dizer sobre sua \u201csatisfa\u00e7\u00e3o\u201d de \u00a0estar em solo estadunidense \u201cdepois de algumas d\u00e9cadas de presidentes antiamericanos\u201d. Bolsonaro acrescentou: \u201cTemos muita coisa a oferecer um ao outro para o bem dos nossos povos. Ele quer uma Am\u00e9rica grande e eu tamb\u00e9m quero um Brasil grande.\u201d<\/p>\n<p>Para o diplomata Celso Amorim, a afirmativa de Bolsonaro, de que sucede uma s\u00e9rie de ex-presidentes antiamericanos, \u00e9 \u201cconceitualmente uma bobagem\u201d. Tendo ocupado cargos de embaixador no governo de Fernando Henrique Cardoso e de ministro de Itamar Franco, Luiz In\u00e1cio Lula da Silva e Dilma Rousseff, ele destaca que em nenhum desses momentos houve \u201cantiamericanismo\u201d dos governos brasileiros.<\/p>\n<p>\u201cO que existe s\u00e3o disputas naturais. Tem que reconhecer as diferen\u00e7as, at\u00e9 para se poder lidar com elas. \u00a0A n\u00e3o ser que um dos pa\u00edses resolva abrir m\u00e3o de todos os seus interesses. Est\u00e1 parecendo que \u00e9 essa a dire\u00e7\u00e3o que se est\u00e1 tomando\u201d, diz. \u201cO Brasil evoluiu de um processo em que tinha uma certa independ\u00eancia, claro que com limita\u00e7\u00f5es, para, no governo Temer, uma certa subalternidade estrat\u00e9gica impl\u00edcita, e agora para uma situa\u00e7\u00e3o\u00a0 de\u00a0<a class=\"internal-link\" title=\"\" href=\"https:\/\/www.redebrasilatual.com.br\/politica\/2019\/03\/visita-a-cia-expoe-submissao-de-bolsonaro-aos-interesses-dos-estados-unidos\" target=\"_self\">submiss\u00e3o expl\u00edcita<\/a>.\u201d<\/p>\n<p>A quest\u00e3o do chamado antiamericanismo de governos brasileiros anteriores foi muito difundida pela grande m\u00eddia, diz. Para ele, a\u00a0discord\u00e2ncia brasileira dos Estados Unidos, sobretudo em assuntos econ\u00f4micos em que os interesses da imprensa estavam envolvidos de uma forma ou de outra, provocava esse tipo de avalia\u00e7\u00e3o.<\/p>\n<p>\u00a0<\/p>\n<dl class=\"image-left captioned\">\n<dt><span class=\"tile-rights\">ARQUIVO ABR<\/span><a href=\"https:\/\/www.redebrasilatual.com.br\/mundo\/2019\/03\/celso-amorim-brasil-evolui-para-submissao-explicita-aos-estados-unidos\/Celso-Amorim_EBC.jpg\" rel=\"lightbox\"><img fetchpriority=\"high\" decoding=\"async\" class=\" lazyloaded\" title=\"Celso-Amorim_EBC.jpg\" src=\"https:\/\/www.redebrasilatual.com.br\/mundo\/2019\/03\/celso-amorim-brasil-evolui-para-submissao-explicita-aos-estados-unidos\/Celso-Amorim_EBC.jpg\/@@images\/41947873-f93a-44e4-8202-9f84aaefcafd.jpeg\" alt=\"Celso-Amorim_EBC.jpg\" width=\"360\" height=\"226\" data-src=\"https:\/\/www.redebrasilatual.com.br\/mundo\/2019\/03\/celso-amorim-brasil-evolui-para-submissao-explicita-aos-estados-unidos\/Celso-Amorim_EBC.jpg\/@@images\/41947873-f93a-44e4-8202-9f84aaefcafd.jpeg\" \/><\/a><\/dt>\n<dd class=\"image-caption\">Amorim: &#8216;N\u00e3o se pode basear um programa espacial no fato de alugar servi\u00e7os. Soberania custa caro&#8217;<\/dd>\n<\/dl>\n<p>\u201cMas \u00e9 evidente que n\u00e3o era antiamericanismo\u201d, diz. Ele lembra de per\u00edodos como no governo Jos\u00e9 Sarney, quando houve uma disputa sobre inform\u00e1tica com os EUA, ou as tentativas posteriores dos norte-americanos esvaziarem o Mercosul, com o projeto da \u00c1rea de Livre Com\u00e9rcio das Am\u00e9ricas (Alca), recusado pela maioria dos governos latino-americanos, assim como as diferen\u00e7as sobre a atitude americana no Iraque.<\/p>\n<p>\u201cEssas diferen\u00e7as se mantiveram no governo Lula, mas nada disso impediu o di\u00e1logo. Lula esteve com George W. Bush em Camp David por cinco horas. N\u00e3o vejo essa hostilidade de modo nenhum nos governos anteriores. Bush veio ao Brasil e colocou o capacete da Petrobras quando ela n\u00e3o estava sendo privatizada\u201d, lembra. \u201cO pr\u00f3prio Bush, uma vez, se dirigindo a Lula, disse que temos nossas diferen\u00e7as, mas tratar\u00edamos daquilo que nos aproxima.\u201d<\/p>\n<p>Embora seja tachado por setores conservadores, pejorativamente, como \u201cpetista\u201d, Amorim foi embaixador de Fernando Henrique Cardoso em tr\u00eas postos importantes: nas Na\u00e7\u00f5es Unidas, em organismos internacionais em Genebra (com destaque para a Organiza\u00e7\u00e3o Mundial do Com\u00e9rcio) e embaixador em Londres. \u201cNem sempre eu estava em concord\u00e2ncia com tudo. O Brasil tinha posi\u00e7\u00e3o contr\u00e1ria ao uso da for\u00e7a no Iraque e tive apoio do governo Fernando Henrique. Isso n\u00e3o quer dizer que n\u00e3o houvesse di\u00e1logo.\u201d<\/p>\n<h3>Alc\u00e2ntara, extra-Otan e Venezuela<\/h3>\n<p>Amorim destaca ainda, como preocupa\u00e7\u00f5es, as quest\u00f5es de Alc\u00e2ntara, da Venezuela e da fala de Trump segundo o qual ele tem a inten\u00e7\u00e3o de designar o Brasil como um aliado extra-Otan, \u201cou talvez um aliado da Otan\u201d \u2013 em refer\u00eancia a aliados estrat\u00e9gicos que n\u00e3o s\u00e3o membros da Organiza\u00e7\u00e3o do Tratado do Atl\u00e2ntico Norte, mas t\u00eam rela\u00e7\u00f5es com as For\u00e7as Armadas dos Estados Unidos.<\/p>\n<p>\u201cIsso nos causaria um problema internacional. O Brasil sempre foi membro dos grupos de n\u00e3o-alinhados na Confer\u00eancia do Desarmamento, que presidi duas vezes. O Brasil era visto como um pa\u00eds n\u00e3o alinhado. Se \u00e9 um aliado extra-Otan,\u00a0 j\u00e1 n\u00e3o \u00e9 n\u00e3o-alinhado. A Argentina ficou nessa posi\u00e7\u00e3o. Tinha um programa espacial importante, mais avan\u00e7ado que o brasileiro, que acabou. Isso beneficia as exporta\u00e7\u00f5es americanas, mais do que o interesse brasileiro.\u201d<\/p>\n<p>Com a ressalva de que n\u00e3o leu o tratado que permite aos Estados Unidos atuarem em Alc\u00e2ntara, Amorim acredita que os interesses deles est\u00e3o \u201cdisfar\u00e7ados com linguagem\u201d. Por exemplo, os americanos n\u00e3o dir\u00e3o que brasileiro n\u00e3o pode entrar em Alc\u00e2ntara, o que seria ofensivo \u00e0 soberania nacional, mas poder\u00e3o condicionar a presen\u00e7a de qualquer um a uma credencial de seguran\u00e7a. Como os os Estados Unidos ter\u00e3o poder de veto, hipoteticamente, um engenheiro do Instituto Nacional de Pesquisas Espaciais pode ser vetado se for considerado capaz de apreender a tecnologia deles.<\/p>\n<p>\u201cN\u00e3o se pode basear um programa espacial, assim como nas \u00e1reas nuclear e cibern\u00e9tica, no fato de alugar servi\u00e7os. Isso n\u00e3o existe. A China n\u00e3o fez isso, a R\u00fassia, a \u00cdndia, obviamente os Estados Unidos n\u00e3o fizeram isso, ou a Fran\u00e7a, s\u00f3 para falar de pa\u00edses que t\u00eam programa espacial. Soberania \u00e9 uma coisa que custa caro.\u201d\u00a0Ele lembra que tal tratado ter\u00e1 que ir ao Congresso .\u201cN\u00e3o tenho confian\u00e7a no nacionalismo desse Congresso, mas pelo menos vai permitir uma discuss\u00e3o p\u00fablica maior.\u201d<\/p>\n<p>Sobre a Venezuela, diante da frase de Trump na coletiva, de que \u201ctodas as op\u00e7\u00f5es est\u00e3o na mesa\u201d, Amorim reafirma a posi\u00e7\u00e3o de que h\u00e1 motivo para preocupa\u00e7\u00f5es. \u201cSe voc\u00ea combina a frase do Trump com a frase da v\u00e9spera de Bolsonaro, de que confiamos na capacidade b\u00e9lica dos Estados Unidos, \u00e9 pra ficar muito preocupado.\u201d<\/p>\n<p>\u201cSabemos que nossos militares t\u00eam agido com bom senso nesse aspecto, mas \u00e0s vezes h\u00e1 um limite a partir do qual n\u00e3o se pode mais controlar. Fico muito preocupado, acho que o problema na Venezuela s\u00f3 se resolve com di\u00e1logo. Juan Guaid\u00f3 \u00e9 um t\u00edtere, n\u00e3o simboliza nada. N\u00e3o tem legitimidade nem como l\u00edder da oposi\u00e7\u00e3o, diferente de (Henrique) Capriles e outros\u201d, diz o ex-ministro.<\/p>\n<p>\u00a0<\/p>\n<p><strong>Fonte: Rede Brasil Atual<\/strong><\/p>\n","protected":false},"excerpt":{"rendered":"<p>Na r\u00e1pida entrevista coletiva dada pelos presidentes Donald\u00a0Trump\u00a0e Jair\u00a0Bolsonaro\u00a0na\u00a0Casa Branca,\u00a0durante visita oficial, no in\u00edcio da tarde de hoje (19), o norte-americano disse que \u201cBrasil e Estados Unidos nunca foram t\u00e3o pr\u00f3ximos quanto agora\u201d. Ele acrescentou que houve hostilidade de outros governos brasileiros aos Estados Unidos, sem explicitar quais, e, sobre a Venezuela, que &#8220;todas as [&hellip;]<\/p>\n","protected":false},"author":2,"featured_media":6291,"comment_status":"","ping_status":"","sticky":false,"template":"","format":"standard","meta":{"footnotes":""},"categories":[3],"tags":[],"class_list":["post-6292","post","type-post","status-publish","format-standard","has-post-thumbnail","hentry","category-noticias"],"_links":{"self":[{"href":"https:\/\/hostnetart.com.br\/baixada\/wp-json\/wp\/v2\/posts\/6292","targetHints":{"allow":["GET"]}}],"collection":[{"href":"https:\/\/hostnetart.com.br\/baixada\/wp-json\/wp\/v2\/posts"}],"about":[{"href":"https:\/\/hostnetart.com.br\/baixada\/wp-json\/wp\/v2\/types\/post"}],"author":[{"embeddable":true,"href":"https:\/\/hostnetart.com.br\/baixada\/wp-json\/wp\/v2\/users\/2"}],"replies":[{"embeddable":true,"href":"https:\/\/hostnetart.com.br\/baixada\/wp-json\/wp\/v2\/comments?post=6292"}],"version-history":[{"count":0,"href":"https:\/\/hostnetart.com.br\/baixada\/wp-json\/wp\/v2\/posts\/6292\/revisions"}],"wp:featuredmedia":[{"embeddable":true,"href":"https:\/\/hostnetart.com.br\/baixada\/wp-json\/wp\/v2\/media\/6291"}],"wp:attachment":[{"href":"https:\/\/hostnetart.com.br\/baixada\/wp-json\/wp\/v2\/media?parent=6292"}],"wp:term":[{"taxonomy":"category","embeddable":true,"href":"https:\/\/hostnetart.com.br\/baixada\/wp-json\/wp\/v2\/categories?post=6292"},{"taxonomy":"post_tag","embeddable":true,"href":"https:\/\/hostnetart.com.br\/baixada\/wp-json\/wp\/v2\/tags?post=6292"}],"curies":[{"name":"wp","href":"https:\/\/api.w.org\/{rel}","templated":true}]}}