{"id":6290,"date":"2019-03-20T13:57:10","date_gmt":"2019-03-20T16:57:10","guid":{"rendered":"https:\/\/hostnetart.com.br\/baixada\/contraf-cut-participa-da-119-reuniao-da-ccasp\/"},"modified":"2019-03-20T13:57:10","modified_gmt":"2019-03-20T16:57:10","slug":"contraf-cut-participa-da-119-reuniao-da-ccasp","status":"publish","type":"post","link":"https:\/\/hostnetart.com.br\/baixada\/contraf-cut-participa-da-119-reuniao-da-ccasp\/","title":{"rendered":"Contraf-CUT participa da 119\u00b0 reuni\u00e3o da CCASP"},"content":{"rendered":"<p>A Confedera\u00e7\u00e3o Nacional dos Trabalhadores no Ramo Financeiro (Contraf-CUT) participou, nesta ter\u00e7a-feira (19), da 119\u00b0 reuni\u00e3o da CCASP.<\/p>\n<p>O representante da Contaf-CUT na mesa de seguran\u00e7a banc\u00e1ria, Elias Jord\u00e3o, revelou que a pauta foi composta por v\u00e1rios pontos de interesse dos banc\u00e1rios e da sociedade sobre o assunto seguran\u00e7a. \u201cNossa participa\u00e7\u00e3o \u00e9 muito importante pelo fato de podermos contribuir com propostas que nos interessam e tamb\u00e9m \u00e0 sociedade brasileira como um todo.\u201d<\/p>\n<p>Ele relatou que tr\u00eas pontos tiveram participa\u00e7\u00e3o essencial da categoria: Solicita\u00e7\u00e3o de relat\u00f3rios dos processos punitivos e julgados em 2018 e 2019; Combate \u00e0 clandestinidade na \u00e1rea de seguran\u00e7a que coloca em risco a vida de trabalhadores e clientes; e a Aprova\u00e7\u00e3o do Estatuto de Seguran\u00e7a Privada que abrange v\u00e1rios itens de seguran\u00e7a que nos interessam em nosso seguimento.<\/p>\n<p>\u00a0<\/p>\n<p><strong>Fonte: Contraf-CUT<\/strong><\/p>\n","protected":false},"excerpt":{"rendered":"<p>A Confedera\u00e7\u00e3o Nacional dos Trabalhadores no Ramo Financeiro (Contraf-CUT) participou, nesta ter\u00e7a-feira (19), da 119\u00b0 reuni\u00e3o da CCASP. O representante da Contaf-CUT na mesa de seguran\u00e7a banc\u00e1ria, Elias Jord\u00e3o, revelou que a pauta foi composta por v\u00e1rios pontos de interesse dos banc\u00e1rios e da sociedade sobre o assunto seguran\u00e7a. \u201cNossa participa\u00e7\u00e3o \u00e9 muito importante pelo [&hellip;]<\/p>\n","protected":false},"author":2,"featured_media":6289,"comment_status":"","ping_status":"","sticky":false,"template":"","format":"standard","meta":{"footnotes":""},"categories":[3],"tags":[],"class_list":["post-6290","post","type-post","status-publish","format-standard","has-post-thumbnail","hentry","category-noticias"],"_links":{"self":[{"href":"https:\/\/hostnetart.com.br\/baixada\/wp-json\/wp\/v2\/posts\/6290","targetHints":{"allow":["GET"]}}],"collection":[{"href":"https:\/\/hostnetart.com.br\/baixada\/wp-json\/wp\/v2\/posts"}],"about":[{"href":"https:\/\/hostnetart.com.br\/baixada\/wp-json\/wp\/v2\/types\/post"}],"author":[{"embeddable":true,"href":"https:\/\/hostnetart.com.br\/baixada\/wp-json\/wp\/v2\/users\/2"}],"replies":[{"embeddable":true,"href":"https:\/\/hostnetart.com.br\/baixada\/wp-json\/wp\/v2\/comments?post=6290"}],"version-history":[{"count":0,"href":"https:\/\/hostnetart.com.br\/baixada\/wp-json\/wp\/v2\/posts\/6290\/revisions"}],"wp:featuredmedia":[{"embeddable":true,"href":"https:\/\/hostnetart.com.br\/baixada\/wp-json\/wp\/v2\/media\/6289"}],"wp:attachment":[{"href":"https:\/\/hostnetart.com.br\/baixada\/wp-json\/wp\/v2\/media?parent=6290"}],"wp:term":[{"taxonomy":"category","embeddable":true,"href":"https:\/\/hostnetart.com.br\/baixada\/wp-json\/wp\/v2\/categories?post=6290"},{"taxonomy":"post_tag","embeddable":true,"href":"https:\/\/hostnetart.com.br\/baixada\/wp-json\/wp\/v2\/tags?post=6290"}],"curies":[{"name":"wp","href":"https:\/\/api.w.org\/{rel}","templated":true}]}}