{"id":629,"date":"2014-02-10T00:00:00","date_gmt":"2014-02-10T02:00:00","guid":{"rendered":"https:\/\/hostnetart.com.br\/baixada\/depois-do-bradesco-santander-antecipa-a-plr-dia-20-e-itau-dia-27\/"},"modified":"2014-02-10T00:00:00","modified_gmt":"2014-02-10T02:00:00","slug":"depois-do-bradesco-santander-antecipa-a-plr-dia-20-e-itau-dia-27","status":"publish","type":"post","link":"https:\/\/hostnetart.com.br\/baixada\/depois-do-bradesco-santander-antecipa-a-plr-dia-20-e-itau-dia-27\/","title":{"rendered":"Depois do Bradesco, Santander antecipa a PLR dia 20 e Ita\u00fa, dia 27"},"content":{"rendered":"<p>Os funcion\u00e1rios do Bradesco receberam antecipadamente a segunda parcela da PLR nesta sexta (7). No dia 3 passado os funcion\u00e1rios do Citibank tamb\u00e9m j\u00e1 haviam recebido. A Conven\u00e7\u00e3o Coletiva de Trabalho determina que os bancos t\u00eam at\u00e9 o dia 03 de mar\u00e7o para efetuarem o pagamento. A Contraf-CUT, no entanto, tem pressionado pela antecipa\u00e7\u00e3o e alguns bancos j\u00e1 confirmaram as datas em que efetuar\u00e3o os pagamentos.<\/p>\n<p>\u00a0<\/p>\n<p>O Santander informou que pagar\u00e1 no dia 20 e o Ita\u00fa no dia 27. O HSBC ainda n\u00e3o se posicionou em rela\u00e7\u00e3o \u00e0 reivindica\u00e7\u00e3o.<\/p>\n<p>\u00a0<\/p>\n<p>O Banco do Brasil e a Caixa Federal, que t\u00eam regras pr\u00f3prias, se posicionar\u00e3o apenas ap\u00f3s a publica\u00e7\u00e3o de seus balan\u00e7os. O resultado do BB do ano passado ser\u00e1 divulgado no dia 13 e o da Caixa, segundo informa\u00e7\u00e3o do banco p\u00fablico, s\u00f3 ocorrer\u00e1 na segunda quinzena deste m\u00eas.<\/p>\n<p>\u00a0<\/p>\n<p>A PLR \u00e9 composta por regra b\u00e1sica e parcela adicional. A regra b\u00e1sica, que \u00e9 paga em duas parcelas, corresponde a 90% do sal\u00e1rio do banc\u00e1rio mais R$ 1.694. A primeira parcela (54% do sal\u00e1rio mais R$ 1.016) foi acertada no final do ano passado e a segunda tem de vir at\u00e9 3 de mar\u00e7o.<br \/>O montante a ser distribu\u00eddo aos trabalhadores deve alcan\u00e7ar pelo menos 5% do lucro l\u00edquido do banco. Se isso n\u00e3o ocorrer, os valores s\u00e3o aumentados at\u00e9 que atinjam os 5% do resultado ou cheguem a 2,2 sal\u00e1rios dos funcion\u00e1rios, o que ocorrer primeiro.<\/p>\n<p>\u00a0<\/p>\n<p>A parcela adicional equivale \u00e0 distribui\u00e7\u00e3o de 2,2% do lucro entre os funcion\u00e1rios \u2013 ou seja, todos recebem o mesmo valor -, com limite de R$ 3.388. Do valor total ser\u00e1 descontada a antecipa\u00e7\u00e3o feita ao final da Campanha 2013.<br \/><strong>PLR sem IR<\/strong><\/p>\n<p>\u00a0<\/p>\n<p>Desde o in\u00edcio de 2013, os banc\u00e1rios tamb\u00e9m podem comemorar a mordida menor do le\u00e3o na PLR. Com a cria\u00e7\u00e3o de tabela de tributa\u00e7\u00e3o exclusiva, est\u00e1 garantida a isen\u00e7\u00e3o para quem recebe PLR de at\u00e9 R$ 6.270 e descontos menores a partir desse valor. A isen\u00e7\u00e3o era a partir de R$ 6 mil, mas o valor aumentou devido \u00e0 corre\u00e7\u00e3o de 4,5% na tabela do IR. Assim, todos pagam menos imposto, independentemente de quanto recebem como participa\u00e7\u00e3o nos lucros.<\/p>\n<p>\u00a0<\/p>\n<p>Fonte: Contraf-CUT<\/p>\n","protected":false},"excerpt":{"rendered":"<p>Os funcion\u00e1rios do Bradesco receberam antecipadamente a segunda parcela da PLR nesta sexta (7). No dia 3 passado os funcion\u00e1rios do Citibank tamb\u00e9m j\u00e1 haviam recebido. A Conven\u00e7\u00e3o Coletiva de Trabalho determina que os bancos t\u00eam at\u00e9 o dia 03 de mar\u00e7o para efetuarem o pagamento. A Contraf-CUT, no entanto, tem pressionado pela antecipa\u00e7\u00e3o e [&hellip;]<\/p>\n","protected":false},"author":1,"featured_media":0,"comment_status":"","ping_status":"","sticky":false,"template":"","format":"standard","meta":{"footnotes":""},"categories":[3],"tags":[],"class_list":["post-629","post","type-post","status-publish","format-standard","hentry","category-noticias"],"_links":{"self":[{"href":"https:\/\/hostnetart.com.br\/baixada\/wp-json\/wp\/v2\/posts\/629","targetHints":{"allow":["GET"]}}],"collection":[{"href":"https:\/\/hostnetart.com.br\/baixada\/wp-json\/wp\/v2\/posts"}],"about":[{"href":"https:\/\/hostnetart.com.br\/baixada\/wp-json\/wp\/v2\/types\/post"}],"author":[{"embeddable":true,"href":"https:\/\/hostnetart.com.br\/baixada\/wp-json\/wp\/v2\/users\/1"}],"replies":[{"embeddable":true,"href":"https:\/\/hostnetart.com.br\/baixada\/wp-json\/wp\/v2\/comments?post=629"}],"version-history":[{"count":0,"href":"https:\/\/hostnetart.com.br\/baixada\/wp-json\/wp\/v2\/posts\/629\/revisions"}],"wp:attachment":[{"href":"https:\/\/hostnetart.com.br\/baixada\/wp-json\/wp\/v2\/media?parent=629"}],"wp:term":[{"taxonomy":"category","embeddable":true,"href":"https:\/\/hostnetart.com.br\/baixada\/wp-json\/wp\/v2\/categories?post=629"},{"taxonomy":"post_tag","embeddable":true,"href":"https:\/\/hostnetart.com.br\/baixada\/wp-json\/wp\/v2\/tags?post=629"}],"curies":[{"name":"wp","href":"https:\/\/api.w.org\/{rel}","templated":true}]}}