{"id":6280,"date":"2019-03-19T17:11:04","date_gmt":"2019-03-19T20:11:04","guid":{"rendered":"https:\/\/hostnetart.com.br\/baixada\/metamorfose-burguesa-a-liquidacao-da-economia-nacional\/"},"modified":"2019-03-19T17:11:04","modified_gmt":"2019-03-19T20:11:04","slug":"metamorfose-burguesa-a-liquidacao-da-economia-nacional","status":"publish","type":"post","link":"https:\/\/hostnetart.com.br\/baixada\/metamorfose-burguesa-a-liquidacao-da-economia-nacional\/","title":{"rendered":"Metamorfose burguesa, a liquida\u00e7\u00e3o da economia nacional"},"content":{"rendered":"<p>Nas \u00faltimas tr\u00eas d\u00e9cadas, o andar de cima da sociedade brasileira apresentou importante transforma\u00e7\u00e3o. Por for\u00e7a da inser\u00e7\u00e3o passiva e subordinada do pa\u00eds na\u00a0<strong>globaliza\u00e7\u00e3o<\/strong>, patrocinada pela Era dos Fernandos (Collor, 1990-1992 e Cardoso, 1995-2002) e conduzida por grandes corpora\u00e7\u00f5es transnacionais, a trajet\u00f3ria da\u00a0<strong>industrializa\u00e7\u00e3o<\/strong>\u00a0nacional terminou sendo abandonada.<\/p>\n<p>Nos discursos dos dois presidentes da Rep\u00fablica, portadores do receitu\u00e1rio neoliberal da \u00e9poca (Consenso de Washington), a promessa de moderniza\u00e7\u00e3o nacional viria justamente com a\u00a0<strong>abertura comercial<\/strong>, financeira e tecnol\u00f3gica. O que se viu, contudo, foi o contr\u00e1rio, com a crescente depend\u00eancia tecnol\u00f3gica, dos investimentos estrangeiros e dos mercados externos para viabilizar as exporta\u00e7\u00f5es prim\u00e1rias das mercadorias concentradas em recursos naturais e no custo do trabalho rebaixado.<\/p>\n<p>Diante disso, a outrora pujante burguesia industrial a protagonizar o longo e intenso ciclo de expans\u00e3o econ\u00f4mica entre as d\u00e9cadas de 1930 e 1980, terminou se acomodando \u00e0 mediocridade pregui\u00e7osa da especula\u00e7\u00e3o e rentismo. Sua representa\u00e7\u00e3o pol\u00edtica e sindical se burocratizou e buscou sobreviver a partir dos fundos fiscais lastreados em subs\u00eddios, isen\u00e7\u00f5es e desonera\u00e7\u00f5es, quando n\u00e3o nos recursos fiscais do \u201cSistema S\u201d.<\/p>\n<p>O esvaziamento pol\u00edtico e a perda da representa\u00e7\u00e3o produtiva logo ficaram evidentes. Tanto assim que, no Congresso Nacional, a bancada patronal dominante \u00e9 a da agropecu\u00e1ria, n\u00e3o obstante ser o setor de atividade econ\u00f4mica a contribuir com menos de 10% do Produto Interno Bruto.<\/p>\n<p>A express\u00e3o disso deveu-se \u00e0 metamorfose burguesa evidenciada por duas vias distintas, por\u00e9m complementares entre si.<\/p>\n<p>De um lado, a parcela que preferiu desfazer dos seus ativos produtivos para reproduzir sua riqueza a partir da especula\u00e7\u00e3o e de aplica\u00e7\u00f5es financeiras, descartando futuras gera\u00e7\u00f5es de qualquer rela\u00e7\u00e3o com a produ\u00e7\u00e3o manufatureira.<\/p>\n<p>De outro, a parcela que seguiu no ramo dos neg\u00f3cios produtivos, por\u00e9m como comerciante, n\u00e3o mais no exerc\u00edcio da fun\u00e7\u00e3o de industrial. Ou seja, na posi\u00e7\u00e3o de substitui\u00e7\u00e3o de produtos nacionais por importados, tamb\u00e9m em articula\u00e7\u00e3o com a depend\u00eancia dos ganhos financeiros.<\/p>\n<p>Exemplos disso n\u00e3o faltam, pois \u00e9 o que os balan\u00e7os das empresas recorrentemente t\u00eam apontado. Como no caso do grupo Globo, que registrou queda de mais de 30% no lucro l\u00edquido de 2018 (R$ 1,2 bilh\u00e3o) para 2017 (R$ 1,8 bilh\u00f5es). A redu\u00e7\u00e3o n\u00e3o foi maior poque o maior grupo nacional de comunica\u00e7\u00e3o compensou com a eleva\u00e7\u00e3o da receita financeira, que passou de cerca de um ter\u00e7o do lucro l\u00edquido no ano de 2017, para quase 80% em 2018.<\/p>\n<p>Isso n\u00e3o tem sido algo isolado, mas sim um fen\u00f4meno da metamorfose burguesa. Diante disso, parece n\u00e3o haver melhor raz\u00e3o para explicar a ades\u00e3o da burguesia ao rentismo, bem como a defesa de governantes que tamb\u00e9m se posicionam favoravelmente \u00e0 especula\u00e7\u00e3o e ao saque do fundo p\u00fablico. A converg\u00eancia empresarial em rela\u00e7\u00e3o \u00e0 sustenta\u00e7\u00e3o arbitr\u00e1ria da ascens\u00e3o de Temer, em 2016, e da a\u00e7\u00e3o favor\u00e1vel \u00e0 candidatura de Bolsonarro, encontra explica\u00e7\u00e3o precisa nas pol\u00edticas neoliberais de corte de gastos operacionais e libera\u00e7\u00e3o do rentismo.<\/p>\n<p>Do conflito distributivo anterior verificado entre lucros e sal\u00e1rios, o pa\u00eds transitou para o conflito distributivo no interior do fundo p\u00fablico. Sem perspectivas de retomada do crescimento econ\u00f4mico, as reformas neoliberais de Temer \u2013 e agora de Bolsonaro \u2013 voltam-se para o sustento do rentismo atrav\u00e9s do achaque das finan\u00e7as p\u00fablicas.<\/p>\n<p>Nessa din\u00e2mica, em que poucos ganham e muitos perdem, a metamorfose burguesa pode estar espelhando a perspectiva de \u201ccompra de tempo\u201d frente ao horizonte de liquida\u00e7\u00e3o nacional.<\/p>\n<p>\u00a0<\/p>\n<p><strong>Fonte: Rede Brasil Atual<\/strong><\/p>\n","protected":false},"excerpt":{"rendered":"<p>Nas \u00faltimas tr\u00eas d\u00e9cadas, o andar de cima da sociedade brasileira apresentou importante transforma\u00e7\u00e3o. Por for\u00e7a da inser\u00e7\u00e3o passiva e subordinada do pa\u00eds na\u00a0globaliza\u00e7\u00e3o, patrocinada pela Era dos Fernandos (Collor, 1990-1992 e Cardoso, 1995-2002) e conduzida por grandes corpora\u00e7\u00f5es transnacionais, a trajet\u00f3ria da\u00a0industrializa\u00e7\u00e3o\u00a0nacional terminou sendo abandonada. Nos discursos dos dois presidentes da Rep\u00fablica, portadores do [&hellip;]<\/p>\n","protected":false},"author":2,"featured_media":6279,"comment_status":"","ping_status":"","sticky":false,"template":"","format":"standard","meta":{"footnotes":""},"categories":[3],"tags":[],"class_list":["post-6280","post","type-post","status-publish","format-standard","has-post-thumbnail","hentry","category-noticias"],"_links":{"self":[{"href":"https:\/\/hostnetart.com.br\/baixada\/wp-json\/wp\/v2\/posts\/6280","targetHints":{"allow":["GET"]}}],"collection":[{"href":"https:\/\/hostnetart.com.br\/baixada\/wp-json\/wp\/v2\/posts"}],"about":[{"href":"https:\/\/hostnetart.com.br\/baixada\/wp-json\/wp\/v2\/types\/post"}],"author":[{"embeddable":true,"href":"https:\/\/hostnetart.com.br\/baixada\/wp-json\/wp\/v2\/users\/2"}],"replies":[{"embeddable":true,"href":"https:\/\/hostnetart.com.br\/baixada\/wp-json\/wp\/v2\/comments?post=6280"}],"version-history":[{"count":0,"href":"https:\/\/hostnetart.com.br\/baixada\/wp-json\/wp\/v2\/posts\/6280\/revisions"}],"wp:featuredmedia":[{"embeddable":true,"href":"https:\/\/hostnetart.com.br\/baixada\/wp-json\/wp\/v2\/media\/6279"}],"wp:attachment":[{"href":"https:\/\/hostnetart.com.br\/baixada\/wp-json\/wp\/v2\/media?parent=6280"}],"wp:term":[{"taxonomy":"category","embeddable":true,"href":"https:\/\/hostnetart.com.br\/baixada\/wp-json\/wp\/v2\/categories?post=6280"},{"taxonomy":"post_tag","embeddable":true,"href":"https:\/\/hostnetart.com.br\/baixada\/wp-json\/wp\/v2\/tags?post=6280"}],"curies":[{"name":"wp","href":"https:\/\/api.w.org\/{rel}","templated":true}]}}