{"id":6270,"date":"2019-03-18T18:51:40","date_gmt":"2019-03-18T21:51:40","guid":{"rendered":"https:\/\/hostnetart.com.br\/baixada\/reforma-da-previdencia-joga-onus-da-crise-nos-trabalhadores\/"},"modified":"2019-03-18T18:51:40","modified_gmt":"2019-03-18T21:51:40","slug":"reforma-da-previdencia-joga-onus-da-crise-nos-trabalhadores","status":"publish","type":"post","link":"https:\/\/hostnetart.com.br\/baixada\/reforma-da-previdencia-joga-onus-da-crise-nos-trabalhadores\/","title":{"rendered":"&#8216;Reforma&#8217; da Previd\u00eancia joga \u00f4nus da crise nos trabalhadores"},"content":{"rendered":"<p class=\" \">As <strong>centrais sindicais<\/strong> convocam para esta sexta-feira (22) uma mobiliza\u00e7\u00e3o por todo o pa\u00eds contra a <strong><a class=\"external-link\" title=\"\" href=\"http:\/\/minhaaposentadoria.net.br\/\" target=\"_blank\" rel=\"noopener noreferrer\">&#8220;reforma&#8221; da Previd\u00eancia<\/a><\/strong>, proposta pelo governo de Jair Bolsonaro.\u00a0A manifesta\u00e7\u00e3o vem como reposta \u00e0 ofensiva ensaiada pelo governo federal, que j\u00e1 faz articula\u00e7\u00f5es com empres\u00e1rios, jornalistas, integrantes do sistema financeiro e pol\u00edticos para <a class=\"external-link\" title=\"\" href=\"http:\/\/minhaaposentadoria.net.br\/o-falso-discurso-da-midia-comercial-a-favor-do-desmonte-da-previdencia\/\" target=\"_blank\" rel=\"noopener noreferrer\">pregar o discurso de que sem a &#8220;reforma&#8221; da Previd\u00eancia, o pa\u00eds n\u00e3o cresce<\/a>. &#8220;O projeto do governo \u00e9 promover um desmonte da seguridade social, penalizando aqueles que mais necessitam&#8221;, contesta o presidente da CTB, Adilson Ara\u00fajo, em entrevista ao jornalista Rafael Garcia, da <b>R\u00e1dio Brasil Atual<\/b>.<\/p>\n<p class=\" \">&#8220;Quando as pessoas adoecem precisam do seguro, da assist\u00eancia social e da licen\u00e7a-maternidade, e n\u00e3o v\u00e3o encontrar isso no Posto Ipiranga, at\u00e9 porque o Posto Ipiranga do povo \u00e9 Instituto Nacional de Seguridade Social (INSS)&#8221;, destaca Adilson, em refer\u00eancia a um dos mentores da proposta de emenda \u00e0 Constitui\u00e7\u00e3o (PEC) da Previd\u00eancia, o ministro da Economia. Paulo Guedes.\u00a0<\/p>\n<p class=\" \">Na an\u00e1lise do dirigente, acompanhada tamb\u00e9m por entidades como CUT, For\u00e7a Sindical, UGT, CSB, Intersindical, CSP-Conlutas, Intersindical, CGTB e NCST, a &#8220;reforma&#8221; \u00e9 um retrocesso que n\u00e3o vai retirar o Brasil da crise financeira ao <a class=\"external-link\" title=\"\" href=\"http:\/\/minhaaposentadoria.net.br\/proposta-previdencia-dos-militares\/\" target=\"_blank\" rel=\"noopener noreferrer\">preservar os privil\u00e9gios de alguns setores<\/a> e ignorar a d\u00edvida de empresas privadas com a Previd\u00eancia.<\/p>\n<p class=\" \">&#8220;A reforma joga o \u00f4nus da crise sobre a classe trabalhadora e n\u00f3s teremos de dar como resposta as manifesta\u00e7\u00f5es, a crescente mobiliza\u00e7\u00e3o para barrar toda e qualquer possibilidade de retrocesso, atraso e preju\u00edzos que possam ser causados ao nosso povo, sobretudo, o povo pobre, humilde e que mais necessita&#8221;, defende o presidente da CTB.\u00a0<\/p>\n<p class=\" \">\u00a0<\/p>\n<p class=\" \"><strong>Fonte: Rede Brasil Atual<\/strong><\/p>\n","protected":false},"excerpt":{"rendered":"<p>As centrais sindicais convocam para esta sexta-feira (22) uma mobiliza\u00e7\u00e3o por todo o pa\u00eds contra a &#8220;reforma&#8221; da Previd\u00eancia, proposta pelo governo de Jair Bolsonaro.\u00a0A manifesta\u00e7\u00e3o vem como reposta \u00e0 ofensiva ensaiada pelo governo federal, que j\u00e1 faz articula\u00e7\u00f5es com empres\u00e1rios, jornalistas, integrantes do sistema financeiro e pol\u00edticos para pregar o discurso de que sem [&hellip;]<\/p>\n","protected":false},"author":2,"featured_media":6269,"comment_status":"","ping_status":"","sticky":false,"template":"","format":"standard","meta":{"footnotes":""},"categories":[3],"tags":[],"class_list":["post-6270","post","type-post","status-publish","format-standard","has-post-thumbnail","hentry","category-noticias"],"_links":{"self":[{"href":"https:\/\/hostnetart.com.br\/baixada\/wp-json\/wp\/v2\/posts\/6270","targetHints":{"allow":["GET"]}}],"collection":[{"href":"https:\/\/hostnetart.com.br\/baixada\/wp-json\/wp\/v2\/posts"}],"about":[{"href":"https:\/\/hostnetart.com.br\/baixada\/wp-json\/wp\/v2\/types\/post"}],"author":[{"embeddable":true,"href":"https:\/\/hostnetart.com.br\/baixada\/wp-json\/wp\/v2\/users\/2"}],"replies":[{"embeddable":true,"href":"https:\/\/hostnetart.com.br\/baixada\/wp-json\/wp\/v2\/comments?post=6270"}],"version-history":[{"count":0,"href":"https:\/\/hostnetart.com.br\/baixada\/wp-json\/wp\/v2\/posts\/6270\/revisions"}],"wp:featuredmedia":[{"embeddable":true,"href":"https:\/\/hostnetart.com.br\/baixada\/wp-json\/wp\/v2\/media\/6269"}],"wp:attachment":[{"href":"https:\/\/hostnetart.com.br\/baixada\/wp-json\/wp\/v2\/media?parent=6270"}],"wp:term":[{"taxonomy":"category","embeddable":true,"href":"https:\/\/hostnetart.com.br\/baixada\/wp-json\/wp\/v2\/categories?post=6270"},{"taxonomy":"post_tag","embeddable":true,"href":"https:\/\/hostnetart.com.br\/baixada\/wp-json\/wp\/v2\/tags?post=6270"}],"curies":[{"name":"wp","href":"https:\/\/api.w.org\/{rel}","templated":true}]}}