{"id":627,"date":"2014-02-10T00:00:00","date_gmt":"2014-02-10T02:00:00","guid":{"rendered":"https:\/\/hostnetart.com.br\/baixada\/contraf-cut-quer-discutir-com-o-itau-implantacao-de-agencias-sem-seguranca\/"},"modified":"2014-02-10T00:00:00","modified_gmt":"2014-02-10T02:00:00","slug":"contraf-cut-quer-discutir-com-o-itau-implantacao-de-agencias-sem-seguranca","status":"publish","type":"post","link":"https:\/\/hostnetart.com.br\/baixada\/contraf-cut-quer-discutir-com-o-itau-implantacao-de-agencias-sem-seguranca\/","title":{"rendered":"Contraf-CUT quer discutir com o Ita\u00fa implanta\u00e7\u00e3o de ag\u00eancias sem seguran\u00e7a"},"content":{"rendered":"<p>A Contraf-CUT enviou of\u00edcio \u00e0 dire\u00e7\u00e3o do Ita\u00fa nesta sexta-feira 7 solicitando reuni\u00e3o urgente para discutir a implementa\u00e7\u00e3o do novo modelo de \u201cag\u00eancias de neg\u00f3cios\u201d, onde trabalham banc\u00e1rios, funcionam caixas eletr\u00f4nicos, mas n\u00e3o existem vigilantes nem equipamentos de seguran\u00e7a.<\/p>\n<p>\u00a0<br \/>\u201cJ\u00e1 tivemos conhecimento de que algumas dessas ag\u00eancias, inclusive localizadas em shopping, foram assaltadas, trazendo medo e inseguran\u00e7a para funcion\u00e1rios e clientes do banco, o que \u00e9 bastante preocupante\u201d, afirma a Contraf-CUT no of\u00edcio assinado pelo presidente Carlos Cordeiro.<\/p>\n<p>\u00a0<br \/>Nesta quinta-feira 6, a Contraf-CUT denunciou essa iniciativa do Ita\u00fa ao Minist\u00e9rio da Justi\u00e7a e \u00e0 Pol\u00edcia Federal, solicitando que tomem provid\u00eancias \u201cpara fiscalizar essas ag\u00eancias e fazer com que o banco adote procedimentos de seguran\u00e7a para proteger a vida das pessoas\u201d.<\/p>\n<p>\u00a0<br \/>\u201cOs banc\u00e1rios est\u00e3o trabalhando em estabelecimentos completamente inseguros, colocando diariamente em risco as suas vidas\u201d, afirma a Contraf-CUT nos of\u00edcios ao Minist\u00e9rio e \u00e0 PF, acrescentando que \u201cesse modelo vulner\u00e1vel de ag\u00eancias descumpre a lei federal n\u00ba 7.102\/83, na medida em que h\u00e1 movimenta\u00e7\u00e3o de numer\u00e1rio diante da exist\u00eancia de caixas eletr\u00f4nicos, onde ocorrem opera\u00e7\u00f5es de abastecimento e saques em dinheiro\u201d.<\/p>\n<p>\u00a0<\/p>\n<p>Para a Confedera\u00e7\u00e3o, a instala\u00e7\u00e3o da porta de seguran\u00e7a e a presen\u00e7a de vigilantes s\u00e3o hoje indispens\u00e1veis para trazer seguran\u00e7a aos banc\u00e1rios e clientes. \u201c\u00c9 inadmiss\u00edvel que um banco, que apresentou lucro recorde de R$ 15,8 bilh\u00f5es em 2013, coloque em risco a vida de trabalhadores e clientes\u201d, denuncia a Contraf-CUT no of\u00edcio.<\/p>\n<p>\u00a0<\/p>\n<p>\u00a0<\/p>\n<p><a href=\"http:\/\/www.contrafcut.org.br\/download\/Arquivo\/1427163341.pdf\" target=\"_blank\" rel=\"noopener noreferrer\">Veja aqui<\/a>\u00a0o documento enviado pela Contraf-CUT ao Minist\u00e9rio da Justi\u00e7a.<\/p>\n<p>\u00a0<\/p>\n<p>Leia tamb\u00e9m:<\/p>\n<p>\u00a0<\/p>\n<p>&gt;\u00a0<a href=\"http:\/\/www.contrafcut.org.br\/noticias.asp?CodNoticia=37318\" target=\"_blank\" rel=\"noopener noreferrer\">Ita\u00fa, entre a gan\u00e2ncia e a irresponsabilidade com a vida das pessoas\u00a0<\/a><\/p>\n<p>\u00a0<br \/>Fonte: Contraf-CUT<\/p>\n","protected":false},"excerpt":{"rendered":"<p>A Contraf-CUT enviou of\u00edcio \u00e0 dire\u00e7\u00e3o do Ita\u00fa nesta sexta-feira 7 solicitando reuni\u00e3o urgente para discutir a implementa\u00e7\u00e3o do novo modelo de \u201cag\u00eancias de neg\u00f3cios\u201d, onde trabalham banc\u00e1rios, funcionam caixas eletr\u00f4nicos, mas n\u00e3o existem vigilantes nem equipamentos de seguran\u00e7a. \u00a0\u201cJ\u00e1 tivemos conhecimento de que algumas dessas ag\u00eancias, inclusive localizadas em shopping, foram assaltadas, trazendo medo [&hellip;]<\/p>\n","protected":false},"author":1,"featured_media":0,"comment_status":"","ping_status":"","sticky":false,"template":"","format":"standard","meta":{"footnotes":""},"categories":[3],"tags":[],"class_list":["post-627","post","type-post","status-publish","format-standard","hentry","category-noticias"],"_links":{"self":[{"href":"https:\/\/hostnetart.com.br\/baixada\/wp-json\/wp\/v2\/posts\/627","targetHints":{"allow":["GET"]}}],"collection":[{"href":"https:\/\/hostnetart.com.br\/baixada\/wp-json\/wp\/v2\/posts"}],"about":[{"href":"https:\/\/hostnetart.com.br\/baixada\/wp-json\/wp\/v2\/types\/post"}],"author":[{"embeddable":true,"href":"https:\/\/hostnetart.com.br\/baixada\/wp-json\/wp\/v2\/users\/1"}],"replies":[{"embeddable":true,"href":"https:\/\/hostnetart.com.br\/baixada\/wp-json\/wp\/v2\/comments?post=627"}],"version-history":[{"count":0,"href":"https:\/\/hostnetart.com.br\/baixada\/wp-json\/wp\/v2\/posts\/627\/revisions"}],"wp:attachment":[{"href":"https:\/\/hostnetart.com.br\/baixada\/wp-json\/wp\/v2\/media?parent=627"}],"wp:term":[{"taxonomy":"category","embeddable":true,"href":"https:\/\/hostnetart.com.br\/baixada\/wp-json\/wp\/v2\/categories?post=627"},{"taxonomy":"post_tag","embeddable":true,"href":"https:\/\/hostnetart.com.br\/baixada\/wp-json\/wp\/v2\/tags?post=627"}],"curies":[{"name":"wp","href":"https:\/\/api.w.org\/{rel}","templated":true}]}}