{"id":6268,"date":"2019-03-18T18:49:49","date_gmt":"2019-03-18T21:49:49","guid":{"rendered":"https:\/\/hostnetart.com.br\/baixada\/privatizacao-do-banco-do-brasil-pode-prejudicar-financiamentos-e-politicas-sociais\/"},"modified":"2019-03-18T18:49:49","modified_gmt":"2019-03-18T21:49:49","slug":"privatizacao-do-banco-do-brasil-pode-prejudicar-financiamentos-e-politicas-sociais","status":"publish","type":"post","link":"https:\/\/hostnetart.com.br\/baixada\/privatizacao-do-banco-do-brasil-pode-prejudicar-financiamentos-e-politicas-sociais\/","title":{"rendered":"Privatiza\u00e7\u00e3o do Banco do Brasil pode prejudicar financiamentos e pol\u00edticas sociais"},"content":{"rendered":"<p class=\" \">A mais recente declara\u00e7\u00e3o do presidente do Banco do Brasil, <a class=\"internal-link\" title=\"\" href=\"https:\/\/www.redebrasilatual.com.br\/economia\/2019\/01\/otica-do-sistema-privado-assume-bancos-publicos-no-brasil\" target=\"_blank\" rel=\"noopener noreferrer\">Rubem Novaes<\/a>, s\u00f3 confirma o que desde o in\u00edcio de sua gest\u00e3o vem sendo receio dos funcion\u00e1rios do BB, o <a class=\"internal-link\" title=\"\" href=\"https:\/\/www.redebrasilatual.com.br\/economia\/2019\/01\/2018dizer-que-banco-toma-prejuizo-com-programas-sociais-e-falacia2019\" target=\"_blank\" rel=\"noopener noreferrer\">despreparo de Novaes para assumir um banco p\u00fablico<\/a>, como ressalta o diretor da Confedera\u00e7\u00e3o Nacional dos Trabalhadores do Ramo Financeiro (Contraf-CUT) Wagner Nascimento, em entrevista ao jornalista Rafael Garcia, da <b>R\u00e1dio Brasil Atual<\/b>.<\/p>\n<p class=\" \">Em evento no Rio de Janeiro na sexta-feira (15), o presidente do banco disse estar &#8220;convencido&#8221; de que \u00e9 preciso<a class=\"internal-link\" title=\"\" href=\"https:\/\/www.redebrasilatual.com.br\/economia\/2018\/11\/bolsonaro-privatizacao-caixa-banco-do-brasil\" target=\"_blank\" rel=\"noopener noreferrer\"> privatizar a institui\u00e7\u00e3o.<\/a> Novaes chegou a afirmar que no Banco do Brasil se sente de m\u00e3os atadas. &#8220;\u00c9 como se tivesse bolas de chumbos nas pernas para competir com bancos privados&#8221;, ressaltou.<\/p>\n<p class=\" \">&#8220;Uma declara\u00e7\u00e3o equivocada, de algu\u00e9m que chegou agora e n\u00e3o conhece o banco&#8221;, rebateu Nascimento contestando, por exemplo, que mesmo n\u00e3o sendo da natureza da institui\u00e7\u00e3o p\u00fablica competir com outras institui\u00e7\u00f5es, ela \u00e9 <a class=\"internal-link\" title=\"\" href=\"https:\/\/www.redebrasilatual.com.br\/economia\/2019\/02\/pais-perde-r-4-6-bi-ao-nao-tributar-acionistas-de-itau-bradesco-e-santander\" target=\"_blank\" rel=\"noopener noreferrer\">altamente rent\u00e1vel<\/a>. &#8220;Ele (<em>Novaes<\/em>) esquece que o retorno dado pelo banco, os dividendos pagos aos acionistas e ao pr\u00f3prio governo, isso \u00e9 revertido em a\u00e7\u00f5es e pol\u00edticas&#8221;, afirma o banc\u00e1rio e diretor da Contraf-CUT.<\/p>\n<p class=\" \">Respons\u00e1vel pelo financiamento de projetos de desenvolvimento, como agricultura familiar e at\u00e9 o agroneg\u00f3cio, o Banco do Brasil tem, sendo p\u00fablico, a <a class=\"internal-link\" title=\"\" href=\"https:\/\/www.redebrasilatual.com.br\/economia\/2019\/01\/se-bolsonaro-privatizar-a-caixa-politicas-para-os-mais-pobres-estarao-em-risco\" target=\"_blank\" rel=\"noopener noreferrer\">responsabilidade com fun\u00e7\u00f5es sociais<\/a>, algo que poder\u00e1 ser posto em xeque se for privatizado. &#8220;\u00c9 um banco que n\u00e3o pode ser privatizado, ele tem seu papel na economia do pa\u00eds, n\u00e3o \u00e9 um banco que est\u00e1 simplesmente concorrendo com um outro para ver quem lucra mais&#8221;, defende. &#8220;A\u00a0gente estar\u00e1 deixando uma parte da sociedade consider\u00e1vel que precisa desse banco, \u00e0 merc\u00ea de agentes de mercado que v\u00e3o cobrar muito caro para fazer isso.&#8221;\u00a0<\/p>\n<p class=\" \">\u00a0<\/p>\n<p class=\" \"><span style=\"text-decoration: underline;\"><strong>Fonte: Rede Brasil Atual<\/strong><\/span><\/p>\n","protected":false},"excerpt":{"rendered":"<p>A mais recente declara\u00e7\u00e3o do presidente do Banco do Brasil, Rubem Novaes, s\u00f3 confirma o que desde o in\u00edcio de sua gest\u00e3o vem sendo receio dos funcion\u00e1rios do BB, o despreparo de Novaes para assumir um banco p\u00fablico, como ressalta o diretor da Confedera\u00e7\u00e3o Nacional dos Trabalhadores do Ramo Financeiro (Contraf-CUT) Wagner Nascimento, em entrevista [&hellip;]<\/p>\n","protected":false},"author":2,"featured_media":6267,"comment_status":"","ping_status":"","sticky":false,"template":"","format":"standard","meta":{"footnotes":""},"categories":[3],"tags":[],"class_list":["post-6268","post","type-post","status-publish","format-standard","has-post-thumbnail","hentry","category-noticias"],"_links":{"self":[{"href":"https:\/\/hostnetart.com.br\/baixada\/wp-json\/wp\/v2\/posts\/6268","targetHints":{"allow":["GET"]}}],"collection":[{"href":"https:\/\/hostnetart.com.br\/baixada\/wp-json\/wp\/v2\/posts"}],"about":[{"href":"https:\/\/hostnetart.com.br\/baixada\/wp-json\/wp\/v2\/types\/post"}],"author":[{"embeddable":true,"href":"https:\/\/hostnetart.com.br\/baixada\/wp-json\/wp\/v2\/users\/2"}],"replies":[{"embeddable":true,"href":"https:\/\/hostnetart.com.br\/baixada\/wp-json\/wp\/v2\/comments?post=6268"}],"version-history":[{"count":0,"href":"https:\/\/hostnetart.com.br\/baixada\/wp-json\/wp\/v2\/posts\/6268\/revisions"}],"wp:featuredmedia":[{"embeddable":true,"href":"https:\/\/hostnetart.com.br\/baixada\/wp-json\/wp\/v2\/media\/6267"}],"wp:attachment":[{"href":"https:\/\/hostnetart.com.br\/baixada\/wp-json\/wp\/v2\/media?parent=6268"}],"wp:term":[{"taxonomy":"category","embeddable":true,"href":"https:\/\/hostnetart.com.br\/baixada\/wp-json\/wp\/v2\/categories?post=6268"},{"taxonomy":"post_tag","embeddable":true,"href":"https:\/\/hostnetart.com.br\/baixada\/wp-json\/wp\/v2\/tags?post=6268"}],"curies":[{"name":"wp","href":"https:\/\/api.w.org\/{rel}","templated":true}]}}