{"id":6258,"date":"2019-03-15T16:37:42","date_gmt":"2019-03-15T19:37:42","guid":{"rendered":"https:\/\/hostnetart.com.br\/baixada\/marielle-vive-em-todas-as-mulheres-que-lutam-pela-vida\/"},"modified":"2019-03-15T16:37:42","modified_gmt":"2019-03-15T19:37:42","slug":"marielle-vive-em-todas-as-mulheres-que-lutam-pela-vida","status":"publish","type":"post","link":"https:\/\/hostnetart.com.br\/baixada\/marielle-vive-em-todas-as-mulheres-que-lutam-pela-vida\/","title":{"rendered":"Marielle vive em todas as mulheres que lutam pela vida"},"content":{"rendered":"<div class=\"elementor-element elementor-element-194680ec elementor-widget elementor-widget-theme-post-content\" data-id=\"194680ec\" data-element_type=\"theme-post-content.default\">\n<div class=\"elementor-widget-container\">\n<p>Em mar\u00e7o, dia 14 de 2018, calaram uma voz. Uma voz que mesmo ceifada, se multiplicou por todo o pa\u00eds e pelo mundo. Ap\u00f3s um ano do assassinato da vereadora carioca Marielle Franco (Psol) e do motorista Anderson Gomes, milhares de mulheres v\u00e3o \u00e0s ruas e clamam por justi\u00e7a, por democracia e contra a escurid\u00e3o do autoritarismo, da viol\u00eancia, da intoler\u00e2ncia e da crueldade.<\/p>\n<p>Morta a tiros h\u00e1 um ano, ap\u00f3s ser nomeada relatora da comiss\u00e3o que acompanha a interven\u00e7\u00e3o militar no Rio de Janeiro, a voz de Marielle soa como um grito de paz e se multiplica cada vez mais forte. Diversos movimentos sociais realizam, neste 8 de mar\u00e7o de 2019, atos, vig\u00edlias e debates pelo pa\u00eds e no mundo para homenage\u00e1-la e exigir respostas: Quem mandou matar Marielle?<\/p>\n<p>\u201cJusti\u00e7a por Marielle significa justi\u00e7a por todas n\u00f3s. A impunidade e a injusti\u00e7a completa, neste dia 14 de mar\u00e7o, um ano. \u00c9 lament\u00e1vel, diante de tamanha viol\u00eancia, crimes hediondos ficarem tanto tempo sem respostas. Pela Marielle, por todas as mulheres que sofrem com a viol\u00eancia e pela popula\u00e7\u00e3o negra que sofre com o preconceito e viol\u00eancia, a nossa luta deve se intensificar cada vez mais. N\u00e3o podemos nos calar\u201d, destaca Elaine Cutis, secret\u00e1ria da Mulher da Contraf-CUT.<\/p>\n<p>Com o mote \u201cMarielle Vive\u201d, manifesta\u00e7\u00f5es ocorrem em cerca de 25 cidades brasileiras, para reafirmar as bandeiras da vereadora que representava a luta de negros, mulheres, popula\u00e7\u00f5es perif\u00e9ricas e LGBTs.<\/p>\n<p>Desde o dia 8 de mar\u00e7o, quando a resist\u00eancia e a luta pelas causas das mulheres foram celebradas no Dia Internacional da Mulher, marcado fortemente pelo rep\u00fadio aos retrocessos pol\u00edticos e sociais representados pelo governo, movimentos por v\u00e1rias partes do mundo v\u00eam prestando homenagem ao legado de Marielle.<\/p>\n<p>\u201cMarielle vive em cada uma de n\u00f3s para continuar lutando por tudo que ela acreditava. Ela lutava com a vida. Eles tiraram sua vida, mas n\u00e3o alcan\u00e7aram o objetivo de calar suas lutas. Este legado est\u00e1 em cada uma de n\u00f3s\u201d, ressaltou Elaine.<\/p>\n<h3>Um grito de paz em todo o mundo<\/h3>\n<p>Neste dia 14, cerca de 15 cidades no exterior organizam atos, entre elas, Melbourne, na Austr\u00e1lia; Buenos Aires, na Argentina; Madri, na Espanha e Washington, nos Estados Unidos.<\/p>\n<p>Vale lembrar que ativistas do Brasil e do mundo lutam pelas causas de Marielle. Al\u00e9m de a\u00e7\u00f5es realizadas pela Anistia Internacional, as homenagens n\u00e3o pararam desde a sua morte, em Buenos Aries, Marielle foi homenageada no Parque da Mem\u00f3ria. Cerca de 500 pessoas compareceram ao ato e pediram justi\u00e7a ao crime, ap\u00f3s dois meses de seu assassinato. Na It\u00e1lia, a homenagem aconteceu na 33\u00aa edi\u00e7\u00e3o do Lovers Film Festival, a mostra de cinema LGBT mais antiga da Europa. E em uma exposi\u00e7\u00e3o nos EUA, a obra de Andr\u00e9 de Castro trouxe Marielle lado a lado com Martin Luther King.<\/p>\n<p>O Papa Francisco tamb\u00e9m se solidarizou com a morte de Marielle e entre as suas homenagens \u00e0 fam\u00edlia da ativista pol\u00edtica, o l\u00edder religioso recebeu a m\u00e3e da vereadora no Vaticano e expressou sua \u201cpreocupa\u00e7\u00e3o\u201d com casos como o da parlamentar.<\/p>\n<h3>Sess\u00e3o Solene<\/h3>\n<p>O Psol organiza ainda para o dia 18 uma sess\u00e3o solene no plen\u00e1rio da C\u00e2mara dos Deputados em homenagem a Marielle e Anderson. Em suas redes sociais, a deputada Tal\u00edria Petrone (Psol-RJ) justificou a import\u00e2ncia das manifesta\u00e7\u00f5es diante da falta de respostas ap\u00f3s um ano do crime. \u201cA importante descoberta dos que apertaram o gatilho nesse crime pol\u00edtico n\u00e3o vai nos tirar das ruas no dia 14. O Estado \u2013 com sangue nas m\u00e3os \u2013 tem que responder que grupos est\u00e3o por tr\u00e1s dessa execu\u00e7\u00e3o\u201d, afirmou a parlamentar.<\/p>\n<p>\u00a0<\/p>\n<p><strong>Fonte: Contraf-CUT<\/strong><\/p>\n<\/div>\n<\/div>\n","protected":false},"excerpt":{"rendered":"<p>Em mar\u00e7o, dia 14 de 2018, calaram uma voz. Uma voz que mesmo ceifada, se multiplicou por todo o pa\u00eds e pelo mundo. Ap\u00f3s um ano do assassinato da vereadora carioca Marielle Franco (Psol) e do motorista Anderson Gomes, milhares de mulheres v\u00e3o \u00e0s ruas e clamam por justi\u00e7a, por democracia e contra a escurid\u00e3o [&hellip;]<\/p>\n","protected":false},"author":2,"featured_media":6257,"comment_status":"","ping_status":"","sticky":false,"template":"","format":"standard","meta":{"footnotes":""},"categories":[3],"tags":[],"class_list":["post-6258","post","type-post","status-publish","format-standard","has-post-thumbnail","hentry","category-noticias"],"_links":{"self":[{"href":"https:\/\/hostnetart.com.br\/baixada\/wp-json\/wp\/v2\/posts\/6258","targetHints":{"allow":["GET"]}}],"collection":[{"href":"https:\/\/hostnetart.com.br\/baixada\/wp-json\/wp\/v2\/posts"}],"about":[{"href":"https:\/\/hostnetart.com.br\/baixada\/wp-json\/wp\/v2\/types\/post"}],"author":[{"embeddable":true,"href":"https:\/\/hostnetart.com.br\/baixada\/wp-json\/wp\/v2\/users\/2"}],"replies":[{"embeddable":true,"href":"https:\/\/hostnetart.com.br\/baixada\/wp-json\/wp\/v2\/comments?post=6258"}],"version-history":[{"count":0,"href":"https:\/\/hostnetart.com.br\/baixada\/wp-json\/wp\/v2\/posts\/6258\/revisions"}],"wp:featuredmedia":[{"embeddable":true,"href":"https:\/\/hostnetart.com.br\/baixada\/wp-json\/wp\/v2\/media\/6257"}],"wp:attachment":[{"href":"https:\/\/hostnetart.com.br\/baixada\/wp-json\/wp\/v2\/media?parent=6258"}],"wp:term":[{"taxonomy":"category","embeddable":true,"href":"https:\/\/hostnetart.com.br\/baixada\/wp-json\/wp\/v2\/categories?post=6258"},{"taxonomy":"post_tag","embeddable":true,"href":"https:\/\/hostnetart.com.br\/baixada\/wp-json\/wp\/v2\/tags?post=6258"}],"curies":[{"name":"wp","href":"https:\/\/api.w.org\/{rel}","templated":true}]}}