{"id":6256,"date":"2019-03-15T16:36:14","date_gmt":"2019-03-15T19:36:14","guid":{"rendered":"https:\/\/hostnetart.com.br\/baixada\/contraf-cut-e-uni-planejam-novo-modelo-de-sindicalizacao\/"},"modified":"2019-03-15T16:36:14","modified_gmt":"2019-03-15T19:36:14","slug":"contraf-cut-e-uni-planejam-novo-modelo-de-sindicalizacao","status":"publish","type":"post","link":"https:\/\/hostnetart.com.br\/baixada\/contraf-cut-e-uni-planejam-novo-modelo-de-sindicalizacao\/","title":{"rendered":"Contraf-CUT e Uni planejam novo modelo de sindicaliza\u00e7\u00e3o"},"content":{"rendered":"<div class=\"elementor-element elementor-element-194680ec elementor-widget elementor-widget-theme-post-content\" data-id=\"194680ec\" data-element_type=\"theme-post-content.default\">\n<div class=\"elementor-widget-container\">\n<p>A crise pode se transformar em oportunidade. Este \u00e9 a filosofia da Confedera\u00e7\u00e3o Nacional dos Trabalhadores do Ramo Financeiro (Contraf-CUT), que \u2013 em meio a dos cen\u00e1rios de maior amea\u00e7a ao movimento sindical \u2013 planeja inovar o modelo de sindicaliza\u00e7\u00e3o dos banc\u00e1rios.<\/p>\n<p>Para isso, recebeu nesta quinta-feira (14), na sua sede, em S\u00e3o Paulo, a dire\u00e7\u00e3o da Uni Finan\u00e7as (sindicato mundial de servi\u00e7os, a qual a Contraf-CUT \u00e9 filiada, e que contempla mais de 900 sindicatos filiados em 150 pa\u00edses, representando 20 milh\u00f5es de trabalhadores), que apresentou um modelo, experimentado em diversos pa\u00edses. A ideia \u00e9 sindicalizar com forma\u00e7\u00e3o sindical. \u201cO movimento sindical banc\u00e1rio \u00e9 um dos que tem o maior \u00edndice de sindicaliza\u00e7\u00e3o no Brasil. Mesmo assim, a Contraf-CUT buscou a UNI Am\u00e9ricas para construir no Brasil essa experi\u00eancia que j\u00e1 foi exitosa em v\u00e1rios pa\u00edses\u201d, explicou Gustavo Tabatinga Jr., secret\u00e1rio-geral da Contraf-CUT, que ser\u00e1 o coordenador do projeto-piloto de sindicaliza\u00e7\u00e3o.<\/p>\n<p>No in\u00edcio de maio, o grupo volta a se reunir, j\u00e1 com os coordenadores regionais da campanha sindicaliza\u00e7\u00e3o, para estabelecer as m\u00e9tricas e as datas a serem seguidas.<\/p>\n<p>Roberto von der Osten, secret\u00e1rio de Rela\u00e7\u00f5es Internacionais da Contraf-CUT, lembrou que o m\u00e9todo de sindicaliza\u00e7\u00e3o que os banc\u00e1rios utilizam s\u00e3o basicamente os mesmo desde o in\u00edcio dos nossos sindicatos, na d\u00e9cada de 1920. \u201cO mundo sofreu transforma\u00e7\u00f5es, estamos numa era digital e o sindicalizado precisa ter uma participa\u00e7\u00e3o diferenciada dentro da sua organiza\u00e7\u00e3o. E para ter uma coer\u00eancia com o movimento social participativo, n\u00e3o d\u00e1 para a vanguarda do sindicato tocar a luta e o associado ser um expectador. Ele tem que ser o protagonista das lutas sindicais. N\u00f3s vivemos numa conjuntura de forte ataque aos movimentos sindicais e sem participa\u00e7\u00e3o, vamos desaparecer. Por isso, vamos experimentar um novo formato de trazer os banc\u00e1rios para dentro dos sindicatos.\u201d<\/p>\n<p>\u00a0<\/p>\n<p><strong>Fonte: Contraf-CUT<\/strong><\/p>\n<\/div>\n<\/div>\n","protected":false},"excerpt":{"rendered":"<p>A crise pode se transformar em oportunidade. Este \u00e9 a filosofia da Confedera\u00e7\u00e3o Nacional dos Trabalhadores do Ramo Financeiro (Contraf-CUT), que \u2013 em meio a dos cen\u00e1rios de maior amea\u00e7a ao movimento sindical \u2013 planeja inovar o modelo de sindicaliza\u00e7\u00e3o dos banc\u00e1rios. Para isso, recebeu nesta quinta-feira (14), na sua sede, em S\u00e3o Paulo, a [&hellip;]<\/p>\n","protected":false},"author":2,"featured_media":6255,"comment_status":"","ping_status":"","sticky":false,"template":"","format":"standard","meta":{"footnotes":""},"categories":[3],"tags":[],"class_list":["post-6256","post","type-post","status-publish","format-standard","has-post-thumbnail","hentry","category-noticias"],"_links":{"self":[{"href":"https:\/\/hostnetart.com.br\/baixada\/wp-json\/wp\/v2\/posts\/6256","targetHints":{"allow":["GET"]}}],"collection":[{"href":"https:\/\/hostnetart.com.br\/baixada\/wp-json\/wp\/v2\/posts"}],"about":[{"href":"https:\/\/hostnetart.com.br\/baixada\/wp-json\/wp\/v2\/types\/post"}],"author":[{"embeddable":true,"href":"https:\/\/hostnetart.com.br\/baixada\/wp-json\/wp\/v2\/users\/2"}],"replies":[{"embeddable":true,"href":"https:\/\/hostnetart.com.br\/baixada\/wp-json\/wp\/v2\/comments?post=6256"}],"version-history":[{"count":0,"href":"https:\/\/hostnetart.com.br\/baixada\/wp-json\/wp\/v2\/posts\/6256\/revisions"}],"wp:featuredmedia":[{"embeddable":true,"href":"https:\/\/hostnetart.com.br\/baixada\/wp-json\/wp\/v2\/media\/6255"}],"wp:attachment":[{"href":"https:\/\/hostnetart.com.br\/baixada\/wp-json\/wp\/v2\/media?parent=6256"}],"wp:term":[{"taxonomy":"category","embeddable":true,"href":"https:\/\/hostnetart.com.br\/baixada\/wp-json\/wp\/v2\/categories?post=6256"},{"taxonomy":"post_tag","embeddable":true,"href":"https:\/\/hostnetart.com.br\/baixada\/wp-json\/wp\/v2\/tags?post=6256"}],"curies":[{"name":"wp","href":"https:\/\/api.w.org\/{rel}","templated":true}]}}