{"id":6254,"date":"2019-03-15T16:33:59","date_gmt":"2019-03-15T19:33:59","guid":{"rendered":"https:\/\/hostnetart.com.br\/baixada\/discurso-da-presidenta-global-do-santander-nao-contempla-trabalhadores\/"},"modified":"2019-03-15T16:33:59","modified_gmt":"2019-03-15T19:33:59","slug":"discurso-da-presidenta-global-do-santander-nao-contempla-trabalhadores","status":"publish","type":"post","link":"https:\/\/hostnetart.com.br\/baixada\/discurso-da-presidenta-global-do-santander-nao-contempla-trabalhadores\/","title":{"rendered":"Discurso da presidenta global do Santander n\u00e3o contempla trabalhadores"},"content":{"rendered":"<div class=\"elementor-element elementor-element-194680ec elementor-widget elementor-widget-theme-post-content\" data-id=\"194680ec\" data-element_type=\"theme-post-content.default\">\n<div class=\"elementor-widget-container\">\n<p>A presidenta global do Banco Santander, Ana Botin, esteve na manh\u00e3 desta quinta-feira (14), na torre do banco, em S\u00e3o Paulo. 600 funcion\u00e1rios estiveram presentes e mais de 11 mil assistiram, pelo aplicativo Santander Now, ao que deveria ser a apresenta\u00e7\u00e3o da estrat\u00e9gia do grupo para 2019. Por\u00e9m, acabou sendo a discri\u00e7\u00e3o de um banco que n\u00e3o existe no Brasil.<\/p>\n<p>\u201cEla se referiu ao Santander como um \u2018banco de diversidade\u2019. Por\u00e9m, esqueceu que o Santander tem poucas mulheres em cargos de lideran\u00e7a aqui no Brasil. E, que as mulheres, em m\u00e9dia, continuam ganhando menos que os homens, no cumprimento das mesmas fun\u00e7\u00f5es\u201d, lembrou o secret\u00e1rio de Assuntos Socioeconomicos da Contraf-CUT e funcion\u00e1rios do banco, M\u00e1rio Raia.<\/p>\n<p>Ana Botin disse tamb\u00e9m que n\u00e3o h\u00e1 distin\u00e7\u00e3o cultural, que o trabalhador n\u00e3o precisa ter universidade, mas pode ser um talento incr\u00edvel. \u201cEmbora o banco ofere\u00e7a bolsas de gradua\u00e7\u00e3o aos funcion\u00e1rios, fruto de luta dos trabalhadores, ele praticamente exige gradua\u00e7\u00e3o nas suas contrata\u00e7\u00f5es\u201d, informa M\u00e1rio Raia.<\/p>\n<p>A presidenta global do Banco Santander parabenizou o trabalho do presidente do banco no Brasil, Sergio Rial. Para M\u00e1rio Raia, ficou claro o desrespeito pelos trabalhadores. \u201cQuem merecia os parab\u00e9ns \u00e9 o corpo de funcion\u00e1rios, que s\u00e3o os reais respons\u00e1veis pelos excelentes resultados, com muito trabalho.\u201d Ana disse ainda que o Santander sempre buscou crescimento sustent\u00e1vel e que o banco \u00e9 respons\u00e1vel quando ajuda a uma empresa a criar empregos e uma pessoa a comprar a casa. \u201cO banco respons\u00e1vel tamb\u00e9m \u00e9 aquele que valoriza o esfor\u00e7o de cada funcion\u00e1rio que contribui para seu crescimento\u201d, completou.<\/p>\n<p>Ana Botin afirmou que o banco n\u00e3o \u00e9 uma institui\u00e7\u00e3o de caridade, pois tem acionistas e tem de ganhar dinheiro. Al\u00e9m de que n\u00e3o \u00e9 poss\u00edvel para agradar a todos o tempo todo, por isso banco busca um equil\u00edbrio entre os diversos atores da sociedade. \u201cMais uma vez ela esqueceu de falar dos trabalhadores. E quando o banco fala em procurar esse balan\u00e7o, aqui no Brasil deveria come\u00e7ar com os trabalhadores. Mas, n\u00e3o \u00e9 isso que tem ocorrido nas \u00faltimas mesas de negocia\u00e7\u00f5es\u201d, disse a coordenadora da Comiss\u00e3o de Organiza\u00e7\u00e3o dos Empregados (COE) do Santander, Maria Rosani.<\/p>\n<p>Antes de encerrar, a presidenta global do Banco Santander deixou claro a falta de responsabilidade social dos bancos. Ela disse que quer investir mais, mas precisa contar com a fortaleza das institui\u00e7\u00f5es brasileiras e a implanta\u00e7\u00e3o de reformas estruturais, como a reforma da previd\u00eancia. \u201cO interesse deles no Brasil \u00e9 apenas lucrar, sem nenhuma contrapartida social. Eles querem a Reforma da Previd\u00eancia, para poderem lucrar com a previd\u00eancia privada e n\u00e3o por se preocupar com a aposentadoria dos brasileiros\u201d, finalizou Maria Rosani.<\/p>\n<p>Depois da apresenta\u00e7\u00e3o da executiva, foi aberto a perguntas dos presentes. Por\u00e9m, nenhum dirigente sindical foi selecionado para perguntar.<\/p>\n<h3>Carta aberta de reivindica\u00e7\u00e3o \u00e0 presidenta global<\/h3>\n<p>Os dirigentes sindicais aproveitaram o evento para distribuir uma <a href=\"http:\/\/contrafcut.com.br\/wp-content\/uploads\/2019\/03\/carta-aberta-1.pdf\"><strong>carta aberta<\/strong><\/a> \u00e0 executiva para reivindicar uma reuni\u00e3o. \u201c\u2026insistimos na interlocu\u00e7\u00e3o com a presidenta mundial do banco, Ana Bot\u00edn, j\u00e1 que os desrespeitos para com os trabalhadores e seu direito de negocia\u00e7\u00e3o coletiva efetiva por parte da gest\u00e3o nacional do Santander j\u00e1 extrapolaram o limite aceit\u00e1vel, se esquivando das responsabilidades e solu\u00e7\u00f5es para os problemas. N\u00f3s, banc\u00e1rios brasileiros, n\u00e3o cobramos mais nada do que boas condi\u00e7\u00f5es de trabalho, respeito, valoriza\u00e7\u00e3o, liberdade sindical e responsabilidade social\u201d, disse o trecho da carta.<\/p>\n<p>Clique <a href=\"http:\/\/contrafcut.com.br\/wp-content\/uploads\/2019\/03\/carta-aberta-1.pdf\"><strong>aqui<\/strong><\/a> para ler a carta aberta.<\/p>\n<p>\u00a0<\/p>\n<p><strong>Fonte: Contraf-CUT<\/strong><\/p>\n<\/div>\n<\/div>\n","protected":false},"excerpt":{"rendered":"<p>A presidenta global do Banco Santander, Ana Botin, esteve na manh\u00e3 desta quinta-feira (14), na torre do banco, em S\u00e3o Paulo. 600 funcion\u00e1rios estiveram presentes e mais de 11 mil assistiram, pelo aplicativo Santander Now, ao que deveria ser a apresenta\u00e7\u00e3o da estrat\u00e9gia do grupo para 2019. Por\u00e9m, acabou sendo a discri\u00e7\u00e3o de um banco [&hellip;]<\/p>\n","protected":false},"author":2,"featured_media":6253,"comment_status":"","ping_status":"","sticky":false,"template":"","format":"standard","meta":{"footnotes":""},"categories":[3],"tags":[],"class_list":["post-6254","post","type-post","status-publish","format-standard","has-post-thumbnail","hentry","category-noticias"],"_links":{"self":[{"href":"https:\/\/hostnetart.com.br\/baixada\/wp-json\/wp\/v2\/posts\/6254","targetHints":{"allow":["GET"]}}],"collection":[{"href":"https:\/\/hostnetart.com.br\/baixada\/wp-json\/wp\/v2\/posts"}],"about":[{"href":"https:\/\/hostnetart.com.br\/baixada\/wp-json\/wp\/v2\/types\/post"}],"author":[{"embeddable":true,"href":"https:\/\/hostnetart.com.br\/baixada\/wp-json\/wp\/v2\/users\/2"}],"replies":[{"embeddable":true,"href":"https:\/\/hostnetart.com.br\/baixada\/wp-json\/wp\/v2\/comments?post=6254"}],"version-history":[{"count":0,"href":"https:\/\/hostnetart.com.br\/baixada\/wp-json\/wp\/v2\/posts\/6254\/revisions"}],"wp:featuredmedia":[{"embeddable":true,"href":"https:\/\/hostnetart.com.br\/baixada\/wp-json\/wp\/v2\/media\/6253"}],"wp:attachment":[{"href":"https:\/\/hostnetart.com.br\/baixada\/wp-json\/wp\/v2\/media?parent=6254"}],"wp:term":[{"taxonomy":"category","embeddable":true,"href":"https:\/\/hostnetart.com.br\/baixada\/wp-json\/wp\/v2\/categories?post=6254"},{"taxonomy":"post_tag","embeddable":true,"href":"https:\/\/hostnetart.com.br\/baixada\/wp-json\/wp\/v2\/tags?post=6254"}],"curies":[{"name":"wp","href":"https:\/\/api.w.org\/{rel}","templated":true}]}}