{"id":6248,"date":"2019-03-13T19:38:06","date_gmt":"2019-03-13T22:38:06","guid":{"rendered":"https:\/\/hostnetart.com.br\/baixada\/atos-por-marielle-em-todo-o-pais-perguntam-quem-mandou-matar\/"},"modified":"2019-03-13T19:38:06","modified_gmt":"2019-03-13T22:38:06","slug":"atos-por-marielle-em-todo-o-pais-perguntam-quem-mandou-matar","status":"publish","type":"post","link":"https:\/\/hostnetart.com.br\/baixada\/atos-por-marielle-em-todo-o-pais-perguntam-quem-mandou-matar\/","title":{"rendered":"Atos por Marielle em todo o pa\u00eds perguntam: &#8216;Quem mandou matar?&#8217;"},"content":{"rendered":"<p class=\" \">\u00c0s v\u00e9speras do dia 14 de mar\u00e7o, data que marca o primeiro\u00a0 ano do assassinato da\u00a0<a class=\"internal-link\" title=\"\" href=\"https:\/\/www.redebrasilatual.com.br\/cidadania\/2019\/03\/marielle-nao-e-diferente-das-mais-60-mil-mortes-mas-ela-era-um-figura-publica\" target=\"_blank\" rel=\"noopener noreferrer\">vereadora carioca Marielle Franco<\/a>\u00a0(Psol) e de Anderson Gomes, que dirigia o carro em que foram emboscados, diversos movimentos sociais convocam atos, vig\u00edlias e debates pelo pa\u00eds para homenage\u00e1-la e exigir\u00a0<a class=\"internal-link\" title=\"\" href=\"https:\/\/www.redebrasilatual.com.br\/cidadania\/2019\/03\/policia-do-rio-prende-dois-suspeitos-do-assassinato-de-marielle-franco\" target=\"_blank\" rel=\"noopener noreferrer\">justi\u00e7a e respostas<\/a>\u00a0quanto aos\u00a0<a class=\"internal-link\" title=\"\" href=\"https:\/\/www.redebrasilatual.com.br\/politica\/2019\/03\/quem-mandou-matar-marielle-bancada-do-psol-quer-cpi-das-milicias\" target=\"_blank\" rel=\"noopener noreferrer\">mandantes do crime<\/a>.<\/p>\n<p class=\" \">Sob a pergunta que ainda n\u00e3o foi respondida,\u00a0<a class=\"internal-link\" title=\"\" href=\"https:\/\/www.redebrasilatual.com.br\/politica\/2019\/03\/escritorio-do-crime-esta-por-tras-do-assassinato-de-marielle\" target=\"_blank\" rel=\"noopener noreferrer\">&#8220;quem mandou matar Marielle?&#8221;<\/a>\u00a0e com o mote &#8220;Marielle Vive&#8221;, as manifesta\u00e7\u00f5es ocorrer\u00e3o em pelo menos 25 cidades brasileiras, para reafirmar as bandeiras da vereadora que representava a luta de negros, mulheres, popula\u00e7\u00f5es perif\u00e9ricas e LGBTs.\u00a0Desde o dia 8, quando a resist\u00eancia e a luta pelas causas das mulheres foram celebradas no\u00a0<a class=\"internal-link\" title=\"\" href=\"https:\/\/www.redebrasilatual.com.br\/cidadania\/2019\/03\/mulheres-saem-as-ruas-no-dia-8-de-marco-contra-os-retrocessos-do-governo-bolsonaro\" target=\"_blank\" rel=\"noopener noreferrer\">Dia Internacional da Mulher<\/a>, marcado fortemente pela rep\u00fadio aos retrocessos sociais representados pelo presidente Jair Bolsonaro, movimentos por v\u00e1rias partes do mundo v\u00eam prestando homenagem ao legado de Marielle.<\/p>\n<p class=\" \">Neste dia 14, cerca de 15 cidades no exterior organizam atos, entre elas, Melbourne, na Austr\u00e1lia; Buenos Aires, na Argentina; Madri, na Espanha e Washington, nos Estados Unidos. Clique\u00a0<a class=\"external-link\" title=\"\" href=\"https:\/\/pt-br.facebook.com\/mulheresdopsol\/posts\/1039495546245114?__xts__%5B0%5D=68.ARD-nnAyYyw08WFj1ct41YKn3mOoIxq3P5uXlRXeKpqPsbXCX-nT2zJqQIx64DUjS7qmkWS3K-F7WfQ6_evziqY7MCHq9UyhCKwCSebUFn_yomQgKKiHGaajJcDCBhD3zYr7nSYhsl5BD53TKrbvRxSSvucV4TR89V6LGYnlSemG5-ll22XAH-I4Kv7uRS6KSFAZQSe7GwHUVCyRCX9BVcWXPc3ywB3jXDFG3GHPxXtzW5Rg1qWgCD2YB4CVevgqlf8gxDNbwYmG6qVTy6j3t8ZRR6DhiMrEHDgaPZItGCftUCwWu7syMEj2EWBIzTJg0IiO3PD-Bgegfvpyn-1Wbh0lUQ&amp;__tn__=K-R\" target=\"_blank\" rel=\"noopener noreferrer\">aqui<\/a>\u00a0para conferir as homenagens fora do pa\u00eds.\u00a0<\/p>\n<p class=\" \">O Psol organiza ainda para o dia 18 uma<a class=\"external-link\" title=\"\" href=\"https:\/\/www.facebook.com\/events\/347180059256330\/\" target=\"_blank\" rel=\"noopener noreferrer\">\u00a0sess\u00e3o solene\u00a0<\/a>no plen\u00e1rio da C\u00e2mara dos Deputados em homenagem a Marielle e Anderson. Em suas redes sociais, a deputada Tal\u00edria Petrone (Psol-RJ) justificou a import\u00e2ncia das manifesta\u00e7\u00f5es diante da falta de respostas ap\u00f3s um ano do crime.\u00a0&#8220;A importante descoberta dos que apertaram o gatilho nesse crime pol\u00edtico n\u00e3o vai nos tirar das ruas no dia 14. O Estado \u2013 com sangue nas m\u00e3os \u2013 tem que responder que grupos est\u00e3o por tr\u00e1s dessa execu\u00e7\u00e3o&#8221;, afirmou a parlamentar.\u00a0<\/p>\n<p class=\" \">No Rio de Janeiro, cidade de Marielle, o ato est\u00e1 marcado para as 16h, na Cinel\u00e2ndia, na regi\u00e3o central.Em S\u00e3o Paulo, na capital, a manifesta\u00e7\u00e3o ocorre a partir das 17h, na Pra\u00e7a Oswaldo Cruz, pr\u00f3xima \u00e0 Avenida Paulista. Em Manaus, a homenagem ser\u00e1 realizada \u00e0s 17h, na Casa das Artes, no Largo S\u00e3o Sebasti\u00e3o. Na cidade de Fortaleza, o ato ocorre a partir das 17h, na Pra\u00e7a Gentil\u00e2ndia, em Benfica. J\u00e1 em Porto Alegre, est\u00e1 programado para come\u00e7ar \u00e0s 17h, na Esquina Democr\u00e1tica, no centro hist\u00f3rico.\u00a0<\/p>\n<p class=\" \">O munic\u00edpio de Itaberaba, na Bahia, tamb\u00e9m far\u00e1 uma homenagem, a partir das 8h, na antiga rodovi\u00e1ria. Em Pouso Alegre (MG), o ato ocorre \u00e0s 17h30, em frente \u00e0 Catedral.\u00a0<\/p>\n<p class=\" \">Para conferir os demais locais que realizar\u00e3o atos, clique\u00a0<a class=\"external-link\" title=\"\" href=\"https:\/\/www.facebook.com\/juntascoletivo\/photos\/a.174808072644410\/1349589501832922\/?type=3&amp;theater\" target=\"_blank\" rel=\"noopener noreferrer\">aqui<\/a>.<\/p>\n<p class=\" \">\u00a0<\/p>\n<p class=\" \"><strong>Fonte: Rede Brasil Atual<\/strong><\/p>\n","protected":false},"excerpt":{"rendered":"<p>\u00c0s v\u00e9speras do dia 14 de mar\u00e7o, data que marca o primeiro\u00a0 ano do assassinato da\u00a0vereadora carioca Marielle Franco\u00a0(Psol) e de Anderson Gomes, que dirigia o carro em que foram emboscados, diversos movimentos sociais convocam atos, vig\u00edlias e debates pelo pa\u00eds para homenage\u00e1-la e exigir\u00a0justi\u00e7a e respostas\u00a0quanto aos\u00a0mandantes do crime. Sob a pergunta que ainda [&hellip;]<\/p>\n","protected":false},"author":2,"featured_media":6247,"comment_status":"","ping_status":"","sticky":false,"template":"","format":"standard","meta":{"footnotes":""},"categories":[3],"tags":[],"class_list":["post-6248","post","type-post","status-publish","format-standard","has-post-thumbnail","hentry","category-noticias"],"_links":{"self":[{"href":"https:\/\/hostnetart.com.br\/baixada\/wp-json\/wp\/v2\/posts\/6248","targetHints":{"allow":["GET"]}}],"collection":[{"href":"https:\/\/hostnetart.com.br\/baixada\/wp-json\/wp\/v2\/posts"}],"about":[{"href":"https:\/\/hostnetart.com.br\/baixada\/wp-json\/wp\/v2\/types\/post"}],"author":[{"embeddable":true,"href":"https:\/\/hostnetart.com.br\/baixada\/wp-json\/wp\/v2\/users\/2"}],"replies":[{"embeddable":true,"href":"https:\/\/hostnetart.com.br\/baixada\/wp-json\/wp\/v2\/comments?post=6248"}],"version-history":[{"count":0,"href":"https:\/\/hostnetart.com.br\/baixada\/wp-json\/wp\/v2\/posts\/6248\/revisions"}],"wp:featuredmedia":[{"embeddable":true,"href":"https:\/\/hostnetart.com.br\/baixada\/wp-json\/wp\/v2\/media\/6247"}],"wp:attachment":[{"href":"https:\/\/hostnetart.com.br\/baixada\/wp-json\/wp\/v2\/media?parent=6248"}],"wp:term":[{"taxonomy":"category","embeddable":true,"href":"https:\/\/hostnetart.com.br\/baixada\/wp-json\/wp\/v2\/categories?post=6248"},{"taxonomy":"post_tag","embeddable":true,"href":"https:\/\/hostnetart.com.br\/baixada\/wp-json\/wp\/v2\/tags?post=6248"}],"curies":[{"name":"wp","href":"https:\/\/api.w.org\/{rel}","templated":true}]}}