{"id":6246,"date":"2019-03-13T19:36:27","date_gmt":"2019-03-13T22:36:27","guid":{"rendered":"https:\/\/hostnetart.com.br\/baixada\/contraf-cut-realiza-seminario-de-saude\/"},"modified":"2019-03-13T19:36:27","modified_gmt":"2019-03-13T22:36:27","slug":"contraf-cut-realiza-seminario-de-saude","status":"publish","type":"post","link":"https:\/\/hostnetart.com.br\/baixada\/contraf-cut-realiza-seminario-de-saude\/","title":{"rendered":"Contraf-CUT realiza semin\u00e1rio de Sa\u00fade"},"content":{"rendered":"<div class=\"content\">\n<p>A Contraf-CUT realiza desde a manh\u00e3 desta quarta-feira (13) um semin\u00e1rio para debater quest\u00f5es do dia a dia de trabalho que afetam a sa\u00fade da categoria banc\u00e1ria.<\/p>\n<p>\u201cMais do que nunca temos que discutir as quest\u00f5es de sa\u00fade e preparar o trabalhador para defender seus direitos desta \u00e1rea previstos em nossa Conven\u00e7\u00e3o Coletiva de Trabalho\u201d, disse a presidenta da Confedera\u00e7\u00e3o Nacional dos Trabalhadores do Ramo Financeiro (Contraf-CUT), Juvandia Moreira. \u201cTamb\u00e9m \u00e9 importante estarmos atentos ao dia a dia da categoria para encontrarmos formas de garantir a sa\u00fade dos trabalhadores\u201d, completou.<\/p>\n<p>O secret\u00e1rio de Sa\u00fade do Trabalhador da Contraf-CUT, Mauro Salles, destacou a import\u00e2ncia de o semin\u00e1rio discutir estrat\u00e9gias e prioridades de mobiliza\u00e7\u00e3o, fiscaliza\u00e7\u00e3o e negocia\u00e7\u00e3o com os bancos. \u201cTemos que levantar propostas de preven\u00e7\u00e3o, de aten\u00e7\u00e3o ao trabalhador para encontrarmos e discutirmos formas de enfrentamento da situa\u00e7\u00e3o. E a categoria precisa estar ciente de que n\u00e3o existe negocia\u00e7\u00e3o com bons frutos sem mobiliza\u00e7\u00e3o\u201d, afirmou.<\/p>\n<p>Para Juvandia, \u00e9 importante que a categoria esteja ciente que as propostas somente avan\u00e7am nas mesas de negocia\u00e7\u00f5es se os bancos perceberem que o conjunto dos trabalhadores mostrarem seu apoio a elas. \u201cPrecisamos ter uma correla\u00e7\u00e3o de for\u00e7as favor\u00e1vel para conseguir aprovar assuntos de interesses dos trabalhadores\u201d, explicou.<\/p>\n<p>O Semin\u00e1rio de Sa\u00fade da Contraf-CUT segue no decorrer da tarde desta quarta-feira. Veja abaixo a programa\u00e7\u00e3o completa do semin\u00e1rio.<\/p>\n<p><strong>Programa\u00e7\u00e3o:<br \/>Dia 13 de mar\u00e7o de 2019<\/strong><br \/>9 h \u2013 Abertura<br \/>9.30 \u00e0s 11 h \u2013 Painel \u2013 O Contexto da Sa\u00fade dos Banc\u00e1rios<br \/>11 \u00e0s 13 h \u2013 Painel \u2013 Desmonte da Prote\u00e7\u00e3o Social<br \/>13 \u00e0s 14 h \u2013 Almo\u00e7o<br \/>14 \u00e0s 15.30 h \u2013Painel \u2013 Os servi\u00e7os m\u00e9dicos dos Bancos<br \/>15.30 \u00e0s 17.30 \u2013 Painel Relato do Coletivo de Sa\u00fade e das COES<\/p>\n<p><strong>Dia 14 de mar\u00e7o de 2019<\/strong><br \/>9 \u00e0s 11h \u2013 O que fazer? Estrat\u00e9gias de Enfrentamento<br \/>11.30 \u00e0s 13 h \u2013 Defini\u00e7\u00e3o de propostas \/ atualiza\u00e7\u00e3o de reivindica\u00e7\u00f5es nos 3 eixos<br \/>1.\u00a0\u00a0\u00a0 Assedio Moral\/Controles\/metas e adoecimento mental<br \/>2.\u00a0\u00a0\u00a0 Fluxo de aten\u00e7\u00e3o ao adoecido, programas de retorno ao trabalho, reabilita\u00e7\u00e3o<br \/>3.\u00a0\u00a0\u00a0 Fluxo de controle medico e medidas de preven\u00e7\u00e3o<br \/>13 horas \u2013 Encerramento<\/p>\n<\/div>\n<p id=\"page-author\"><span style=\"text-decoration: underline;\"><strong>Fonte: Contraf-CUT<\/strong><\/span><\/p>\n","protected":false},"excerpt":{"rendered":"<p>A Contraf-CUT realiza desde a manh\u00e3 desta quarta-feira (13) um semin\u00e1rio para debater quest\u00f5es do dia a dia de trabalho que afetam a sa\u00fade da categoria banc\u00e1ria. \u201cMais do que nunca temos que discutir as quest\u00f5es de sa\u00fade e preparar o trabalhador para defender seus direitos desta \u00e1rea previstos em nossa Conven\u00e7\u00e3o Coletiva de Trabalho\u201d, [&hellip;]<\/p>\n","protected":false},"author":2,"featured_media":6245,"comment_status":"","ping_status":"","sticky":false,"template":"","format":"standard","meta":{"footnotes":""},"categories":[3],"tags":[],"class_list":["post-6246","post","type-post","status-publish","format-standard","has-post-thumbnail","hentry","category-noticias"],"_links":{"self":[{"href":"https:\/\/hostnetart.com.br\/baixada\/wp-json\/wp\/v2\/posts\/6246","targetHints":{"allow":["GET"]}}],"collection":[{"href":"https:\/\/hostnetart.com.br\/baixada\/wp-json\/wp\/v2\/posts"}],"about":[{"href":"https:\/\/hostnetart.com.br\/baixada\/wp-json\/wp\/v2\/types\/post"}],"author":[{"embeddable":true,"href":"https:\/\/hostnetart.com.br\/baixada\/wp-json\/wp\/v2\/users\/2"}],"replies":[{"embeddable":true,"href":"https:\/\/hostnetart.com.br\/baixada\/wp-json\/wp\/v2\/comments?post=6246"}],"version-history":[{"count":0,"href":"https:\/\/hostnetart.com.br\/baixada\/wp-json\/wp\/v2\/posts\/6246\/revisions"}],"wp:featuredmedia":[{"embeddable":true,"href":"https:\/\/hostnetart.com.br\/baixada\/wp-json\/wp\/v2\/media\/6245"}],"wp:attachment":[{"href":"https:\/\/hostnetart.com.br\/baixada\/wp-json\/wp\/v2\/media?parent=6246"}],"wp:term":[{"taxonomy":"category","embeddable":true,"href":"https:\/\/hostnetart.com.br\/baixada\/wp-json\/wp\/v2\/categories?post=6246"},{"taxonomy":"post_tag","embeddable":true,"href":"https:\/\/hostnetart.com.br\/baixada\/wp-json\/wp\/v2\/tags?post=6246"}],"curies":[{"name":"wp","href":"https:\/\/api.w.org\/{rel}","templated":true}]}}