{"id":6244,"date":"2019-03-13T15:07:27","date_gmt":"2019-03-13T18:07:27","guid":{"rendered":"https:\/\/hostnetart.com.br\/baixada\/escritorio-do-crime-esta-por-tras-do-assassinato-de-marielle\/"},"modified":"2019-03-13T15:07:27","modified_gmt":"2019-03-13T18:07:27","slug":"escritorio-do-crime-esta-por-tras-do-assassinato-de-marielle","status":"publish","type":"post","link":"https:\/\/hostnetart.com.br\/baixada\/escritorio-do-crime-esta-por-tras-do-assassinato-de-marielle\/","title":{"rendered":"&#8216;Escrit\u00f3rio do Crime&#8217; est\u00e1 por tr\u00e1s do assassinato de Marielle"},"content":{"rendered":"<p>\u201cTudo isso \u00e9 um novelo de linha. Tem muito mais coisas para apurar. Como todo mundo sabe que s\u00e3o coisas graves, n\u00e3o sabemos se esse novelo vai ser todo desfeito, ou se a linha vai quebrar-se logo.\u201d A opini\u00e3o \u00e9 do cientista pol\u00edtico e ex-presidente do PSB Roberto Amaral,\u00a0<a class=\"internal-link\" title=\"\" href=\"https:\/\/www.redebrasilatual.com.br\/cidadania\/2019\/03\/policia-do-rio-prende-dois-suspeitos-do-assassinato-de-marielle-franco\" target=\"_blank\" rel=\"noopener noreferrer\">sobre a pris\u00e3o dos supostos executores<\/a>\u00a0do assassinato de Marielle Franco, vereador do Psol carioca. Para ele, o caso envolve uma s\u00e9rie de fatores.<\/p>\n<p>A come\u00e7ar da situa\u00e7\u00e3o do pr\u00f3prio estado do Rio de Janeiro. \u201cSegundo a pr\u00f3pria pol\u00edcia e a for\u00e7a interventora no ano passado, o Rio tem um \u2018Escrit\u00f3rio do Crime\u2019, uma &#8216;empresa&#8217; especializada em assassinar. Eles matam por contrato e dessa empresa fariam parte esses dois atiradores\u201d, diz Amaral.<\/p>\n<p>Na madrugada desta ter\u00e7a-feira (12), agentes da Divis\u00e3o de Homic\u00eddios da Pol\u00edcia Civil do Rio de Janeiro e o Minist\u00e9rio P\u00fablico do estado prenderam o PM reformado Ronnie Lessa e o ex-policial militar \u00c9lcio Vieira. O ex-presidente do PSB acredita que o caso come\u00e7a a ser desvendado &#8220;gra\u00e7as \u00e0\u00a0<a class=\"internal-link\" title=\"\" href=\"https:\/\/www.redebrasilatual.com.br\/cidadania\/2019\/02\/assassinato-de-marielle-completa-11-meses-sem-respostas-definitivas\" target=\"_self\">press\u00e3o internacional&#8221;<\/a>. &#8220;Esse foi o erro deles, n\u00e3o imaginaram que a morte de uma vereadora provocaria esse clamor.&#8221;<\/p>\n<p><a class=\"external-link\" title=\"\" href=\"https:\/\/extra.globo.com\/casos-de-policia\/sargento-acusado-de-matar-marielle-tem-mansao-em-condominio-de-luxo-em-angra-dos-reis-23515437.html\" target=\"_self\">Segundo a imprensa do Rio de Janeiro<\/a>, Lessa atuava junto com o ex-capit\u00e3o Adriano Magalh\u00e3es da N\u00f3brega, considerado um dos fundadores do &#8220;Escrit\u00f3rio do Crime&#8221;.<\/p>\n<p>Em agosto do ano passado, as informa\u00e7\u00f5es sobre o inqu\u00e9rito davam conta de que as investiga\u00e7\u00f5es dos assassinatos de Marielle e do motorista Anderson Gomes poderiam ter\u00a0<a class=\"external-link\" title=\"\" href=\"https:\/\/g1.globo.com\/rj\/rio-de-janeiro\/noticia\/2018\/08\/20\/policia-investiga-envolvimento-do-escritorio-do-crime-na-morte-de-marielle-franco-e-anderson-gomes.ghtml\" target=\"_self\">v\u00ednculo com esse chamado \u201cescrit\u00f3rio\u201d<\/a>, grupo que seria formado por policiais militares, ex-policiais e milicianos.<\/p>\n<p>Para Amaral, as liga\u00e7\u00f5es das mil\u00edcias e desse \u201cescrit\u00f3rio\u201d com setores policiais e da classe pol\u00edtica atrapalham as investiga\u00e7\u00f5es desde o in\u00edcio. \u201cSetores da pol\u00edcia ligados \u00e0 pol\u00edtica intervieram no in\u00edcio das apura\u00e7\u00f5es para desviar as investiga\u00e7\u00f5es, que n\u00e3o avan\u00e7avam, principalmente quando batiam em liga\u00e7\u00f5es da mil\u00edcia. A Pol\u00edcia Federal chegou a abrir um inqu\u00e9rito para apurar as investiga\u00e7\u00f5es da Pol\u00edcia Civil.\u201d<\/p>\n<p>\u00a0<\/p>\n<dl class=\"image-left captioned\">\n<dt><span class=\"tile-rights\">REPRODU\u00c7\u00c3O\/POL\u00cdCIA MILITAR-RJ<\/span><a href=\"https:\/\/www.redebrasilatual.com.br\/politica\/2019\/03\/escritorio-do-crime-esta-por-tras-do-assassinato-de-marielle\/ronnie-lessa\" rel=\"lightbox\"><img fetchpriority=\"high\" decoding=\"async\" class=\" lazyloaded\" title=\"Ronnie Lessa\" src=\"https:\/\/www.redebrasilatual.com.br\/politica\/2019\/03\/escritorio-do-crime-esta-por-tras-do-assassinato-de-marielle\/ronnie-lessa\/@@images\/70d66108-2b87-4aad-a151-a7a6e901a753.jpeg\" alt=\"Ronnie Lessa\" width=\"360\" height=\"226\" data-src=\"https:\/\/www.redebrasilatual.com.br\/politica\/2019\/03\/escritorio-do-crime-esta-por-tras-do-assassinato-de-marielle\/ronnie-lessa\/@@images\/70d66108-2b87-4aad-a151-a7a6e901a753.jpeg\" \/><\/a><\/dt>\n<dd class=\"image-caption\">Ronnie Lessa, ex-PM, foi preso na madrugada desta ter\u00e7a-feira (12), acusado de executar Marielle<\/dd>\n<\/dl>\n<p>No in\u00edcio de novembro, o ent\u00e3o ministro da Seguran\u00e7a P\u00fablica, Raul Jungmann, anunciou a abertura de inqu\u00e9rito da PF para investigar uma poss\u00edvel obstru\u00e7\u00e3o das investiga\u00e7\u00f5es por organiza\u00e7\u00e3o criminosa.<\/p>\n<p>Ex-interventor federal na seguran\u00e7a p\u00fablica do Rio de Janeiro, o general Walter Braga Netto disse ao jornal\u00a0<em>O Globo<\/em>, em 11 de janeiro, que poderia ter anunciado quem matou Marielle, mas que preferiu evitar o \u201cprotagonismo\u201d.\u00a0<\/p>\n<p>Roberto Amaral destaca ainda o que chama de coincid\u00eancias. \u201cA simples coincid\u00eancia de o sargento reformado morar no condom\u00ednio do senhor Jair Bolsonaro; as liga\u00e7\u00f5es ostensivas e conhecidas dos Bolsonaro com as mil\u00edcias, e isso n\u00e3o \u00e9 ila\u00e7\u00e3o minha nem de ningu\u00e9m, mas foi dito pelo pr\u00f3prio Bolsonaro quando n\u00e3o pensava que ia ser presidente. Houve milicianos no gabinete do filho dele (Fl\u00e1vio) na Assembleia. Ou seja, tem muita coisa para ser apurada.\u201d<\/p>\n<p>Em agosto de 2003, o ent\u00e3o deputado Jair Bolsonaro\u00a0<a class=\"external-link\" title=\"\" href=\"https:\/\/blogs.oglobo.globo.com\/bernardo-mello-franco\/post\/em-discursos-bolsonaro-ja-exaltou-milicias-e-grupos-de-exterminio.html\" target=\"_self\">declarou na tribuna da C\u00e2mara<\/a>: \u201cEnquanto o Estado n\u00e3o tiver coragem de adotar a pena de morte, o crime de exterm\u00ednio, no meu entender, ser\u00e1 muito bem-vindo. Se n\u00e3o houver espa\u00e7o para ele na Bahia, pode ir para o Rio de Janeiro. Se depender de mim, ter\u00e3o todo o meu apoio\u201d.<\/p>\n<h3>Pesquisas<\/h3>\n<p>Ap\u00f3s a pris\u00e3o dos suspeitos nesta ter\u00e7a, o delegado Giniton Lages disse que o sargento reformado Ronnie Lessa, considerado o autor dos disparos, pesquisou sobre o deputado federal Marcelo Freixo (Psol-RJ), sua esposa, pol\u00edticos e at\u00e9 mesmo sobre o general Richard Nunes, secret\u00e1rio de Seguran\u00e7a no estado durante a interven\u00e7\u00e3o federal em 2018. Segundo o delegado, as pris\u00f5es desta ter\u00e7a n\u00e3o p\u00f5em fim \u00e0s investiga\u00e7\u00f5es. &#8220;Nada est\u00e1 encerrado&#8221;, disse.<\/p>\n<p>Em novembro de 2018, o general Richard Nunes afirmou que a mil\u00edcia participou do assassinato de Marielle \u201ccom toda certeza\u201d: &#8220;N\u00e3o \u00e9 um crime de \u00f3dio. Falei isso logo na primeira entrevista que dei, em mar\u00e7o. \u00c9 um crime que tem a ver com a atua\u00e7\u00e3o pol\u00edtica, em contrariedade de alguns interesses. E a mil\u00edcia, com toda certeza, se n\u00e3o estava no mando do crime em si, est\u00e1 na execu\u00e7\u00e3o&#8221;, declarou o ex- secret\u00e1rio de Seguran\u00e7a.<\/p>\n<p>Ainda de acordo com o delegado Giniton Lages, n\u00e3o h\u00e1 v\u00ednculo entre Lessa e Bolsonaro. &#8220;O fato de ele morar no condom\u00ednio do Bolsonaro n\u00e3o diz muita coisa, para a investiga\u00e7\u00e3o da Marielle&#8221;, afirmou.<\/p>\n<p>O deputado federal Marcelo Freixo disse que as investiga\u00e7\u00f5es precisam continuar. \u201c\u00c9 muito importante para o pa\u00eds saber quem mandou, qual o objetivo pol\u00edtico e qual a motiva\u00e7\u00e3o para matar Marielle.\u201d<\/p>\n<p>\u00a0<\/p>\n<p><span style=\"text-decoration: underline;\"><strong>Fonte: Rede Brasil Atual<\/strong><\/span><\/p>\n","protected":false},"excerpt":{"rendered":"<p>\u201cTudo isso \u00e9 um novelo de linha. Tem muito mais coisas para apurar. Como todo mundo sabe que s\u00e3o coisas graves, n\u00e3o sabemos se esse novelo vai ser todo desfeito, ou se a linha vai quebrar-se logo.\u201d A opini\u00e3o \u00e9 do cientista pol\u00edtico e ex-presidente do PSB Roberto Amaral,\u00a0sobre a pris\u00e3o dos supostos executores\u00a0do assassinato [&hellip;]<\/p>\n","protected":false},"author":2,"featured_media":6243,"comment_status":"","ping_status":"","sticky":false,"template":"","format":"standard","meta":{"footnotes":""},"categories":[3],"tags":[],"class_list":["post-6244","post","type-post","status-publish","format-standard","has-post-thumbnail","hentry","category-noticias"],"_links":{"self":[{"href":"https:\/\/hostnetart.com.br\/baixada\/wp-json\/wp\/v2\/posts\/6244","targetHints":{"allow":["GET"]}}],"collection":[{"href":"https:\/\/hostnetart.com.br\/baixada\/wp-json\/wp\/v2\/posts"}],"about":[{"href":"https:\/\/hostnetart.com.br\/baixada\/wp-json\/wp\/v2\/types\/post"}],"author":[{"embeddable":true,"href":"https:\/\/hostnetart.com.br\/baixada\/wp-json\/wp\/v2\/users\/2"}],"replies":[{"embeddable":true,"href":"https:\/\/hostnetart.com.br\/baixada\/wp-json\/wp\/v2\/comments?post=6244"}],"version-history":[{"count":0,"href":"https:\/\/hostnetart.com.br\/baixada\/wp-json\/wp\/v2\/posts\/6244\/revisions"}],"wp:featuredmedia":[{"embeddable":true,"href":"https:\/\/hostnetart.com.br\/baixada\/wp-json\/wp\/v2\/media\/6243"}],"wp:attachment":[{"href":"https:\/\/hostnetart.com.br\/baixada\/wp-json\/wp\/v2\/media?parent=6244"}],"wp:term":[{"taxonomy":"category","embeddable":true,"href":"https:\/\/hostnetart.com.br\/baixada\/wp-json\/wp\/v2\/categories?post=6244"},{"taxonomy":"post_tag","embeddable":true,"href":"https:\/\/hostnetart.com.br\/baixada\/wp-json\/wp\/v2\/tags?post=6244"}],"curies":[{"name":"wp","href":"https:\/\/api.w.org\/{rel}","templated":true}]}}