{"id":6242,"date":"2019-03-13T15:05:04","date_gmt":"2019-03-13T18:05:04","guid":{"rendered":"https:\/\/hostnetart.com.br\/baixada\/mensalidades-escolares-e-alimentos-levam-inflacao-para-cima\/"},"modified":"2019-03-13T15:05:04","modified_gmt":"2019-03-13T18:05:04","slug":"mensalidades-escolares-e-alimentos-levam-inflacao-para-cima","status":"publish","type":"post","link":"https:\/\/hostnetart.com.br\/baixada\/mensalidades-escolares-e-alimentos-levam-inflacao-para-cima\/","title":{"rendered":"Mensalidades escolares e alimentos levam infla\u00e7\u00e3o para cima"},"content":{"rendered":"<p>O\u00a0\u00cdndice Nacional de Pre\u00e7os ao Consumidor Amplo (IPCA) variou 0,43% em fevereiro, no maior resultado mensal em seis meses. Tanto em janeiro deste ano como em fevereiro do ano passado, a taxa oficial da infla\u00e7\u00e3o no pa\u00eds foi de 0,32%. Em 12 meses, o IPCA soma 3,89%, conforme resultados divulgados nesta ter\u00e7a-feira (12) pelo IBGE.<\/p>\n<p>Os principais impactos vieram dos grupos Alimenta\u00e7\u00e3o e Bebidas (alta de 0,78%, ante 0,90% em janeiro) e Educa\u00e7\u00e3o (3,53%): 0,19 e 0,17 ponto percentual, respectivamente. No segundo caso, a varia\u00e7\u00e3o reflete as mensalidades dos cursos regulares, com aumento m\u00e9dio de 4,58%, variando de 2,60% (Bras\u00edlia) a 7,17% (regi\u00e3o metropolitana de Aracaju). Apenas esse item representou impacto de 0,15 ponto no m\u00eas passado.\u00a0<\/p>\n<p>J\u00e1 o custo da alimenta\u00e7\u00e3o no domic\u00edlio subiu 1,24%, com altas de v\u00e1rios produtos. Foram os casos, entre outros, de feij\u00e3o carioca (51,58%), batata inglesa\u00a0(25,21%), hortali\u00e7as\u00a0(12,13%) e leite longa vida\u00a0(2,41%). Ca\u00edram pre\u00e7os de itens como\u00a0carnes\u00a0(-1,23%), arroz\u00a0(-1,23%), frango (-1,69%) e tomate\u00a0(-5,95%). A\u00a0alimenta\u00e7\u00e3o fora do domic\u00edlio recuou 0,04%.<\/p>\n<p>No grupo Habita\u00e7\u00e3o, que variou 0,38% em fevereiro, apenas a energia el\u00e9trica teve eleva\u00e7\u00e3o de 1,14%, com impacto de 0,04 ponto na taxa mensal. Os resultados foram de -2,35% (Aracaju) a 14,99% (Rio Branco). Ainda nesse grupo, o g\u00e1s encanado teve alta m\u00e9dia de 4,11%, chegando a 10,64% na regi\u00e3o metropolitana de S\u00e3o Paulo.<\/p>\n<p>O IBGE apurou ainda aumento de 0,79% nos planos de sa\u00fade e de 0,74% em higiene pessoal. Isso levou o grupo Sa\u00fade e Cuidados Pessoais a uma alta de 0,49% no m\u00eas.\u00a0<\/p>\n<p>Vestu\u00e1rio e Transportes tiveram defla\u00e7\u00e3o em fevereiro, de 0,33% e 0,34%, respectivamente. As principais influ\u00eancias vieram de cal\u00e7ados (-0,54%), roupas femininas (-0,56%), passagens a\u00e9reas (-16,65%) e gasolina (-1,26%). O custo m\u00e9dio do \u00f4nibus urbano aumentou 1,50% (impacto de 0,04 ponto), devido a reajustes nas tarifas em cinco das 16 regi\u00f5es pesquisadas.<\/p>\n<p>O menor resultado do IPCA foi apurado em Bras\u00edlia (-0,18%) e o maior, em Rio Branco (1,12%). Na regi\u00e3o metropolitana de S\u00e3o Paulo, passou de 0,37%, em janeiro, para 0,44%, somando 4,01% em 12 meses.<\/p>\n<h3>INPC<\/h3>\n<p>O \u00cdndice Nacional de Pre\u00e7os ao Consumidor (INPC) variou 0,54%, bem acima de janeiro (0,36%) e de fevereiro do ano passado (0,18%). A taxa em 12 meses agora est\u00e1 acumulada em 3,94%.\u00a0<\/p>\n<p>Os produtos aliment\u00edcios subiram 0,94%, e os n\u00e3o aliment\u00edcios, 0,37%. No m\u00eas anterior, as altas foram de 0,90% e 0,13%.<\/p>\n<p>\u00a0<\/p>\n<p><span style=\"text-decoration: underline;\"><strong>Fonte: Rede Brasil Atual<\/strong><\/span><\/p>\n","protected":false},"excerpt":{"rendered":"<p>O\u00a0\u00cdndice Nacional de Pre\u00e7os ao Consumidor Amplo (IPCA) variou 0,43% em fevereiro, no maior resultado mensal em seis meses. Tanto em janeiro deste ano como em fevereiro do ano passado, a taxa oficial da infla\u00e7\u00e3o no pa\u00eds foi de 0,32%. Em 12 meses, o IPCA soma 3,89%, conforme resultados divulgados nesta ter\u00e7a-feira (12) pelo IBGE. [&hellip;]<\/p>\n","protected":false},"author":2,"featured_media":6241,"comment_status":"","ping_status":"","sticky":false,"template":"","format":"standard","meta":{"footnotes":""},"categories":[3],"tags":[],"class_list":["post-6242","post","type-post","status-publish","format-standard","has-post-thumbnail","hentry","category-noticias"],"_links":{"self":[{"href":"https:\/\/hostnetart.com.br\/baixada\/wp-json\/wp\/v2\/posts\/6242","targetHints":{"allow":["GET"]}}],"collection":[{"href":"https:\/\/hostnetart.com.br\/baixada\/wp-json\/wp\/v2\/posts"}],"about":[{"href":"https:\/\/hostnetart.com.br\/baixada\/wp-json\/wp\/v2\/types\/post"}],"author":[{"embeddable":true,"href":"https:\/\/hostnetart.com.br\/baixada\/wp-json\/wp\/v2\/users\/2"}],"replies":[{"embeddable":true,"href":"https:\/\/hostnetart.com.br\/baixada\/wp-json\/wp\/v2\/comments?post=6242"}],"version-history":[{"count":0,"href":"https:\/\/hostnetart.com.br\/baixada\/wp-json\/wp\/v2\/posts\/6242\/revisions"}],"wp:featuredmedia":[{"embeddable":true,"href":"https:\/\/hostnetart.com.br\/baixada\/wp-json\/wp\/v2\/media\/6241"}],"wp:attachment":[{"href":"https:\/\/hostnetart.com.br\/baixada\/wp-json\/wp\/v2\/media?parent=6242"}],"wp:term":[{"taxonomy":"category","embeddable":true,"href":"https:\/\/hostnetart.com.br\/baixada\/wp-json\/wp\/v2\/categories?post=6242"},{"taxonomy":"post_tag","embeddable":true,"href":"https:\/\/hostnetart.com.br\/baixada\/wp-json\/wp\/v2\/tags?post=6242"}],"curies":[{"name":"wp","href":"https:\/\/api.w.org\/{rel}","templated":true}]}}