{"id":6240,"date":"2019-03-13T15:04:11","date_gmt":"2019-03-13T18:04:11","guid":{"rendered":"https:\/\/hostnetart.com.br\/baixada\/censo-da-diversidade-bancaria-tera-novo-carater\/"},"modified":"2019-03-13T15:04:11","modified_gmt":"2019-03-13T18:04:11","slug":"censo-da-diversidade-bancaria-tera-novo-carater","status":"publish","type":"post","link":"https:\/\/hostnetart.com.br\/baixada\/censo-da-diversidade-bancaria-tera-novo-carater\/","title":{"rendered":"Censo da Diversidade Banc\u00e1ria ter\u00e1 novo car\u00e1ter"},"content":{"rendered":"<div class=\"content\">\n<p>O Comando Nacional dos Banc\u00e1rios prop\u00f4s \u00e0 Federa\u00e7\u00e3o Nacional dos Bancos (Fenaban) a mudan\u00e7a do car\u00e1ter do Censo da Diversidade Banc\u00e1ria. \u201cA ideia \u00e9 que o censo n\u00e3o apenas traga uma fotografia da realidade do setor, mas se torne uma ferramenta de forma\u00e7\u00e3o e de mudan\u00e7a da cultura discriminat\u00f3ria que ainda persiste no sistema financeiro e na sociedade brasileira\u201d, explicou a presidenta da Confedera\u00e7\u00e3o Nacional dos Trabalhadores do Ramo Financeiro (Contraf-CUT), Juvandia Moreira, que \u00e9 uma das coordenadoras do Comando Nacional dos Banc\u00e1rios.<\/p>\n<p>\u201cCom a mudan\u00e7a do car\u00e1ter do Censo, podemos contribuir com a capacita\u00e7\u00e3o da categoria e possibilitar que cada banc\u00e1rio se torne agente da diversidade, do respeito e da igualdade em toda a sociedade, inclusive nos locais de trabalho\u201d, ressaltou Juvandia depois de ter apresentado uma s\u00e9rie de dados sobre a discrimina\u00e7\u00e3o e a viol\u00eancia contra as mulheres, negros, pessoas com defici\u00eancia (PCDs) e LGBTs.<\/p>\n<p>A secret\u00e1ria de Pol\u00edticas Sociais da Contraf-CUT, Rosalina Amorim, ressaltou a import\u00e2ncia do Censo da Diversidade, mas tamb\u00e9m refor\u00e7ou a necessidade da realiza\u00e7\u00e3o de outras a\u00e7\u00f5es que levem \u00e0 transforma\u00e7\u00e3o da realidade apresentada pela presidenta da Contraf-CUT.<\/p>\n<p>\u201cVai ser um avan\u00e7o construirmos uma cartilha em conjunto para transmiti-las \u00e0 toda a categoria. Com as informa\u00e7\u00f5es em m\u00e3os, cada banc\u00e1rio ter\u00e1 melhores condi\u00e7\u00f5es de combater a discrimina\u00e7\u00e3o\u201d, disse Rosalina.<\/p>\n<p>A Fenaban aceitou a proposta e apresentar\u00e1 um cronograma de atividades para sua implanta\u00e7\u00e3o na pr\u00f3xima reuni\u00e3o da mesa de igualdade de oportunidades, que est\u00e1 prevista para acontecer no dia 10 de abril.<\/p>\n<p><strong>Canal de atendimento \u00e0s mulheres<\/strong><br \/>Al\u00e9m da mudan\u00e7a no car\u00e1ter do Censo da Diversidade, o Comando Nacional dos Banc\u00e1rios prop\u00f4s a cria\u00e7\u00e3o pela Fenaban de um canal de atendimento \u00e0s banc\u00e1rias v\u00edtimas de viol\u00eancia, seja dom\u00e9stica ou as ocorridas em outros ambientes sociais, inclusive no trabalho.<\/p>\n<p>\u201cPara combater a viol\u00eancia contra as mulheres, \u00e9 importante a cria\u00e7\u00e3o de um canal de atendimento \u00e0s banc\u00e1rias v\u00edtimas para acolh\u00ea-las e orient\u00e1-las e dar assist\u00eancia jur\u00eddica, psicol\u00f3gica e de acompanhamento espec\u00edfico para estes casos\u201d, disse a secret\u00e1ria da Mulher da Contraf-CUT, Elaine Cutis.<\/p>\n<p>Para Juvandia, a cria\u00e7\u00e3o de um canal de atendimento \u00e0s mulheres v\u00edtimas de viol\u00eancia pode contribuir para a melhoria do desempenho no trabalho. \u201cUma pesquisa realizada pela Universidade Federal do Cear\u00e1 mostra que a viol\u00eancia dom\u00e9stica gera uma perda de R$ 1 bilh\u00e3o por ano ao mercado de trabalho. O estudo diz que, em m\u00e9dia, as v\u00edtimas precisam se ausentar 18 dias do trabalho ap\u00f3s sofrer a viol\u00eancia\u201d, disse a presidenta da Contraf-CUT. \u201cA cria\u00e7\u00e3o deste canal pode ajudar a minorar o sofrimento das mulheres\u201d, completou.<\/p>\n<p>A Fenaban levar\u00e1 a proposta para os bancos analisarem e trar\u00e1 uma resposta na pr\u00f3xima reuni\u00e3o da mesa de negocia\u00e7\u00f5es.<\/p>\n<\/div>\n<p id=\"page-author\"><span style=\"text-decoration: underline;\"><strong>Fonte: Contraf-CUT<\/strong><\/span><\/p>\n","protected":false},"excerpt":{"rendered":"<p>O Comando Nacional dos Banc\u00e1rios prop\u00f4s \u00e0 Federa\u00e7\u00e3o Nacional dos Bancos (Fenaban) a mudan\u00e7a do car\u00e1ter do Censo da Diversidade Banc\u00e1ria. \u201cA ideia \u00e9 que o censo n\u00e3o apenas traga uma fotografia da realidade do setor, mas se torne uma ferramenta de forma\u00e7\u00e3o e de mudan\u00e7a da cultura discriminat\u00f3ria que ainda persiste no sistema financeiro [&hellip;]<\/p>\n","protected":false},"author":2,"featured_media":6239,"comment_status":"","ping_status":"","sticky":false,"template":"","format":"standard","meta":{"footnotes":""},"categories":[3],"tags":[],"class_list":["post-6240","post","type-post","status-publish","format-standard","has-post-thumbnail","hentry","category-noticias"],"_links":{"self":[{"href":"https:\/\/hostnetart.com.br\/baixada\/wp-json\/wp\/v2\/posts\/6240","targetHints":{"allow":["GET"]}}],"collection":[{"href":"https:\/\/hostnetart.com.br\/baixada\/wp-json\/wp\/v2\/posts"}],"about":[{"href":"https:\/\/hostnetart.com.br\/baixada\/wp-json\/wp\/v2\/types\/post"}],"author":[{"embeddable":true,"href":"https:\/\/hostnetart.com.br\/baixada\/wp-json\/wp\/v2\/users\/2"}],"replies":[{"embeddable":true,"href":"https:\/\/hostnetart.com.br\/baixada\/wp-json\/wp\/v2\/comments?post=6240"}],"version-history":[{"count":0,"href":"https:\/\/hostnetart.com.br\/baixada\/wp-json\/wp\/v2\/posts\/6240\/revisions"}],"wp:featuredmedia":[{"embeddable":true,"href":"https:\/\/hostnetart.com.br\/baixada\/wp-json\/wp\/v2\/media\/6239"}],"wp:attachment":[{"href":"https:\/\/hostnetart.com.br\/baixada\/wp-json\/wp\/v2\/media?parent=6240"}],"wp:term":[{"taxonomy":"category","embeddable":true,"href":"https:\/\/hostnetart.com.br\/baixada\/wp-json\/wp\/v2\/categories?post=6240"},{"taxonomy":"post_tag","embeddable":true,"href":"https:\/\/hostnetart.com.br\/baixada\/wp-json\/wp\/v2\/tags?post=6240"}],"curies":[{"name":"wp","href":"https:\/\/api.w.org\/{rel}","templated":true}]}}