{"id":6238,"date":"2019-03-12T17:33:48","date_gmt":"2019-03-12T20:33:48","guid":{"rendered":"https:\/\/hostnetart.com.br\/baixada\/coe-bradesco-discute-ampliacao-do-pde-a-todos-os-funcionarios\/"},"modified":"2019-03-12T17:33:48","modified_gmt":"2019-03-12T20:33:48","slug":"coe-bradesco-discute-ampliacao-do-pde-a-todos-os-funcionarios","status":"publish","type":"post","link":"https:\/\/hostnetart.com.br\/baixada\/coe-bradesco-discute-ampliacao-do-pde-a-todos-os-funcionarios\/","title":{"rendered":"COE Bradesco discute amplia\u00e7\u00e3o do PDE a todos os funcion\u00e1rios"},"content":{"rendered":"<div class=\"content\">\n<p>A Comiss\u00e3o de Organiza\u00e7\u00e3o dos Empregados (COE) do Bradesco se reuniu, no fim da tarde de segunda-feira (11), com a dire\u00e7\u00e3o do banco para a apresenta\u00e7\u00e3o sobre o Pr\u00eamio de Desenvolvimento Extraordin\u00e1rio (PDE). O banco informou que o regulamento do Pr\u00eamio ainda n\u00e3o esta\u0301 conclu\u00eddo. A previs\u00e3o e\u0301 final do m\u00eas de marco.<\/p>\n<p>O PDE e\u0301 destinado a \u00e1rea comercial, n\u00e3o extensivo a departamentos, caixas, escritur\u00e1rios e assistentes e gerentes regionais.<\/p>\n<p>Juvandia Moreira, presidenta da Contraf-CUT, lembrou que o pr\u00eamio \u00e9 uma reivindica\u00e7\u00e3o antiga dos funcion\u00e1rios. \u201cOs banc\u00e1rios esperam por muito tempo um programa de remunera\u00e7\u00e3o vari\u00e1vel. O Bradesco \u00e9 o banco que paga menos PLR aos seus trabalhadores.\u201d<\/p>\n<p>\u201cEsse pr\u00eamio \u00e9 uma importante conquista, mas tem de ser ampliado a todos os funcion\u00e1rios do banco\u201d, completou Magaly Fagundes, coordenadora da COE Bradesco.<\/p>\n<p>Outro tema abordado na mesa foi o recolhimento previdenci\u00e1rio. N\u00e3o consta no extrato da previd\u00eancia, o recolhimento desde agosto de 2018. O banco informou que o repasse tem sido feito normalmente, o problema \u00e9 relacionado ao E-social, est\u00e3o buscando uma solu\u00e7\u00e3o junto a\u0300 Previd\u00eancia e dar\u00e3o um retorno o mais r\u00e1pido poss\u00edvel. O funcion\u00e1rio pode solicitar ao RH o demonstrativo da contribui\u00e7\u00e3o ao INSS.<\/p>\n<p>Tamb\u00e9m foi apresentado ao banco um calend\u00e1rio para reuni\u00e3o nas Federa\u00e7\u00f5es, com objetivo de tratar o Seguro Sa\u00fade e Dental nas bases.<\/p>\n<\/div>\n<p id=\"page-author\"><strong>Fonte: Contraf-CUT<\/strong><\/p>\n","protected":false},"excerpt":{"rendered":"<p>A Comiss\u00e3o de Organiza\u00e7\u00e3o dos Empregados (COE) do Bradesco se reuniu, no fim da tarde de segunda-feira (11), com a dire\u00e7\u00e3o do banco para a apresenta\u00e7\u00e3o sobre o Pr\u00eamio de Desenvolvimento Extraordin\u00e1rio (PDE). O banco informou que o regulamento do Pr\u00eamio ainda n\u00e3o esta\u0301 conclu\u00eddo. A previs\u00e3o e\u0301 final do m\u00eas de marco. O PDE [&hellip;]<\/p>\n","protected":false},"author":2,"featured_media":6237,"comment_status":"","ping_status":"","sticky":false,"template":"","format":"standard","meta":{"footnotes":""},"categories":[3],"tags":[],"class_list":["post-6238","post","type-post","status-publish","format-standard","has-post-thumbnail","hentry","category-noticias"],"_links":{"self":[{"href":"https:\/\/hostnetart.com.br\/baixada\/wp-json\/wp\/v2\/posts\/6238","targetHints":{"allow":["GET"]}}],"collection":[{"href":"https:\/\/hostnetart.com.br\/baixada\/wp-json\/wp\/v2\/posts"}],"about":[{"href":"https:\/\/hostnetart.com.br\/baixada\/wp-json\/wp\/v2\/types\/post"}],"author":[{"embeddable":true,"href":"https:\/\/hostnetart.com.br\/baixada\/wp-json\/wp\/v2\/users\/2"}],"replies":[{"embeddable":true,"href":"https:\/\/hostnetart.com.br\/baixada\/wp-json\/wp\/v2\/comments?post=6238"}],"version-history":[{"count":0,"href":"https:\/\/hostnetart.com.br\/baixada\/wp-json\/wp\/v2\/posts\/6238\/revisions"}],"wp:featuredmedia":[{"embeddable":true,"href":"https:\/\/hostnetart.com.br\/baixada\/wp-json\/wp\/v2\/media\/6237"}],"wp:attachment":[{"href":"https:\/\/hostnetart.com.br\/baixada\/wp-json\/wp\/v2\/media?parent=6238"}],"wp:term":[{"taxonomy":"category","embeddable":true,"href":"https:\/\/hostnetart.com.br\/baixada\/wp-json\/wp\/v2\/categories?post=6238"},{"taxonomy":"post_tag","embeddable":true,"href":"https:\/\/hostnetart.com.br\/baixada\/wp-json\/wp\/v2\/tags?post=6238"}],"curies":[{"name":"wp","href":"https:\/\/api.w.org\/{rel}","templated":true}]}}