{"id":6232,"date":"2019-03-12T17:30:28","date_gmt":"2019-03-12T20:30:28","guid":{"rendered":"https:\/\/hostnetart.com.br\/baixada\/empregados-da-caixa-vestirao-preto-no-dia-nacional-de-luta-na-sexta-feira-15\/"},"modified":"2019-03-12T17:30:28","modified_gmt":"2019-03-12T20:30:28","slug":"empregados-da-caixa-vestirao-preto-no-dia-nacional-de-luta-na-sexta-feira-15","status":"publish","type":"post","link":"https:\/\/hostnetart.com.br\/baixada\/empregados-da-caixa-vestirao-preto-no-dia-nacional-de-luta-na-sexta-feira-15\/","title":{"rendered":"Empregados da Caixa vestir\u00e3o preto no Dia Nacional de luta na sexta-feira (15)"},"content":{"rendered":"<div class=\"content\">\n<p>O governo Bolsonaro e a nova dire\u00e7\u00e3o do banco v\u00eam promovendo diversos ataques contra aos empregados e contra o car\u00e1ter p\u00fablico da Caixa. O presidente Pedro Guimar\u00e3es j\u00e1 anunciou que pretende fatiar a empresa e privatiz\u00e1-la em peda\u00e7os. \u00c1reas como seguros, cart\u00f5es, assets e loterias, que est\u00e3o entre as mais lucrativas do banco est\u00e3o na mira da nova dire\u00e7\u00e3o do banco.<\/p>\n<p>Al\u00e9m disso, na \u00faltima semana a imprensa noticiou que, a pedido de Pedro Guimar\u00e3es, o banco deve fazer uma provis\u00e3o de aproximadamente R$ 7 bilh\u00f5es para cobrir perdas esperadas com calotes na carteira de financiamento imobili\u00e1rio e a desvaloriza\u00e7\u00e3o de im\u00f3veis retomados pelo banco.<\/p>\n<p>Por\u00e9m, como informa Dion\u00edsio Reis, coordenador da Comiss\u00e3o Executiva de Empregados (CEE) da Caixa, a inadimpl\u00eancia no banco\u00a0\u00e9 mais baixa que a dos demais. Um provisionamento t\u00e3o grande assim n\u00e3o \u00e9 necess\u00e1rio. \u201cTal provisionamento reduz sobremaneira o valor que o banco teria que pagar a t\u00edtulo de participa\u00e7\u00e3o nos Lucros ou Resultados (PLR) aos empregados, que deram duro e conseguiram superar as metas estipuladas pelo banco. A nova dire\u00e7\u00e3o da Caixa, no entanto, n\u00e3o quer reconhecer o esfor\u00e7o dos seus empregados.\u201d<\/p>\n<p>Por isso, o movimento sindical solicitou uma reuni\u00e3o com o banco para esclarecer as mudan\u00e7as que est\u00e3o sendo feitas. Mas, o banco se recusou a passar tais informa\u00e7\u00f5es e esclarecimentos \u00e0s entidades de representa\u00e7\u00e3o dos empregados.<\/p>\n<p>Como forma de protesto com tamanho desrespeito aos trabalhadores e mostrar a contrariedade \u00e0s medidas privatistas que est\u00e3o sendo implantadas, os empregados far\u00e3o o Dia Nacional de Luta da Caixa, na pr\u00f3xima sexta-feira (15), em defesa da Caixa 100% p\u00fablica, contra a venda das \u00e1reas mais lucrativas do banco, na defesa do seu papel social, contra as contramanobras que reduzam o lucro da Caixa, por mais reconhecimento ao trabalho, por mais empregados j\u00e1 e pelo fim do ass\u00e9dio moral na empresa.<\/p>\n<\/div>\n<p id=\"page-author\"><strong>Fonte: Contraf-CUT<\/strong><\/p>\n","protected":false},"excerpt":{"rendered":"<p>O governo Bolsonaro e a nova dire\u00e7\u00e3o do banco v\u00eam promovendo diversos ataques contra aos empregados e contra o car\u00e1ter p\u00fablico da Caixa. O presidente Pedro Guimar\u00e3es j\u00e1 anunciou que pretende fatiar a empresa e privatiz\u00e1-la em peda\u00e7os. \u00c1reas como seguros, cart\u00f5es, assets e loterias, que est\u00e3o entre as mais lucrativas do banco est\u00e3o na [&hellip;]<\/p>\n","protected":false},"author":2,"featured_media":6231,"comment_status":"","ping_status":"","sticky":false,"template":"","format":"standard","meta":{"footnotes":""},"categories":[3],"tags":[],"class_list":["post-6232","post","type-post","status-publish","format-standard","has-post-thumbnail","hentry","category-noticias"],"_links":{"self":[{"href":"https:\/\/hostnetart.com.br\/baixada\/wp-json\/wp\/v2\/posts\/6232","targetHints":{"allow":["GET"]}}],"collection":[{"href":"https:\/\/hostnetart.com.br\/baixada\/wp-json\/wp\/v2\/posts"}],"about":[{"href":"https:\/\/hostnetart.com.br\/baixada\/wp-json\/wp\/v2\/types\/post"}],"author":[{"embeddable":true,"href":"https:\/\/hostnetart.com.br\/baixada\/wp-json\/wp\/v2\/users\/2"}],"replies":[{"embeddable":true,"href":"https:\/\/hostnetart.com.br\/baixada\/wp-json\/wp\/v2\/comments?post=6232"}],"version-history":[{"count":0,"href":"https:\/\/hostnetart.com.br\/baixada\/wp-json\/wp\/v2\/posts\/6232\/revisions"}],"wp:featuredmedia":[{"embeddable":true,"href":"https:\/\/hostnetart.com.br\/baixada\/wp-json\/wp\/v2\/media\/6231"}],"wp:attachment":[{"href":"https:\/\/hostnetart.com.br\/baixada\/wp-json\/wp\/v2\/media?parent=6232"}],"wp:term":[{"taxonomy":"category","embeddable":true,"href":"https:\/\/hostnetart.com.br\/baixada\/wp-json\/wp\/v2\/categories?post=6232"},{"taxonomy":"post_tag","embeddable":true,"href":"https:\/\/hostnetart.com.br\/baixada\/wp-json\/wp\/v2\/tags?post=6232"}],"curies":[{"name":"wp","href":"https:\/\/api.w.org\/{rel}","templated":true}]}}