{"id":6230,"date":"2019-03-12T17:28:10","date_gmt":"2019-03-12T20:28:10","guid":{"rendered":"https:\/\/hostnetart.com.br\/baixada\/mobilizacoes-do-dia-8-de-marco-mostram-a-forca-das-mulheres-de-todo-o-pais\/"},"modified":"2019-03-12T17:28:10","modified_gmt":"2019-03-12T20:28:10","slug":"mobilizacoes-do-dia-8-de-marco-mostram-a-forca-das-mulheres-de-todo-o-pais","status":"publish","type":"post","link":"https:\/\/hostnetart.com.br\/baixada\/mobilizacoes-do-dia-8-de-marco-mostram-a-forca-das-mulheres-de-todo-o-pais\/","title":{"rendered":"Mobiliza\u00e7\u00f5es do dia 8 de mar\u00e7o mostram a for\u00e7a das mulheres de todo o pa\u00eds"},"content":{"rendered":"<div class=\"content\">\n<p>As mobiliza\u00e7\u00f5es deste 8 de mar\u00e7o ganharam as ruas de todo o pa\u00eds. Milhares de mulheres se uniram no Dia Internacional da Mulher nas principais capitais do Brasil para protestar contra a reforma da Previd\u00eancia proposta pelo governo de Jair Bolsonaro, por justi\u00e7a e contra a viol\u00eancia que assola o pa\u00eds. Em S\u00e3o Paulo, mais de 80 mil mulheres se uniram contra a pol\u00edtica de retrocessos atual e intensificaram a luta por justi\u00e7a por Marielle e Lula Livre.<\/p>\n<p>Clique\u00a0<a href=\"http:\/\/www.contrafcut.org.br\/fotos\/8-de-marco-dia-internacional-da-mulher-515a\">aqui<\/a>\u00a0e confira a galeria de fotos do dia.<\/p>\n<p>\u201cAs mulheres demonstraram, neste 8 de mar\u00e7o que a luta segue ainda mais forte em defesa da igualdade, da equidade, da retirada de direitos, contra o fim da nossa aposentadoria e contra todas as formas de viol\u00eancia que cresce assustadoramente no pa\u00eds\u201d, destacou Elaine Cutis, secretaria da Mulher da Contraf-CUT.<\/p>\n<p>O principal grito de guerra das mulheres que participaram das manifesta\u00e7\u00f5es do Dia Internacional da Mulher foi o \u201cn\u00e3o\u201d para reforma da Previd\u00eancia de Bolsonaro, que acaba com a aposentadoria para milhares de trabalhadoras. A PEC (Proposta de Emenda \u00e0 Constitui\u00e7\u00e3o) da reforma prop\u00f5e acabar com a regra de aposentadoria por tempo de contribui\u00e7\u00e3o, prev\u00ea a obrigatoriedade de idade m\u00ednima de 62 anos e 20 anos de contribui\u00e7\u00e3o. O tempo m\u00ednimo de contribui\u00e7\u00e3o sobe de 15 anos para 20 anos e as trabalhadoras v\u00e3o receber apenas 60% do valor do benef\u00edcio. Para ter acesso \u00e0 aposentadoria integral, a trabalhadora ter\u00e1 de contribuir por pelo menos 40 anos.<\/p>\n<p>O coro dos protestos tamb\u00e9m foi intensificado contra toda forma de viol\u00eancia que atinge o pa\u00eds, principalmente com o aumento do feminic\u00eddio &#8211; casos em que mulheres foram mortas em crimes de \u00f3dio motivados pela condi\u00e7\u00e3o de g\u00eanero &#8211; com dados assustadores, sendo registrados 1.173 mortes s\u00f3 no ano passado, comparado a 2017 com 1.047 casos.<\/p>\n<p>Al\u00e9m do grito contra a viol\u00eancia, as mulheres intensificam a luta contra as injusti\u00e7as, como no caso de Marielle Franco e por Lula livre.\u00a0 \u00a0<\/p>\n<p><strong>Lula vale a luta<\/strong><\/p>\n<p>\u00a0A pris\u00e3o de Lula j\u00e1 movimentou o mundo inteiro. Hoje ele \u00e9 indicado ao Pr\u00eamio Nobel da Paz. Muitas mulheres se mantiveram na linha de frente desta resist\u00eancia exigindo a sua liberdade! Porque lutar pela liberdade de Lula \u00e9 lutar pelo direito dos que mais precisam. Lula \u00e9 um preso pol\u00edtico.\u00a0<\/p>\n<p>Lula livre \u00e9 uma das principais causas da luta das mulheres, pois Lula foi imprescind\u00edvel nas principais conquistas das lutas femininas. Vale destacar que Lula criou a secretaria de Pol\u00edtica para mulheres, deu cr\u00e9dito para as trabalhadoras da agricultura familiar, possibilitou o sonho da casa pr\u00f3pria e viabilizou a luta contra a viol\u00eancia contra mulher, com o disque den\u00fancia 180, entre outros importantes avan\u00e7os.\u00a0<\/p>\n<p><strong>Marielle sempre presente<\/strong><\/p>\n<p>Marielle Franco perdeu a vida por lutar contra injusti\u00e7as. Quem matou Marielle? \u00c9 uma pergunta sem resposta por quase um ano. Mulheres reivindicam que as investiga\u00e7\u00f5es de seu assassinato se aprofundem, por Marielle, pelas outras tantas Marieles e Marias de todo o pa\u00eds.\u00a0\u00a0 Dia 14 de mar\u00e7o faz um ano da morte de Marielle Franco e dia 7 de abril um ano da pris\u00e3o de Lula. \u201cA democracia passa necessariamente pela liberta\u00e7\u00e3o de Lula e a justi\u00e7a por Marielle. N\u00e3o vamos nos acovardar diante de tantas atrocidades. N\u00e3o vamos nos calar. Seremos resist\u00eancia na luta por justi\u00e7a e por um mundo mais humano, igualit\u00e1rio e justo\u201d, afirmou Elaine.<\/p>\n<\/div>\n<p id=\"page-author\"><span style=\"text-decoration: underline;\"><strong>Fonte: Contraf-CUT<\/strong><\/span><\/p>\n","protected":false},"excerpt":{"rendered":"<p>As mobiliza\u00e7\u00f5es deste 8 de mar\u00e7o ganharam as ruas de todo o pa\u00eds. Milhares de mulheres se uniram no Dia Internacional da Mulher nas principais capitais do Brasil para protestar contra a reforma da Previd\u00eancia proposta pelo governo de Jair Bolsonaro, por justi\u00e7a e contra a viol\u00eancia que assola o pa\u00eds. Em S\u00e3o Paulo, mais [&hellip;]<\/p>\n","protected":false},"author":2,"featured_media":6229,"comment_status":"","ping_status":"","sticky":false,"template":"","format":"standard","meta":{"footnotes":""},"categories":[3],"tags":[],"class_list":["post-6230","post","type-post","status-publish","format-standard","has-post-thumbnail","hentry","category-noticias"],"_links":{"self":[{"href":"https:\/\/hostnetart.com.br\/baixada\/wp-json\/wp\/v2\/posts\/6230","targetHints":{"allow":["GET"]}}],"collection":[{"href":"https:\/\/hostnetart.com.br\/baixada\/wp-json\/wp\/v2\/posts"}],"about":[{"href":"https:\/\/hostnetart.com.br\/baixada\/wp-json\/wp\/v2\/types\/post"}],"author":[{"embeddable":true,"href":"https:\/\/hostnetart.com.br\/baixada\/wp-json\/wp\/v2\/users\/2"}],"replies":[{"embeddable":true,"href":"https:\/\/hostnetart.com.br\/baixada\/wp-json\/wp\/v2\/comments?post=6230"}],"version-history":[{"count":0,"href":"https:\/\/hostnetart.com.br\/baixada\/wp-json\/wp\/v2\/posts\/6230\/revisions"}],"wp:featuredmedia":[{"embeddable":true,"href":"https:\/\/hostnetart.com.br\/baixada\/wp-json\/wp\/v2\/media\/6229"}],"wp:attachment":[{"href":"https:\/\/hostnetart.com.br\/baixada\/wp-json\/wp\/v2\/media?parent=6230"}],"wp:term":[{"taxonomy":"category","embeddable":true,"href":"https:\/\/hostnetart.com.br\/baixada\/wp-json\/wp\/v2\/categories?post=6230"},{"taxonomy":"post_tag","embeddable":true,"href":"https:\/\/hostnetart.com.br\/baixada\/wp-json\/wp\/v2\/tags?post=6230"}],"curies":[{"name":"wp","href":"https:\/\/api.w.org\/{rel}","templated":true}]}}