{"id":6228,"date":"2019-03-12T15:40:57","date_gmt":"2019-03-12T18:40:57","guid":{"rendered":"https:\/\/hostnetart.com.br\/baixada\/sindbaixada-se-reune-com-a-fenaban-para-discutir-os-efeitos-do-cancelamento-do-feriado-bancario\/"},"modified":"2019-03-12T15:40:57","modified_gmt":"2019-03-12T18:40:57","slug":"sindbaixada-se-reune-com-a-fenaban-para-discutir-os-efeitos-do-cancelamento-do-feriado-bancario","status":"publish","type":"post","link":"https:\/\/hostnetart.com.br\/baixada\/sindbaixada-se-reune-com-a-fenaban-para-discutir-os-efeitos-do-cancelamento-do-feriado-bancario\/","title":{"rendered":"SindBaixada se re\u00fane com a FENABAN para discutir os efeitos do cancelamento do feriado banc\u00e1rio"},"content":{"rendered":"<p>O Sindicato dos Banc\u00e1rios da Baixada Fluminense participou de reuni\u00e3o com a Federa\u00e7\u00e3o Nacional dos Bancos &#8211; FENABAN -, que aconteceu nesta segunda feira (11), no Rio de Janeiro, para tratar dos efeitos negativos do cancelamento, via Supremo Tribunal Federal (STF), do feriado estadual dos bancos na quarta-feira de cinzas.<\/p>\n<p>Os Coordenadores Gerais do Sindicato Pedro Batista, Alcyon Costa e Jos\u00e9 La\u00e9rcio representaram os banc\u00e1rios na reuni\u00e3o.<\/p>\n<p>Na pauta, foram apresentados questionamentos quanto ao abono das aus\u00eancias e o pagamento da horas trabalhadas como horas extras. Foram questionadas, tamb\u00e9m, as convoca\u00e7\u00f5es feitas durante o feriado de carnaval aos banc\u00e1rios, para o comparecimento ao trabalho na quarta-feira de cinzas, o que \u00e9 caracterizado como ass\u00e9dio moral.<\/p>\n<p>A FENABAN foi representada por Adauto de Oliveira Duarte, Diretor de Pol\u00edticas de Rela\u00e7\u00f5es Trabalhistas e Sindicais, al\u00e9m de representante das rela\u00e7\u00f5es sindicais dos bancos.<\/p>\n<p>A Federa\u00e7\u00e3o Nacional dos Bancos recebeu as demandas e ficou de responder em breve.<\/p>\n<p>O SindBaixada est\u00e1 acompanhando a negocia\u00e7\u00e3o e informar\u00e1 sempre que houver qualquer movimenta\u00e7\u00e3o ou resposta.<\/p>\n","protected":false},"excerpt":{"rendered":"<p>O Sindicato dos Banc\u00e1rios da Baixada Fluminense participou de reuni\u00e3o com a Federa\u00e7\u00e3o Nacional dos Bancos &#8211; FENABAN -, que aconteceu nesta segunda feira (11), no Rio de Janeiro, para tratar dos efeitos negativos do cancelamento, via Supremo Tribunal Federal (STF), do feriado estadual dos bancos na quarta-feira de cinzas. Os Coordenadores Gerais do Sindicato [&hellip;]<\/p>\n","protected":false},"author":2,"featured_media":6227,"comment_status":"","ping_status":"","sticky":false,"template":"","format":"standard","meta":{"footnotes":""},"categories":[3],"tags":[],"class_list":["post-6228","post","type-post","status-publish","format-standard","has-post-thumbnail","hentry","category-noticias"],"_links":{"self":[{"href":"https:\/\/hostnetart.com.br\/baixada\/wp-json\/wp\/v2\/posts\/6228","targetHints":{"allow":["GET"]}}],"collection":[{"href":"https:\/\/hostnetart.com.br\/baixada\/wp-json\/wp\/v2\/posts"}],"about":[{"href":"https:\/\/hostnetart.com.br\/baixada\/wp-json\/wp\/v2\/types\/post"}],"author":[{"embeddable":true,"href":"https:\/\/hostnetart.com.br\/baixada\/wp-json\/wp\/v2\/users\/2"}],"replies":[{"embeddable":true,"href":"https:\/\/hostnetart.com.br\/baixada\/wp-json\/wp\/v2\/comments?post=6228"}],"version-history":[{"count":0,"href":"https:\/\/hostnetart.com.br\/baixada\/wp-json\/wp\/v2\/posts\/6228\/revisions"}],"wp:featuredmedia":[{"embeddable":true,"href":"https:\/\/hostnetart.com.br\/baixada\/wp-json\/wp\/v2\/media\/6227"}],"wp:attachment":[{"href":"https:\/\/hostnetart.com.br\/baixada\/wp-json\/wp\/v2\/media?parent=6228"}],"wp:term":[{"taxonomy":"category","embeddable":true,"href":"https:\/\/hostnetart.com.br\/baixada\/wp-json\/wp\/v2\/categories?post=6228"},{"taxonomy":"post_tag","embeddable":true,"href":"https:\/\/hostnetart.com.br\/baixada\/wp-json\/wp\/v2\/tags?post=6228"}],"curies":[{"name":"wp","href":"https:\/\/api.w.org\/{rel}","templated":true}]}}