{"id":6226,"date":"2019-03-11T17:28:47","date_gmt":"2019-03-11T20:28:47","guid":{"rendered":"https:\/\/hostnetart.com.br\/baixada\/reforma-da-previdencia-rba-lanca-site-em-defesa-do-direito-a-aposentadoria\/"},"modified":"2019-03-11T17:28:47","modified_gmt":"2019-03-11T20:28:47","slug":"reforma-da-previdencia-rba-lanca-site-em-defesa-do-direito-a-aposentadoria","status":"publish","type":"post","link":"https:\/\/hostnetart.com.br\/baixada\/reforma-da-previdencia-rba-lanca-site-em-defesa-do-direito-a-aposentadoria\/","title":{"rendered":"Reforma da Previd\u00eancia: RBA lan\u00e7a site em defesa do direito \u00e0 aposentadoria"},"content":{"rendered":"<div class=\"content\">\n<p>Tudo o que os brasileiros precisam saber sobre a &#8220;reforma&#8221; da\u00a0<strong>Previd\u00eancia<\/strong>\u00a02019 num \u00fanico site. A\u00a0<strong>RBA<\/strong>\u00a0lan\u00e7a nesta sexta-feira (8) a p\u00e1gina na internet\u00a0<em><a href=\"http:\/\/minhaaposentadoria.net.br\/\" target=\"_blank\" rel=\"noopener noreferrer\">Minha Aposentadoria<\/a><\/em>, totalmente voltada para a defesa do direito dos trabalhadores \u00e0 aposentadoria.<\/p>\n<p>A p\u00e1gina explica os detalhes das regras que constam da Proposta de Emenda \u00e0 Constitui\u00e7\u00e3o (<a href=\"https:\/\/www.redebrasilatual.com.br\/trabalho\/2019\/02\/bolsonaro-entrega-projeto-de-reforma-da-previdencia-ao-congresso\" target=\"_blank\" rel=\"noopener noreferrer\">PEC) 6\/2019<\/a>, levada por Jair Bolsonaro ao Congresso Nacional em 20 de fevereiro, com interesse de que seja aprovada ainda no primeiro semestre.<\/p>\n<p>O que a &#8220;reforma&#8221; p\u00f5e a perder? O que \u00e9 verdade e o que n\u00e3o \u00e9 sobre o que dizem da situa\u00e7\u00e3o da Previd\u00eancia? Quem vai pagar a conta do R$ 1 trilh\u00e3o que o governo diz querer economizar com essa PEC? Por que essa ideia de reforma p\u00f5e em risco n\u00e3o apenas as futuras aposentadoria, mas tamb\u00e9m a situa\u00e7\u00e3o de que j\u00e1 est\u00e1 aposentado? O que precisa mudar, de fato, na estrutura da Previd\u00eancia, para que ela seja efetivamente sustent\u00e1vel, para as atuais e futuras gera\u00e7\u00f5es?<\/p>\n<p>Essas e muitas outras quest\u00f5es ter\u00e3o respostas no site e ser\u00e3o temas de reportagens produzidas pelas equipes da\u00a0<strong>RBA<\/strong>, da\u00a0<strong>R\u00e1dio Brasil Atual<\/strong>\u00a0e da\u00a0<strong>TVT<\/strong>. Artigos e reportagens de blogs e sites parceiros, das centrais sindicais, do Dieese, do mundo acad\u00eamico e a voz dos trabalhadores tamb\u00e9m estar\u00e3o presentes no dia a dia da p\u00e1gina\u00a0<em>Minha Aposentadoria<\/em>.<\/p>\n<p>Uma se\u00e7\u00e3o vai permitir a intera\u00e7\u00e3o com os internautas, que poder\u00e3o enviar perguntas para serem analisadas e respondidas por especialistas.<\/p>\n<p>&#8220;Nesse site, voc\u00ea vai descobrir que al\u00e9m da aposentadoria, de que tanto se fala quando ao assunto \u00e9 a reforma da Previd\u00eancia, outros direitos correm risco, como os benef\u00edcios pagos aos trabalhadores afastados por doen\u00e7a, \u00e0s gestantes, aos idosos carentes e \u00e0s pessoas com defici\u00eancia, aos trabalhadores rurais&#8221;, informa o texto de apresenta\u00e7\u00e3o.<\/p>\n<p>&#8220;O lan\u00e7amento do site neste Dia Internacional da Mulher tem significado especial porque elas \u2013 as trabalhadoras do campo e da cidade \u2013 est\u00e3o entre os mais prejudicados por mais esse absurdo produzido nesses tr\u00e1gicos meses de governo Bolsonaro&#8221;, afirma o diretor da\u00a0<strong>RBA<\/strong>, Paulo Salvador.<\/p>\n<p>O site ter\u00e1 ainda uma &#8220;calculadora&#8221; produzida pelo Dieese, por meio da qual os usu\u00e1rios poder\u00e3o comparar quanto tempo levariam para se aposentar com as regras atuais e como ficar\u00e1 se a proposta de Bolsonaro for aprovada.<\/p>\n<p>&#8220;Nosso site \u00e9 um refor\u00e7o na batalha da comunica\u00e7\u00e3o por parte dos trabalhadores&#8221;, diz Salvador. &#8220;Sabemos que a imprensa comercial, os principais jornais, portais e emissoras de r\u00e1dio e TV v\u00e3o tentar de tudo para vender a reforma como se fosse a salva\u00e7\u00e3o da p\u00e1tria. Na verdade, seria a destrui\u00e7\u00e3o da Previd\u00eancia p\u00fablica, para a alegria dos bancos e dos mais ricos.&#8221;<\/p>\n<\/div>\n<p id=\"page-author\"><span style=\"text-decoration: underline;\"><strong>Fonte: Rede Brasil Atual<\/strong><\/span><\/p>\n","protected":false},"excerpt":{"rendered":"<p>Tudo o que os brasileiros precisam saber sobre a &#8220;reforma&#8221; da\u00a0Previd\u00eancia\u00a02019 num \u00fanico site. A\u00a0RBA\u00a0lan\u00e7a nesta sexta-feira (8) a p\u00e1gina na internet\u00a0Minha Aposentadoria, totalmente voltada para a defesa do direito dos trabalhadores \u00e0 aposentadoria. A p\u00e1gina explica os detalhes das regras que constam da Proposta de Emenda \u00e0 Constitui\u00e7\u00e3o (PEC) 6\/2019, levada por Jair Bolsonaro [&hellip;]<\/p>\n","protected":false},"author":2,"featured_media":6225,"comment_status":"","ping_status":"","sticky":false,"template":"","format":"standard","meta":{"footnotes":""},"categories":[3],"tags":[],"class_list":["post-6226","post","type-post","status-publish","format-standard","has-post-thumbnail","hentry","category-noticias"],"_links":{"self":[{"href":"https:\/\/hostnetart.com.br\/baixada\/wp-json\/wp\/v2\/posts\/6226","targetHints":{"allow":["GET"]}}],"collection":[{"href":"https:\/\/hostnetart.com.br\/baixada\/wp-json\/wp\/v2\/posts"}],"about":[{"href":"https:\/\/hostnetart.com.br\/baixada\/wp-json\/wp\/v2\/types\/post"}],"author":[{"embeddable":true,"href":"https:\/\/hostnetart.com.br\/baixada\/wp-json\/wp\/v2\/users\/2"}],"replies":[{"embeddable":true,"href":"https:\/\/hostnetart.com.br\/baixada\/wp-json\/wp\/v2\/comments?post=6226"}],"version-history":[{"count":0,"href":"https:\/\/hostnetart.com.br\/baixada\/wp-json\/wp\/v2\/posts\/6226\/revisions"}],"wp:featuredmedia":[{"embeddable":true,"href":"https:\/\/hostnetart.com.br\/baixada\/wp-json\/wp\/v2\/media\/6225"}],"wp:attachment":[{"href":"https:\/\/hostnetart.com.br\/baixada\/wp-json\/wp\/v2\/media?parent=6226"}],"wp:term":[{"taxonomy":"category","embeddable":true,"href":"https:\/\/hostnetart.com.br\/baixada\/wp-json\/wp\/v2\/categories?post=6226"},{"taxonomy":"post_tag","embeddable":true,"href":"https:\/\/hostnetart.com.br\/baixada\/wp-json\/wp\/v2\/tags?post=6226"}],"curies":[{"name":"wp","href":"https:\/\/api.w.org\/{rel}","templated":true}]}}