{"id":6216,"date":"2019-03-08T14:04:39","date_gmt":"2019-03-08T17:04:39","guid":{"rendered":"https:\/\/hostnetart.com.br\/baixada\/reforma-da-previdencia-agrava-desigualdades-contra-mulheres-negras\/"},"modified":"2019-03-08T14:04:39","modified_gmt":"2019-03-08T17:04:39","slug":"reforma-da-previdencia-agrava-desigualdades-contra-mulheres-negras","status":"publish","type":"post","link":"https:\/\/hostnetart.com.br\/baixada\/reforma-da-previdencia-agrava-desigualdades-contra-mulheres-negras\/","title":{"rendered":"&#8216;Reforma&#8217; da Previd\u00eancia agrava desigualdades contra mulheres negras"},"content":{"rendered":"<p class=\" \">A <strong><a class=\"internal-link\" title=\"\" href=\"https:\/\/www.redebrasilatual.com.br\/trabalho\/2019\/02\/reforma-da-previdencia-de-bolsonaro-nao-combate-privilegios\" target=\"_blank\" rel=\"noopener noreferrer\">&#8220;reforma&#8221; da Previd\u00eancia <\/a><\/strong>do governo de Jair Bolsonaro (PSL), a exemplo das <a class=\"internal-link\" title=\"\" href=\"https:\/\/www.redebrasilatual.com.br\/trabalho\/2018\/11\/reforma-trabalhista-reduziu-trabalho-decente-e-ampliou-empregos-precarios\" target=\"_blank\" rel=\"noopener noreferrer\">mudan\u00e7as nas leis trabalhistas<\/a>, deve prejudicar ainda mais as <strong><a class=\"internal-link\" title=\"\" href=\"https:\/\/www.redebrasilatual.com.br\/politica\/2018\/11\/mulheres-negras-sao-as-maiores-vitimas-de-feminicidio-no-brasil\" target=\"_blank\" rel=\"noopener noreferrer\">mulheres negras<\/a><\/strong>, parcela da popula\u00e7\u00e3o que mais sofre com a <a class=\"internal-link\" title=\"\" href=\"https:\/\/www.redebrasilatual.com.br\/retrospectiva-2018\/economia\/ibge-pobreza-e-informalidade-aumentaram-no-brasil\" target=\"_blank\" rel=\"noopener noreferrer\">falta de prote\u00e7\u00e3o<\/a>\u00a0do direito do trabalho, a desigualdade salarial e o desemprego.<\/p>\n<p class=\" \">De acordo com dados do Instituto de Pesquisa Econ\u00f4mica Aplicada (Ipea), a cada\u00a0 ponto percentual a mais na taxa de desocupa\u00e7\u00e3o, as mulheres negras s\u00e3o afetadas, em m\u00e9dia, com o aumento de um 1,5 na <a class=\"internal-link\" title=\"\" href=\"https:\/\/www.redebrasilatual.com.br\/trabalho\/2018\/11\/desemprego-e-maior-entre-mulheres-negras-e-jovens-aponta-estudo-do-ipea\" target=\"_blank\" rel=\"noopener noreferrer\">taxa de desemprego<\/a>, enquanto que mulheres brancas t\u00eam um reflexo de 1,3 pontos percentuais.<\/p>\n<p class=\" \">Diante dessa desigualdade, os par\u00e2metros mais r\u00edgidos de acesso aos benef\u00edcios, a amplia\u00e7\u00e3o do sistema de capitaliza\u00e7\u00e3o privada e o <a class=\"internal-link\" title=\"\" href=\"https:\/\/www.redebrasilatual.com.br\/trabalho\/2019\/03\/mulheres-e-previdencia-reforma-torna-aposentadoria-um-sonho-distante\" target=\"_blank\" rel=\"noopener noreferrer\">aumento no tempo de contribui\u00e7\u00e3o<\/a> para acessar a Previd\u00eancia de forma integral, com 40 anos, <a class=\"internal-link\" title=\"\" href=\"https:\/\/www.redebrasilatual.com.br\/trabalho\/2019\/02\/bolsonaro-entrega-projeto-de-reforma-da-previdencia-ao-congresso\" target=\"_blank\" rel=\"noopener noreferrer\">previsto na &#8220;reforma&#8221;<\/a>, devem agravar ainda mais as disparidades de g\u00eanero e ra\u00e7a, principalmente em um pa\u00eds que n\u00e3o reconhece o<a class=\"internal-link\" title=\"\" href=\"https:\/\/www.redebrasilatual.com.br\/cidadania\/2019\/03\/movimentos-querem-que-shopping-de-sao-paulo-adote-medidas-de-reparacao\" target=\"_blank\" rel=\"noopener noreferrer\"> racismo<\/a> como um &#8220;fen\u00f4meno que produz desigualdades&#8221;, como explica a militante do Movimento Negro Adriana Moreira em entrevista ao <i>Seu Jornal<\/i>, da <b>TVT<\/b>.<\/p>\n<p class=\" \">&#8220;O Brasil nunca enfrentou o fato de que as mulheres, por exemplo, elas sa\u00edram do processo de escravid\u00e3o e continuaram trabalhando no mesmo tipo de servi\u00e7o&#8221;, adverte Adriana quanto \u00e0 continuidade das formas mais prec\u00e1rias de trabalho e com m\u00ednimos direitos.<\/p>\n<p class=\" \">\u00a0<\/p>\n<p class=\" \"><strong>Fonte: Rede Brasil Atual<\/strong><\/p>\n","protected":false},"excerpt":{"rendered":"<p>A &#8220;reforma&#8221; da Previd\u00eancia do governo de Jair Bolsonaro (PSL), a exemplo das mudan\u00e7as nas leis trabalhistas, deve prejudicar ainda mais as mulheres negras, parcela da popula\u00e7\u00e3o que mais sofre com a falta de prote\u00e7\u00e3o\u00a0do direito do trabalho, a desigualdade salarial e o desemprego. De acordo com dados do Instituto de Pesquisa Econ\u00f4mica Aplicada (Ipea), [&hellip;]<\/p>\n","protected":false},"author":2,"featured_media":6215,"comment_status":"","ping_status":"","sticky":false,"template":"","format":"standard","meta":{"footnotes":""},"categories":[3],"tags":[],"class_list":["post-6216","post","type-post","status-publish","format-standard","has-post-thumbnail","hentry","category-noticias"],"_links":{"self":[{"href":"https:\/\/hostnetart.com.br\/baixada\/wp-json\/wp\/v2\/posts\/6216","targetHints":{"allow":["GET"]}}],"collection":[{"href":"https:\/\/hostnetart.com.br\/baixada\/wp-json\/wp\/v2\/posts"}],"about":[{"href":"https:\/\/hostnetart.com.br\/baixada\/wp-json\/wp\/v2\/types\/post"}],"author":[{"embeddable":true,"href":"https:\/\/hostnetart.com.br\/baixada\/wp-json\/wp\/v2\/users\/2"}],"replies":[{"embeddable":true,"href":"https:\/\/hostnetart.com.br\/baixada\/wp-json\/wp\/v2\/comments?post=6216"}],"version-history":[{"count":0,"href":"https:\/\/hostnetart.com.br\/baixada\/wp-json\/wp\/v2\/posts\/6216\/revisions"}],"wp:featuredmedia":[{"embeddable":true,"href":"https:\/\/hostnetart.com.br\/baixada\/wp-json\/wp\/v2\/media\/6215"}],"wp:attachment":[{"href":"https:\/\/hostnetart.com.br\/baixada\/wp-json\/wp\/v2\/media?parent=6216"}],"wp:term":[{"taxonomy":"category","embeddable":true,"href":"https:\/\/hostnetart.com.br\/baixada\/wp-json\/wp\/v2\/categories?post=6216"},{"taxonomy":"post_tag","embeddable":true,"href":"https:\/\/hostnetart.com.br\/baixada\/wp-json\/wp\/v2\/tags?post=6216"}],"curies":[{"name":"wp","href":"https:\/\/api.w.org\/{rel}","templated":true}]}}