{"id":6204,"date":"2019-03-07T17:36:02","date_gmt":"2019-03-07T20:36:02","guid":{"rendered":"https:\/\/hostnetart.com.br\/baixada\/presidente-da-caixa-foge-dos-trabalhadores\/"},"modified":"2019-03-07T17:36:02","modified_gmt":"2019-03-07T20:36:02","slug":"presidente-da-caixa-foge-dos-trabalhadores","status":"publish","type":"post","link":"https:\/\/hostnetart.com.br\/baixada\/presidente-da-caixa-foge-dos-trabalhadores\/","title":{"rendered":"Presidente da Caixa foge dos trabalhadores"},"content":{"rendered":"<div class=\"content\">\n<p>O presidente da Caixa Econ\u00f4mica Federal, Pedro Guimar\u00e3es, se recusou a atender \u00e0 <ins><strong><a href=\"http:\/\/www.contrafcut.org.br\/noticias\/caixa-contraf-cut-cobra-fim-de-desmonte-de-pedro-416e\" target=\"_blank\" rel=\"noopener noreferrer\">solicita\u00e7\u00e3o da Confedera\u00e7\u00e3o Nacional dos Trabalhadores do Ramo Financeiro (Contraf-CUT)<\/a><\/strong><\/ins> para que sejam esclarecidas as mudan\u00e7as que est\u00e3o sendo implantadas no banco desde o in\u00edcio de sua gest\u00e3o. O banco alega que n\u00e3o h\u00e1 necessidade de realizar uma audi\u00eancia para esclarecer os pontos levantados pelos empregados, pois a mesa permanente de negocia\u00e7\u00e3o cumpre esse papel. A pr\u00f3xima mesa est\u00e1 marcada para abril.<\/p>\n<p>A Contraf-CUT enviou of\u00edcio ao banco na segunda-feira (25) solicitando uma reuni\u00e3o para o esclarecimento das mudan\u00e7as, alertando que algumas delas ferem o que determina o Acordo Coletivo de Trabalho (ACT) firmado com os empregados.<\/p>\n<p>\u201cO banco se recusa a nos receber para explicar as mudan\u00e7as que est\u00e3o sendo impostas, mas a cl\u00e1usula 48 do acordo garante que a implanta\u00e7\u00e3o de novos processos de trabalho que causem impactos na vida funcional dos empregados deve ser debatida previamente com as entidades de representa\u00e7\u00e3o dos trabalhadores\u201d, afirmou o coordenador da Comiss\u00e3o Executiva dos Empregados (CEE) da Caixa, Dion\u00edsio Reis.<\/p>\n<p>\u201cIsso configura o descumprimento do Acordo. J\u00e1 estamos analisando quais s\u00e3o as medidas cab\u00edveis que ser\u00e3o tomadas caso a posi\u00e7\u00e3o do presidente da Caixa n\u00e3o seja revista\u201d, informou Fabiana Proscholdt, diretora e representante da Contraf-CUT na mesa de negocia\u00e7\u00f5es com o banco.<\/p>\n<p><strong>Dia Nacional de Luta<\/strong><br \/> Os empregados da Caixa de todo o Brasil est\u00e3o preparando um Dia Nacional de Luta para o pr\u00f3ximo dia 15, em protesto contra o ass\u00e9dio moral; o desmonte da Caixa; as reestrutura\u00e7\u00f5es que reduzem o banco; a manobra que se pretende fazer em cima do balan\u00e7o; e na defesa da Caixa 100% p\u00fablica para o povo brasileiro, com tarifas e juros menores e ofertando cr\u00e9dito para fomentar o desenvolvimento do pa\u00eds.<\/p>\n<p><strong>Contra a privatiza\u00e7\u00e3o<\/strong><br \/> Desde sua posse, Pedro Guimar\u00e3es vem reafirmando que sua estrat\u00e9gia \u00e9 diminuir a atua\u00e7\u00e3o da Caixa, <ins><strong><a href=\"http:\/\/www.contrafcut.org.br\/noticias\/pedro-guimaraes-anuncia-privatizacoes-na-caixa-fab8\" target=\"_blank\" rel=\"noopener noreferrer\">vendendo participa\u00e7\u00f5es<\/a><\/strong><\/ins> nas \u00e1reas de seguros, cart\u00f5es, assets e loterias. Fatiando a empresa e privatizando-a em peda\u00e7os.<\/p>\n<p>\u201cBasta fazer uma an\u00e1lise dos balan\u00e7os para ver que estas \u00e1reas s\u00e3o as mais rent\u00e1veis do banco. Ele quer dar o fil\u00e9 mignon para a iniciativa privada se esbaldar com os altos lucros que estes segmentos proporcionam ao banco e \u00e0 sociedade brasileira. N\u00e3o vamos nos calar diante de tamanho descalabro\u201d, afirmou o coordenador da CEE\/Caixa.<\/p>\n<p>Uma an\u00e1lise realizada pelo Departamento Intersindical de Estat\u00edstica e Estudos Socioecon\u00f4micos (Dieese) nos \u00faltimos balan\u00e7os aponta que as receitas da Caixa com tarifas e presta\u00e7\u00e3o de servi\u00e7os com cart\u00f5es e seguros rendem em torno de R$ 2,2 bilh\u00f5es\/ano. Em termos de equival\u00eancia patrimonial, com seguros, a receita \u00e9 de quase R$ 1 bilh\u00e3o (em 2017, foram 960 milh\u00f5es). \u201cS\u00e3o valores significativos. Estas \u00e1reas est\u00e3o entre as mais rent\u00e1veis do banco\u201d, disse a economista Vivian Rodrigues.<\/p>\n<p><strong>Leia tamb\u00e9m:<\/strong><br \/> \u00a0 \u00a0 \u00a0<strong>&gt;<\/strong>\u00a0<ins><em><a href=\"http:\/\/www.contrafcut.org.br\/noticias\/manobra-no-balanco-e-para-esconder-lucro-da-caixa-afd6\/\" target=\"_blank\" rel=\"noopener noreferrer\">Manobra no balan\u00e7o \u00e9 para esconder lucro da Caixa<\/a><\/em><\/ins><br \/> \u00a0 \u00a0 \u00a0<strong>&gt;<\/strong>\u00a0<ins><em><a href=\"http:\/\/www.contrafcut.org.br\/noticias\/caixa-pedro-descumpre-act-firmado-com-empregados-f0e3\/\" target=\"_blank\" rel=\"noopener noreferrer\">Caixa: Pedro descumpre ACT firmado com empregados<\/a><\/em><\/ins><br \/> \u00a0 \u00a0 \u00a0<strong>&gt;<\/strong>\u00a0<em><ins><a href=\"http:\/\/www.contrafcut.org.br\/noticias\/novos-presidentes-de-bancos-publicos-tem-cabeca-de-banqueiros-privados-dc4d\/\" target=\"_blank\" rel=\"noopener noreferrer\">Novos presidentes de bancos p\u00fablicos t\u00eam cabe\u00e7a de banqueiros privados<\/a><\/ins><\/em><br \/> \u00a0 \u00a0 \u00a0<strong>&gt;<\/strong>\u00a0<em><ins><a href=\"http:\/\/www.contrafcut.org.br\/noticias\/ha-mais-recursos-da-caixa-no-governo-do-que-divida-do-banco-com-o-tesouro-208f\/\" target=\"_blank\" rel=\"noopener noreferrer\">H\u00e1 mais recursos da Caixa no governo do que d\u00edvida do banco com o Tesouro<\/a><\/ins><\/em><br \/> \u00a0 \u00a0 \u00a0<strong>&gt;<\/strong>\u00a0<em><ins><a href=\"http:\/\/www.contrafcut.org.br\/noticias\/caixa-tem-lucro-recorde-nos-nove-meses-de-2018-7bb0\/\" target=\"_blank\" rel=\"noopener noreferrer\">Caixa tem lucro recorde nos nove meses de 2018<\/a><\/ins><\/em><br \/> \u00a0 \u00a0 \u00a0<strong>&gt;<\/strong>\u00a0<ins><em><a href=\"http:\/\/www.contrafcut.org.br\/noticias\/pedro-guimaraes-anuncia-privatizacoes-na-caixa-fab8\" target=\"_blank\" rel=\"noopener noreferrer\">Pedro anuncia privatiza\u00e7\u00f5es na Caixa<\/a><\/em><\/ins>\u00a0<br \/> \u00a0 \u00a0 \u00a0<strong>&gt;<\/strong>\u00a0<em><ins><a href=\"http:\/\/www.contrafcut.org.br\/noticias\/fenae-lanca-campanha-contra-privatizacao-da-caixa-2554\/\" target=\"_blank\" rel=\"noopener noreferrer\">Fenae lan\u00e7a campanha contra privatiza\u00e7\u00e3o da Caixa<\/a><\/ins><\/em><\/p>\n<\/div>\n<p id=\"page-author\"><strong>Fonte: Contraf-CUT<\/strong><\/p>\n","protected":false},"excerpt":{"rendered":"<p>O presidente da Caixa Econ\u00f4mica Federal, Pedro Guimar\u00e3es, se recusou a atender \u00e0 solicita\u00e7\u00e3o da Confedera\u00e7\u00e3o Nacional dos Trabalhadores do Ramo Financeiro (Contraf-CUT) para que sejam esclarecidas as mudan\u00e7as que est\u00e3o sendo implantadas no banco desde o in\u00edcio de sua gest\u00e3o. O banco alega que n\u00e3o h\u00e1 necessidade de realizar uma audi\u00eancia para esclarecer os [&hellip;]<\/p>\n","protected":false},"author":2,"featured_media":6203,"comment_status":"","ping_status":"","sticky":false,"template":"","format":"standard","meta":{"footnotes":""},"categories":[3],"tags":[],"class_list":["post-6204","post","type-post","status-publish","format-standard","has-post-thumbnail","hentry","category-noticias"],"_links":{"self":[{"href":"https:\/\/hostnetart.com.br\/baixada\/wp-json\/wp\/v2\/posts\/6204","targetHints":{"allow":["GET"]}}],"collection":[{"href":"https:\/\/hostnetart.com.br\/baixada\/wp-json\/wp\/v2\/posts"}],"about":[{"href":"https:\/\/hostnetart.com.br\/baixada\/wp-json\/wp\/v2\/types\/post"}],"author":[{"embeddable":true,"href":"https:\/\/hostnetart.com.br\/baixada\/wp-json\/wp\/v2\/users\/2"}],"replies":[{"embeddable":true,"href":"https:\/\/hostnetart.com.br\/baixada\/wp-json\/wp\/v2\/comments?post=6204"}],"version-history":[{"count":0,"href":"https:\/\/hostnetart.com.br\/baixada\/wp-json\/wp\/v2\/posts\/6204\/revisions"}],"wp:featuredmedia":[{"embeddable":true,"href":"https:\/\/hostnetart.com.br\/baixada\/wp-json\/wp\/v2\/media\/6203"}],"wp:attachment":[{"href":"https:\/\/hostnetart.com.br\/baixada\/wp-json\/wp\/v2\/media?parent=6204"}],"wp:term":[{"taxonomy":"category","embeddable":true,"href":"https:\/\/hostnetart.com.br\/baixada\/wp-json\/wp\/v2\/categories?post=6204"},{"taxonomy":"post_tag","embeddable":true,"href":"https:\/\/hostnetart.com.br\/baixada\/wp-json\/wp\/v2\/tags?post=6204"}],"curies":[{"name":"wp","href":"https:\/\/api.w.org\/{rel}","templated":true}]}}