{"id":6202,"date":"2019-02-28T18:22:11","date_gmt":"2019-02-28T21:22:11","guid":{"rendered":"https:\/\/hostnetart.com.br\/baixada\/privatizar-e-cortar-gastos-os-objetivos-da-reforma-da-previdencia\/"},"modified":"2019-02-28T18:22:11","modified_gmt":"2019-02-28T21:22:11","slug":"privatizar-e-cortar-gastos-os-objetivos-da-reforma-da-previdencia","status":"publish","type":"post","link":"https:\/\/hostnetart.com.br\/baixada\/privatizar-e-cortar-gastos-os-objetivos-da-reforma-da-previdencia\/","title":{"rendered":"Privatizar e cortar gastos: os objetivos da &#8216;reforma&#8217; da Previd\u00eancia"},"content":{"rendered":"<p>A proposta de <strong><a class=\"internal-link\" title=\"\" href=\"https:\/\/www.redebrasilatual.com.br\/trabalho\/2019\/02\/video-da-cut-sao-paulo-rebate-mentiras-contadas-sobre-reforma-da-previdencia\" target=\"_blank\" rel=\"noopener noreferrer\">reforma da Previd\u00eancia<\/a><\/strong> do presidente Jair Bolsonaro (PSL) tem dois objetivos centrais, segundo o Dieese: &#8220;reduzir as despesas p\u00fablicas com Previd\u00eancia e Assist\u00eancia e estimular a financeiriza\u00e7\u00e3o e privatiza\u00e7\u00e3o da Previd\u00eancia p\u00fablica&#8221;. O departamento lan\u00e7ou nesta semana documento em que analisa, cap\u00edtulo por cap\u00edtulo, as mudan\u00e7as idealizadas pelo ministro da Economia, Paulo Guedes, e sua equipe.\u00a0<\/p>\n<p>&#8220;Aparentemente, pretende-se substituir, a longo prazo, a Previd\u00eancia p\u00fablica (do RGPS e dos RPPSs), pelo sistema de capitaliza\u00e7\u00e3o individual por meio da indu\u00e7\u00e3o das pessoas ingressantes no mercado de trabalho, que ser\u00e3o &#8216;obrigadas a optar&#8217; por esse novo regime previdenci\u00e1rio diante da oferta de empregos apenas com essa modalidade previdenci\u00e1ria&#8221;, diz o documento.\u00a0Essa falsa escolha vir\u00e1 a partir da cria\u00e7\u00e3o da chamada carteira de trabalho &#8220;<a class=\"internal-link\" title=\"\" href=\"https:\/\/www.redebrasilatual.com.br\/economia\/2019\/02\/governo-bolsonaro-planeja-dividir-jovens-entre-explorados-e-empregados\" target=\"_blank\" rel=\"noopener noreferrer\">verde e amarela<\/a>&#8220;, j\u00e1 defendida por Guedes e Bolsonaro.<\/p>\n<p>J\u00e1 a\u00a0altera\u00e7\u00e3o indiscriminada nas condi\u00e7\u00f5es de acesso aos <a class=\"internal-link\" title=\"\" href=\"https:\/\/www.redebrasilatual.com.br\/trabalho\/2019\/02\/reforma-vai-criar-pais-de-velhos-pedindo-esmola-diz-economista\" target=\"_blank\" rel=\"noopener noreferrer\">benef\u00edcios previdenci\u00e1rios e assistenciais<\/a> \u2013 idade m\u00ednima de 65 anos para homens e 62 para mulheres e 70 anos para o Benef\u00edcio de Presta\u00e7\u00e3o Continuada (BCP) integral \u2013, que respondem por R$ 895 bilh\u00f5es do total de R$ 1,05 trilh\u00e3o que o governo diz que vai &#8220;economizar&#8221; em uma d\u00e9cada, tamb\u00e9m <a class=\"internal-link\" title=\"\" href=\"https:\/\/www.redebrasilatual.com.br\/trabalho\/2019\/02\/reforma-da-previdencia-de-bolsonaro-nao-combate-privilegios\" target=\"_blank\" rel=\"noopener noreferrer\">n\u00e3o combate privil\u00e9gios<\/a>, segundo o Dieese.<\/p>\n<p>As regras de transi\u00e7\u00e3o, que apontam para redu\u00e7\u00e3o nos valores das aposentadorias, bem como a restri\u00e7\u00e3o do acesso aos benef\u00edcios, tamb\u00e9m s\u00e3o formas &#8220;mais sutis&#8221; de induzir \u00e0 privatiza\u00e7\u00e3o da Previd\u00eancia, atacando a sua estabilidade e minando a confian\u00e7a da popula\u00e7\u00e3o.\u00a0Ao exigir &#8220;equil\u00edbrio financeiro&#8221; dos Regimes Pr\u00f3prios de Previd\u00eancia, voltados aos funcion\u00e1rios p\u00fablicos, se aprovada como est\u00e1, a proposta de reforma do governo Bolsonaro tenderia a impedir n\u00e3o s\u00f3 reajuste nos sal\u00e1rios dos servidores, bem como a contrata\u00e7\u00e3o de pessoal.\u00a0<\/p>\n<p>Os trabalhadores rurais, em especial as <a class=\"internal-link\" title=\"\" href=\"https:\/\/www.redebrasilatual.com.br\/trabalho\/2019\/02\/proposta-de-bolsonaro-para-a-previdencia-prejudica-mais-mulheres-do-que-os-homens\" target=\"_blank\" rel=\"noopener noreferrer\">mulheres e jovens do campo<\/a>, correm o risco de ficarem exclu\u00eddos do sistema de aposentadorias com a exig\u00eancia de comprova\u00e7\u00e3o de 20 anos de contribui\u00e7\u00e3o. Mesmo o trabalhador urbano dever\u00e1 ter dificuldades em comprovar os mesmos 20 anos, tempo m\u00ednimo de contribui\u00e7\u00e3o para ter acesso a aposentadoria com valor equivalente a 60% da m\u00e9dia dos sal\u00e1rios recebidos nesse per\u00edodo, &#8220;em raz\u00e3o da inser\u00e7\u00e3o prec\u00e1ria, sem contribui\u00e7\u00e3o previdenci\u00e1ria, da instabilidade no mercado de trabalho e da reforma trabalhista recentemente implantada&#8221;.<\/p>\n<p>Na pr\u00e1tica, segundo o Dieese, o aumento do tempo m\u00ednimo de contribui\u00e7\u00e3o, a redu\u00e7\u00e3o do BCP, a forma de c\u00e1lculo das pens\u00f5es, a &#8220;extin\u00e7\u00e3o na pr\u00e1tica&#8221; da aposentadoria de trabalhadores rurais e a poss\u00edvel desvincula\u00e7\u00e3o das aposentadorias do reajuste do sal\u00e1rio m\u00ednimo, v\u00e3o acarretar a &#8220;exclus\u00e3o&#8221; dos trabalhadores mais pobres da prote\u00e7\u00e3o do sistema previdenci\u00e1rio.<\/p>\n<p><strong>A an\u00e1lise do Dieese<\/strong>\u00a0<\/p>\n","protected":false},"excerpt":{"rendered":"<p>A proposta de reforma da Previd\u00eancia do presidente Jair Bolsonaro (PSL) tem dois objetivos centrais, segundo o Dieese: &#8220;reduzir as despesas p\u00fablicas com Previd\u00eancia e Assist\u00eancia e estimular a financeiriza\u00e7\u00e3o e privatiza\u00e7\u00e3o da Previd\u00eancia p\u00fablica&#8221;. O departamento lan\u00e7ou nesta semana documento em que analisa, cap\u00edtulo por cap\u00edtulo, as mudan\u00e7as idealizadas pelo ministro da Economia, Paulo [&hellip;]<\/p>\n","protected":false},"author":2,"featured_media":6201,"comment_status":"","ping_status":"","sticky":false,"template":"","format":"standard","meta":{"footnotes":""},"categories":[3],"tags":[],"class_list":["post-6202","post","type-post","status-publish","format-standard","has-post-thumbnail","hentry","category-noticias"],"_links":{"self":[{"href":"https:\/\/hostnetart.com.br\/baixada\/wp-json\/wp\/v2\/posts\/6202","targetHints":{"allow":["GET"]}}],"collection":[{"href":"https:\/\/hostnetart.com.br\/baixada\/wp-json\/wp\/v2\/posts"}],"about":[{"href":"https:\/\/hostnetart.com.br\/baixada\/wp-json\/wp\/v2\/types\/post"}],"author":[{"embeddable":true,"href":"https:\/\/hostnetart.com.br\/baixada\/wp-json\/wp\/v2\/users\/2"}],"replies":[{"embeddable":true,"href":"https:\/\/hostnetart.com.br\/baixada\/wp-json\/wp\/v2\/comments?post=6202"}],"version-history":[{"count":0,"href":"https:\/\/hostnetart.com.br\/baixada\/wp-json\/wp\/v2\/posts\/6202\/revisions"}],"wp:featuredmedia":[{"embeddable":true,"href":"https:\/\/hostnetart.com.br\/baixada\/wp-json\/wp\/v2\/media\/6201"}],"wp:attachment":[{"href":"https:\/\/hostnetart.com.br\/baixada\/wp-json\/wp\/v2\/media?parent=6202"}],"wp:term":[{"taxonomy":"category","embeddable":true,"href":"https:\/\/hostnetart.com.br\/baixada\/wp-json\/wp\/v2\/categories?post=6202"},{"taxonomy":"post_tag","embeddable":true,"href":"https:\/\/hostnetart.com.br\/baixada\/wp-json\/wp\/v2\/tags?post=6202"}],"curies":[{"name":"wp","href":"https:\/\/api.w.org\/{rel}","templated":true}]}}