{"id":620,"date":"2014-02-06T00:00:00","date_gmt":"2014-02-06T02:00:00","guid":{"rendered":"https:\/\/hostnetart.com.br\/baixada\/bancarios-do-itau-sofrem-com-falta-de-ar-condicionado-e-inseguranca\/"},"modified":"2014-02-06T00:00:00","modified_gmt":"2014-02-06T02:00:00","slug":"bancarios-do-itau-sofrem-com-falta-de-ar-condicionado-e-inseguranca","status":"publish","type":"post","link":"https:\/\/hostnetart.com.br\/baixada\/bancarios-do-itau-sofrem-com-falta-de-ar-condicionado-e-inseguranca\/","title":{"rendered":"Banc\u00e1rios do Ita\u00fa sofrem com falta de ar-condicionado e inseguran\u00e7a"},"content":{"rendered":"<p>Com altas temperaturas de at\u00e9 40 graus em muitas cidades brasileiras, a Contraf-CUT vem recebendo den\u00fancias de sindicatos sobre problemas nos equipamentos de ar-condicionado do Ita\u00fa, tornando o ambiente de trabalho insuport\u00e1vel. Em S\u00e3o Paulo, os trabalhadores fecharam tr\u00eas ag\u00eancias do banco na manh\u00e3 desta quarta-feira (5), uma na rua S\u00e3o Bento, regi\u00e3o central da cidade, e outras duas na zona leste.<\/p>\n<p>\u201cNa zona oeste tamb\u00e9m h\u00e1 11 ag\u00eancias com problemas no ar-condicionado. Em Osasco, na regi\u00e3o metropolitana, os trabalhadores informaram que os equipamentos est\u00e3o sucateados em dois locais de trabalho. Mas o problema \u00e9 geral e estamos recebendo reclama\u00e7\u00f5es do Brasil inteiro\u201d, ressalta Jair Alves, um dos coordenadores da Comiss\u00e3o de Organiza\u00e7\u00e3o dos Empregados (COE) do Ita\u00fa.<\/p>\n<p>Nas mobiliza\u00e7\u00f5es desta quarta-feira, os banc\u00e1rios tamb\u00e9m demonstraram preocupa\u00e7\u00e3o com o novo modelo de ag\u00eancia que o Ita\u00fa vem implementando. O banco decidiu transformar algumas em uma esp\u00e9cie de \u201cloja de produtos\u201d, onde h\u00e1 movimenta\u00e7\u00e3o de numer\u00e1rio, na medida que existem caixas eletr\u00f4nicos. O Ita\u00fa resolveu retirar a porta de seguran\u00e7a e eliminar a presen\u00e7a de vigilantes nessas unidades. Na semana passada em Londrina (PR), uma dessas ag\u00eancias foi alvo de assaltantes. Al\u00e9m de aterrorizarem os banc\u00e1rios, os ladr\u00f5es tamb\u00e9m roubaram pertences pessoais dos trabalhadores.<\/p>\n<p>Enquanto isso, o Ita\u00fa anunciou nesta ter\u00e7a-feira ( 4) lucro l\u00edquido recorrente de R$ 15,836 bilh\u00f5es em 2013, o que representa crescimento de 12,8% em rela\u00e7\u00e3o ao ano anterior. A lucratividade (lucro l\u00edquido sobre patrim\u00f4nio l\u00edquido) foi de 20,7%, o dobro da m\u00e9dia do sistema financeiro mundial.<\/p>\n<p>\u201cCom esse lucro todo, o Ita\u00fa deveria dar condi\u00e7\u00f5es dignas de trabalho e de seguran\u00e7a para os trabalhadores. Mas o que se percebe \u00e9 que o banco descuida da sa\u00fade do trabalhador e reduz custos para aumentar ainda mais o lucro, o que \u00e9 injustific\u00e1vel\u201d, finaliza Jair Alves.<\/p>\n<p>Fonte: Contraf-CUT com Seeb S\u00e3o Paulo<\/p>\n","protected":false},"excerpt":{"rendered":"<p>Com altas temperaturas de at\u00e9 40 graus em muitas cidades brasileiras, a Contraf-CUT vem recebendo den\u00fancias de sindicatos sobre problemas nos equipamentos de ar-condicionado do Ita\u00fa, tornando o ambiente de trabalho insuport\u00e1vel. Em S\u00e3o Paulo, os trabalhadores fecharam tr\u00eas ag\u00eancias do banco na manh\u00e3 desta quarta-feira (5), uma na rua S\u00e3o Bento, regi\u00e3o central da [&hellip;]<\/p>\n","protected":false},"author":1,"featured_media":0,"comment_status":"","ping_status":"","sticky":false,"template":"","format":"standard","meta":{"footnotes":""},"categories":[3],"tags":[],"class_list":["post-620","post","type-post","status-publish","format-standard","hentry","category-noticias"],"_links":{"self":[{"href":"https:\/\/hostnetart.com.br\/baixada\/wp-json\/wp\/v2\/posts\/620","targetHints":{"allow":["GET"]}}],"collection":[{"href":"https:\/\/hostnetart.com.br\/baixada\/wp-json\/wp\/v2\/posts"}],"about":[{"href":"https:\/\/hostnetart.com.br\/baixada\/wp-json\/wp\/v2\/types\/post"}],"author":[{"embeddable":true,"href":"https:\/\/hostnetart.com.br\/baixada\/wp-json\/wp\/v2\/users\/1"}],"replies":[{"embeddable":true,"href":"https:\/\/hostnetart.com.br\/baixada\/wp-json\/wp\/v2\/comments?post=620"}],"version-history":[{"count":0,"href":"https:\/\/hostnetart.com.br\/baixada\/wp-json\/wp\/v2\/posts\/620\/revisions"}],"wp:attachment":[{"href":"https:\/\/hostnetart.com.br\/baixada\/wp-json\/wp\/v2\/media?parent=620"}],"wp:term":[{"taxonomy":"category","embeddable":true,"href":"https:\/\/hostnetart.com.br\/baixada\/wp-json\/wp\/v2\/categories?post=620"},{"taxonomy":"post_tag","embeddable":true,"href":"https:\/\/hostnetart.com.br\/baixada\/wp-json\/wp\/v2\/tags?post=620"}],"curies":[{"name":"wp","href":"https:\/\/api.w.org\/{rel}","templated":true}]}}