{"id":6196,"date":"2019-02-28T18:18:38","date_gmt":"2019-02-28T21:18:38","guid":{"rendered":"https:\/\/hostnetart.com.br\/baixada\/qual-sera-o-futuro-da-juventude-com-a-reforma-da-previdencia\/"},"modified":"2019-02-28T18:18:38","modified_gmt":"2019-02-28T21:18:38","slug":"qual-sera-o-futuro-da-juventude-com-a-reforma-da-previdencia","status":"publish","type":"post","link":"https:\/\/hostnetart.com.br\/baixada\/qual-sera-o-futuro-da-juventude-com-a-reforma-da-previdencia\/","title":{"rendered":"Qual ser\u00e1 o futuro da juventude com a Reforma da Previd\u00eancia?"},"content":{"rendered":"<div class=\"content\">\n<p>O novo modelo de previd\u00eancia vislumbrado pelo governo de Jair Bolsonaro estipula regras mais duras de acesso a aposentadoria e demais benef\u00edcios, como pens\u00e3o por morte ou aux\u00edlios sociais, para todos os trabalhadores, at\u00e9 mesmo nas regras de transi\u00e7\u00e3o. A vincula\u00e7\u00e3o de idade m\u00ednima para solicitar aposentadoria (62 para mulheres e 65 para homens) com tempo m\u00ednimo de contribui\u00e7\u00e3o por 20 anos (ou 40 anos para aposentadoria integral) vai tamb\u00e9m prolongar a idade de chegar l\u00e1.<\/p>\n<p>Numa conta simples, de jovens chegando ao mercado de trabalho com carteira assinada a partir dos 18 anos, por exemplo, se considerarmos emprego formal ininterrupto, uma situa\u00e7\u00e3o hipot\u00e9tica, esse jovem teria seus 40 anos de contribui\u00e7\u00e3o aos 58 anos de idade. E a\u00ed teria outros sete anos para trabalhar mais para atingir o m\u00ednimo. Em 2019. Porque a idade m\u00ednima tem previs\u00e3o de subir a cada reavalia\u00e7\u00e3o da expectativa de vida do brasileiro.<\/p>\n<p>O ciclo de contribui\u00e7\u00e3o \u00e0 previd\u00eancia parece eternizado na busca por esse dia do descanso. E na pr\u00e1tica ser\u00e1 mais ainda. Para o banc\u00e1rio Ademir Vidolin, diretor da secretaria de Sa\u00fade da Federa\u00e7\u00e3o dos Trabalhadores em Empresas de Cr\u00e9dito do Paran\u00e1 (Fetec-CUT\/PR), os jovens ser\u00e3o os mais afetados pela Reforma da Previd\u00eancia. \u201cEsses trabalhadores come\u00e7am como estagi\u00e1rio, como menor aprendiz. Duas formas de contratos que n\u00e3o recolhem INSS. Os jovens, atualmente, chegam a ficar seis anos no mercado de trabalho sem ser benefici\u00e1rio da Previd\u00eancia Social. Se \u00e9 bolsista na universidade, n\u00e3o recolhe\u201d, explica.<\/p>\n<p>Na conjuntura atual, outros fatores dificultam a inser\u00e7\u00e3o dos jovens trabalhadores num contrato de trabalho formal que resulte em contribui\u00e7\u00f5es para fins de aposentadoria. \u201cDepois dessa fase, entra como terceirizado. Uma s\u00e9rie de dificuldades observadas num cen\u00e1rio de novas tecnologias, que imp\u00f5em novas formas de trabalho, legitimadas pela Reforma Trabalhista: home office, teletrabalho como PJ, recebe em casa o trabalho, ganha pelo servi\u00e7o, com remunera\u00e7\u00e3o baixa, precisa recolher por conta ao INSS. Em 20 anos s\u00e3o 240 contribui\u00e7\u00f5es mensais. Essas altera\u00e7\u00f5es na forma de presta\u00e7\u00e3o de servi\u00e7o, di\u00e1ria, a ideia \u00e9 flexibilizar e desonerar. Os patr\u00f5es n\u00e3o v\u00e3o fazer mais recolhimento e o trabalhador n\u00e3o vai mais recolher para seu futuro\u201d, acredita o dirigente.<\/p>\n<p>Os jovens tamb\u00e9m s\u00e3o o p\u00fablico-alvo de um projeto de governo, um dos poucos anunciados j\u00e1 durante a campanha, o da implanta\u00e7\u00e3o da\u00a0<strong><ins><a href=\"http:\/\/www.fetecpr.org.br\/carteira-de-trabalho-verde-e-amarela-criara-subemprego\/\" target=\"_blank\" rel=\"noopener noreferrer\">carteira de trabalho verde e amarela<\/a><\/ins><\/strong>. Em\u00a0<strong><ins><a href=\"https:\/\/www.cut.org.br\/noticias\/trabalhadores-informais-serao-os-mais-prejudicados-com-reforma-de-bolsonaro-42a5\" target=\"_blank\" rel=\"noopener noreferrer\">entrevista ao Portal CUT<\/a><\/ins><\/strong>, o professor do Centro dos Estudos Sindicais e Economia do Trabalho (Cesit), Dari Krein, afirmou que o governo, ao criar um regime diferenciado da CLT para quem entrar no mercado de trabalho, deixar\u00e1 os futuros trabalhadores sem escolha: sem direitos ou sem trabalho.<\/p>\n<p>Esse regime diferenciado seria complementado pela implanta\u00e7\u00e3o de uma previd\u00eancia privada oferecida aos trabalhadores. Ocorre que a Proposta de Emenda \u00e0 Constitui\u00e7\u00e3o 06\/2019, entregue no \u00faltimo dia 20 de fevereiro pelo presidente Bolsonaro para tramita\u00e7\u00e3o na C\u00e2mara (acesse aqui o inteiro teor), deixa diversos v\u00e1cuos, com men\u00e7\u00f5es a defini\u00e7\u00e3o futura por lei complementar, e estabelece mais claramente as regras de transi\u00e7\u00e3o para quem est\u00e1 na ativa.<\/p>\n<p>O entendimento da Central \u00danica dos Trabalhadores (CUT), \u00e9 que a Reforma da Previd\u00eancia servir\u00e1 para empobrecer a popula\u00e7\u00e3o, conforme\u00a0<strong><ins><a href=\"https:\/\/www.cut.org.br\/noticias\/saiba-como-a-reforma-da-previdencia-de-bolsonaro-aumentara-a-pobreza-c927\" target=\"_blank\" rel=\"noopener noreferrer\">declarou a dirigente Maria das Gra\u00e7as Costa<\/a><\/ins><\/strong>, secret\u00e1ria de Rela\u00e7\u00f5es de Trabalho da CUT: \u201cTemos ainda uma juventude abandonada sem trabalho e sem perspectiva de um futuro melhor. Esses trabalhadores n\u00e3o ter\u00e3o a menor condi\u00e7\u00e3o de contribuir com a previd\u00eancia p\u00fablica, muito menos de comprar uma previd\u00eancia privada. A reforma Trabalhista e a reforma da Previd\u00eancia como est\u00e3o sendo propostas se completam para jogar a classe trabalhadora na pobreza e enriquecer ainda mais os grandes empres\u00e1rios\u201d.<\/p>\n<p><strong><ins><a href=\"https:\/\/www.camara.leg.br\/proposicoesWeb\/prop_mostrarintegra;jsessionid=FE489DCA516FA23509BC98B15FB73186.proposicoesWebExterno1?codteor=1712459&amp;filename=PEC+6\/2019\" target=\"_blank\" rel=\"noopener noreferrer\">Acesse aqui o inteiro teor da PEC 06\/2019, da Reforma da Previd\u00eancia, entregue dia 20 de fevereiro pelo presidente Jair Bolsonaro para tramita\u00e7\u00e3o na C\u00e2mara Federal.<\/a><\/ins><\/strong><\/p>\n<p><strong>Resist\u00eancia<\/strong><br \/> As centrais sindicais deliberaram conjuntamente um\u00a0<strong><ins><a href=\"http:\/\/www.fetecpr.org.br\/22-de-marco-e-dia-de-mobilizacao-e-luta-contra-a-reforma-da-previdencia\/\" target=\"_blank\" rel=\"noopener noreferrer\">dia nacional de lutas contra a Reforma da Previd\u00eancia<\/a><\/ins>\u00a0<\/strong>que ser\u00e1 realizado no dia 22 de mar\u00e7o, como preparat\u00f3rio para uma greve geral dos trabalhadores.<\/p>\n<p>As mulheres cutistas tamb\u00e9m est\u00e3o\u00a0<ins><a href=\"http:\/\/www.fetecpr.org.br\/wp-content\/uploads\/2019\/02\/WEB_A4_fetec_Mulheres-nas-ruas-em-defesa-da-aposentadoria.pdf\" target=\"_blank\" rel=\"noopener noreferrer\">articuladas na organiza\u00e7\u00e3o dos atos do Dia Internacional da Mulher<\/a><\/ins>, em 8 de Mar\u00e7o, para que as ruas sejam ocupadas em defesa da aposentadoria.<\/p>\n<p><strong>O que muda com a Reforma da Previd\u00eancia se aprovada no Congresso<\/strong><br \/> \u2013 Fixa idade m\u00ednima para aposentadoria em 62 anos para mulheres e 65 anos para homens;<br \/> \u2013 Aumenta o tempo m\u00ednimo de contribui\u00e7\u00e3o de 15 para 20 anos, dificultando o acesso \u00e0 aposentadoria;<br \/> \u2013 Piora a f\u00f3rmula de c\u00e1lculo das aposentadorias, substituindo a m\u00e9dia das 80% maiores contribui\u00e7\u00f5es por todos os valores a partir de julho de 1994;<br \/> \u2013 Modifica\u00e7\u00f5es na concess\u00e3o de pens\u00e3o por morte, que n\u00e3o poder\u00e1 mais ser acumulada com aposentadoria;<br \/> \u2013 Diminui de um sal\u00e1rio m\u00ednimo para R$ 400 o valor do benef\u00edcio de presta\u00e7\u00e3o continuada pago a idosos pobres a partir de 60 anos, igualando ao sal\u00e1rio m\u00ednimo somente aos 70 anos (para renda familiar menor que \u00bc do s.m.);<br \/> \u2013 Acaba com a aposentadoria especial de professores e iguala idade entre homens e mulheres na profiss\u00e3o;<br \/> \u2013 Dificulta acesso \u00e0 aposentadoria rural.<\/p>\n<\/div>\n<p id=\"page-author\"><strong>Fonte: Fetec-CUT\/PR<\/strong><\/p>\n","protected":false},"excerpt":{"rendered":"<p>O novo modelo de previd\u00eancia vislumbrado pelo governo de Jair Bolsonaro estipula regras mais duras de acesso a aposentadoria e demais benef\u00edcios, como pens\u00e3o por morte ou aux\u00edlios sociais, para todos os trabalhadores, at\u00e9 mesmo nas regras de transi\u00e7\u00e3o. A vincula\u00e7\u00e3o de idade m\u00ednima para solicitar aposentadoria (62 para mulheres e 65 para homens) com [&hellip;]<\/p>\n","protected":false},"author":2,"featured_media":6195,"comment_status":"","ping_status":"","sticky":false,"template":"","format":"standard","meta":{"footnotes":""},"categories":[3],"tags":[],"class_list":["post-6196","post","type-post","status-publish","format-standard","has-post-thumbnail","hentry","category-noticias"],"_links":{"self":[{"href":"https:\/\/hostnetart.com.br\/baixada\/wp-json\/wp\/v2\/posts\/6196","targetHints":{"allow":["GET"]}}],"collection":[{"href":"https:\/\/hostnetart.com.br\/baixada\/wp-json\/wp\/v2\/posts"}],"about":[{"href":"https:\/\/hostnetart.com.br\/baixada\/wp-json\/wp\/v2\/types\/post"}],"author":[{"embeddable":true,"href":"https:\/\/hostnetart.com.br\/baixada\/wp-json\/wp\/v2\/users\/2"}],"replies":[{"embeddable":true,"href":"https:\/\/hostnetart.com.br\/baixada\/wp-json\/wp\/v2\/comments?post=6196"}],"version-history":[{"count":0,"href":"https:\/\/hostnetart.com.br\/baixada\/wp-json\/wp\/v2\/posts\/6196\/revisions"}],"wp:featuredmedia":[{"embeddable":true,"href":"https:\/\/hostnetart.com.br\/baixada\/wp-json\/wp\/v2\/media\/6195"}],"wp:attachment":[{"href":"https:\/\/hostnetart.com.br\/baixada\/wp-json\/wp\/v2\/media?parent=6196"}],"wp:term":[{"taxonomy":"category","embeddable":true,"href":"https:\/\/hostnetart.com.br\/baixada\/wp-json\/wp\/v2\/categories?post=6196"},{"taxonomy":"post_tag","embeddable":true,"href":"https:\/\/hostnetart.com.br\/baixada\/wp-json\/wp\/v2\/tags?post=6196"}],"curies":[{"name":"wp","href":"https:\/\/api.w.org\/{rel}","templated":true}]}}