{"id":6194,"date":"2019-02-28T00:55:47","date_gmt":"2019-02-28T03:55:47","guid":{"rendered":"https:\/\/hostnetart.com.br\/baixada\/caixa-afasta-funcionario-acusado-de-racismo\/"},"modified":"2019-02-28T00:55:47","modified_gmt":"2019-02-28T03:55:47","slug":"caixa-afasta-funcionario-acusado-de-racismo","status":"publish","type":"post","link":"https:\/\/hostnetart.com.br\/baixada\/caixa-afasta-funcionario-acusado-de-racismo\/","title":{"rendered":"Caixa afasta funcion\u00e1rio acusado de racismo"},"content":{"rendered":"<p>A Caixa Econ\u00f4mica Federal (CEF) informou que afastou o funcion\u00e1rio da ag\u00eancia do Rel\u00f3gio de S\u00e3o Pedro, acusado de racismo contra o empres\u00e1rio Crispim Terral, 34 anos. Em nota, divulgada na manh\u00e3 desta quarta-feira (27), o banco diz que repudia pr\u00e1ticas e atitudes de discrimina\u00e7\u00e3o cometidas contra qualquer pessoa e que a Corregedoria da institui\u00e7\u00e3o vai apurar o caso.<br \/> Na segunda-feira, o cliente foi v\u00edtima de racismo e agredido por policiais militares enquanto tentava ser atendido, na ag\u00eancia, localizada na Av. Sete de setembro, em Salvador, Bahia. A agress\u00e3o foi filmada pela filha de 15 anos de Crispim, que postou o v\u00eddeo nas redes sociais.\u00a0<br \/> Durante as cinco horas que permaneceu na fila do banco, Crispim relatou ter sido tratado com total descaso e indiferen\u00e7a pelo gerente-geral da Caixa, que ignorou sua presen\u00e7a e passou outras pessoas na sua frente. Ao reclamar da situa\u00e7\u00e3o, o cliente recebeu como resposta: \u201cSe o senhor n\u00e3o se retirar da minha mesa vou chamar uma guarni\u00e7\u00e3o\u201d, disse o gerente.\u00a0<br \/> Para o secret\u00e1rio de Combate ao Racismo da Contraf-CUT, Almir Aguiar, est\u00e1 claro que o cliente foi v\u00edtima de racismo, tanto do gerente quanto do policial militar. \u201cSalvador \u00e9 a cidade mais negra do pa\u00eds e mesmo com 82% da popula\u00e7\u00e3o negra os afrodescendentes continuam sendo v\u00edtimas de racismo. Est\u00e1 muito claro nas imagens o descaso do gerente, e a a\u00e7\u00e3o truculenta do policial mostra que o tratamento \u00e9 diferenciado\u201d afirmou.\u00a0<br \/> De acordo com nota divulgada pela Policia Militar nas redes sociais, Crispim teria se recusado a deixar a ag\u00eancia, mesmo ap\u00f3s o t\u00e9rmino do expediente e que houve necessidade de empregar for\u00e7a proporcional, mesmo ap\u00f3s diversas tentativas de conduzir o cliente sem o emprego da for\u00e7a.\u00a0<br \/> \u201cA nota da pol\u00edcia militar n\u00e3o condiz com as imagens, o cliente n\u00e3o reagiu e foi imobilizado da mesma forma que um seguran\u00e7a do supermercado extra usou para matar um jovem negro diante de sua m\u00e3e. A Caixa deve assumir a responsabilidade e cobrar do gerente, n\u00e3o \u00e9 poss\u00edvel aceitar essa postura racista e descaso com esse e outros clientes. O sistema financeiro inclusive contrata poucos negros e negras para atuar em seus quadros, agora, agir de forma preconceituosa e racista \u00e9 inadmiss\u00edvel\u201d, diz Almir Aguiar.<\/p>\n","protected":false},"excerpt":{"rendered":"<p>A Caixa Econ\u00f4mica Federal (CEF) informou que afastou o funcion\u00e1rio da ag\u00eancia do Rel\u00f3gio de S\u00e3o Pedro, acusado de racismo contra o empres\u00e1rio Crispim Terral, 34 anos. Em nota, divulgada na manh\u00e3 desta quarta-feira (27), o banco diz que repudia pr\u00e1ticas e atitudes de discrimina\u00e7\u00e3o cometidas contra qualquer pessoa e que a Corregedoria da institui\u00e7\u00e3o [&hellip;]<\/p>\n","protected":false},"author":2,"featured_media":6193,"comment_status":"","ping_status":"","sticky":false,"template":"","format":"standard","meta":{"footnotes":""},"categories":[3],"tags":[],"class_list":["post-6194","post","type-post","status-publish","format-standard","has-post-thumbnail","hentry","category-noticias"],"_links":{"self":[{"href":"https:\/\/hostnetart.com.br\/baixada\/wp-json\/wp\/v2\/posts\/6194","targetHints":{"allow":["GET"]}}],"collection":[{"href":"https:\/\/hostnetart.com.br\/baixada\/wp-json\/wp\/v2\/posts"}],"about":[{"href":"https:\/\/hostnetart.com.br\/baixada\/wp-json\/wp\/v2\/types\/post"}],"author":[{"embeddable":true,"href":"https:\/\/hostnetart.com.br\/baixada\/wp-json\/wp\/v2\/users\/2"}],"replies":[{"embeddable":true,"href":"https:\/\/hostnetart.com.br\/baixada\/wp-json\/wp\/v2\/comments?post=6194"}],"version-history":[{"count":0,"href":"https:\/\/hostnetart.com.br\/baixada\/wp-json\/wp\/v2\/posts\/6194\/revisions"}],"wp:featuredmedia":[{"embeddable":true,"href":"https:\/\/hostnetart.com.br\/baixada\/wp-json\/wp\/v2\/media\/6193"}],"wp:attachment":[{"href":"https:\/\/hostnetart.com.br\/baixada\/wp-json\/wp\/v2\/media?parent=6194"}],"wp:term":[{"taxonomy":"category","embeddable":true,"href":"https:\/\/hostnetart.com.br\/baixada\/wp-json\/wp\/v2\/categories?post=6194"},{"taxonomy":"post_tag","embeddable":true,"href":"https:\/\/hostnetart.com.br\/baixada\/wp-json\/wp\/v2\/tags?post=6194"}],"curies":[{"name":"wp","href":"https:\/\/api.w.org\/{rel}","templated":true}]}}