{"id":6190,"date":"2019-02-28T00:52:17","date_gmt":"2019-02-28T03:52:17","guid":{"rendered":"https:\/\/hostnetart.com.br\/baixada\/22-de-marco-e-dia-de-mobilizacao-e-luta-contra-a-reforma-da-previdencia\/"},"modified":"2019-02-28T00:52:17","modified_gmt":"2019-02-28T03:52:17","slug":"22-de-marco-e-dia-de-mobilizacao-e-luta-contra-a-reforma-da-previdencia","status":"publish","type":"post","link":"https:\/\/hostnetart.com.br\/baixada\/22-de-marco-e-dia-de-mobilizacao-e-luta-contra-a-reforma-da-previdencia\/","title":{"rendered":"22 de mar\u00e7o \u00e9 dia de mobiliza\u00e7\u00e3o e luta contra a reforma da Previd\u00eancia"},"content":{"rendered":"<div class=\"content\">\n<p>Decis\u00e3o foi tomada nesta ter\u00e7a (26) em reuni\u00e3o da CUT e outras nove centrais sindicais. Para Vagner Freitas, sindicatos t\u00eam de derrubar o discurso do governo Bolsonaro e mostrar que reforma \u00e9 ruim para o trabalhador<\/p>\n<p>A CUT, For\u00e7a Sindical, CTB, UGT, CSB, intersindical Luta e Organiza\u00e7\u00e3o, CSP-Conlutas, Intersindical-Central da Classe Trabalhadora, CGTB e NCST decidiriam, em reuni\u00e3o nesta ter\u00e7a-feira (26), em S\u00e3o Paulo, realizar, em 22 de mar\u00e7o, um Dia Nacional de Luta e Mobiliza\u00e7\u00e3o em Defesa da Previd\u00eancia. A mobiliza\u00e7\u00e3o, segundo os sindicalistas, \u00e9 um aquecimento rumo a uma greve geral em defesa das aposentadorias.<\/p>\n<p>Na avalia\u00e7\u00e3o dos dirigentes, a Proposta de Emenda \u00e0 Constitui\u00e7\u00e3o (PEC 06\/2019) que o governo de Jair Bolsonaro (PSL) entregou ao Congresso Nacional na semana passada \u00e9 muito pior do que a do ileg\u00edtimo Michel Temer (MDB), derrubada pelos trabalhadores e trabalhadoras depois da maior greve geral da hist\u00f3ria, em abril de 2017.<\/p>\n<p>Reforma da Previd\u00eancia de Bolsonaro \u00e9 muito pior do que a de Temer<\/p>\n<p>A PEC da reforma de Bolsonaro dificulta o acesso e reduz o valor dos benef\u00edcios ao estabelecer a obrigatoriedade da idade m\u00ednima de 65 anos para os homens, 62 para as mulheres e aumenta o tempo de contribui\u00e7\u00e3o de 15 para 20 anos, al\u00e9m de retirar da Constitui\u00e7\u00e3o o sistema de Seguridade Social brasileiro.\u00a0<\/p>\n<p>\u201cTodos s\u00e3o prejudicados, os que j\u00e1 est\u00e3o e os que v\u00e3o entrar no mercado de trabalho, os aposentados e os que est\u00e3o prestes a se aposentar\u201d, diz o presidente da CUT, Vagner Freitas, refor\u00e7ando que \u00e9 preciso fazer uma grande manifesta\u00e7\u00e3o para barrar a aprova\u00e7\u00e3o desta reforma&#8221;<\/p>\n<p>Al\u00e9m do dia de mobiliza\u00e7\u00e3o, as entidades decidiram aumentar a press\u00e3o junto aos parlamentares, seja em suas bases ou nos aeroportos, em todos os locais onde eles circulem para que todos saibam que se \u201cvotar, n\u00e3o volta\u201d.<\/p>\n<p>A CUT e demais centrais dever\u00e3o se reunir tamb\u00e9m com os movimentos sociais, lideran\u00e7as partid\u00e1rias e religiosas, estudantes e mulheres para deliberar uma forma conjunta de luta contra o fim da aposentadoria.<\/p>\n<p>Os sindicalistas tamb\u00e9m endossaram o apoio ao 8 de mar\u00e7o, Dia Internacional da Mulher, para mostrar as trabalhadoras que elas s\u00e3o as mais prejudicadas com a reforma da previd\u00eancia.<\/p>\n<p>Pelas regras atuais, uma mulher de 55 anos e com 25 anos de contribui\u00e7\u00e3o teria de trabalhar mais cinco anos para se aposentar por idade e conseguir receber o benef\u00edcio integral. Ou seja, estaria aposentada aos 60 anos e com 30 anos de contribui\u00e7\u00e3o.<\/p>\n<p>Mas, a reforma de Bolsonaro, al\u00e9m de impor a idade m\u00ednima de 62 anos tem regras de transi\u00e7\u00e3o dur\u00edssimas. Se o Congresso aprovar a PEC, essa mesma mulher ter\u00e1 de trabalhar mais sete anos (55 + 7 = 62) para se aposentar por idade. Ainda assim, ela s\u00f3 chegaria a 32 anos de contribui\u00e7\u00e3o (25 + 7 = 32) e n\u00e3o se aposentaria com o benef\u00edcio integral, que, pelas novas regras, vai exigir, no m\u00ednimo, 40 anos de contribui\u00e7\u00e3o.<\/p>\n<\/div>\n<p id=\"page-author\"><strong>Fonte: CUT<\/strong><\/p>\n","protected":false},"excerpt":{"rendered":"<p>Decis\u00e3o foi tomada nesta ter\u00e7a (26) em reuni\u00e3o da CUT e outras nove centrais sindicais. Para Vagner Freitas, sindicatos t\u00eam de derrubar o discurso do governo Bolsonaro e mostrar que reforma \u00e9 ruim para o trabalhador A CUT, For\u00e7a Sindical, CTB, UGT, CSB, intersindical Luta e Organiza\u00e7\u00e3o, CSP-Conlutas, Intersindical-Central da Classe Trabalhadora, CGTB e NCST [&hellip;]<\/p>\n","protected":false},"author":2,"featured_media":6189,"comment_status":"","ping_status":"","sticky":false,"template":"","format":"standard","meta":{"footnotes":""},"categories":[3],"tags":[],"class_list":["post-6190","post","type-post","status-publish","format-standard","has-post-thumbnail","hentry","category-noticias"],"_links":{"self":[{"href":"https:\/\/hostnetart.com.br\/baixada\/wp-json\/wp\/v2\/posts\/6190","targetHints":{"allow":["GET"]}}],"collection":[{"href":"https:\/\/hostnetart.com.br\/baixada\/wp-json\/wp\/v2\/posts"}],"about":[{"href":"https:\/\/hostnetart.com.br\/baixada\/wp-json\/wp\/v2\/types\/post"}],"author":[{"embeddable":true,"href":"https:\/\/hostnetart.com.br\/baixada\/wp-json\/wp\/v2\/users\/2"}],"replies":[{"embeddable":true,"href":"https:\/\/hostnetart.com.br\/baixada\/wp-json\/wp\/v2\/comments?post=6190"}],"version-history":[{"count":0,"href":"https:\/\/hostnetart.com.br\/baixada\/wp-json\/wp\/v2\/posts\/6190\/revisions"}],"wp:featuredmedia":[{"embeddable":true,"href":"https:\/\/hostnetart.com.br\/baixada\/wp-json\/wp\/v2\/media\/6189"}],"wp:attachment":[{"href":"https:\/\/hostnetart.com.br\/baixada\/wp-json\/wp\/v2\/media?parent=6190"}],"wp:term":[{"taxonomy":"category","embeddable":true,"href":"https:\/\/hostnetart.com.br\/baixada\/wp-json\/wp\/v2\/categories?post=6190"},{"taxonomy":"post_tag","embeddable":true,"href":"https:\/\/hostnetart.com.br\/baixada\/wp-json\/wp\/v2\/tags?post=6190"}],"curies":[{"name":"wp","href":"https:\/\/api.w.org\/{rel}","templated":true}]}}