{"id":619,"date":"2014-02-06T00:00:00","date_gmt":"2014-02-06T02:00:00","guid":{"rendered":"https:\/\/hostnetart.com.br\/baixada\/comeca-a-tramitar-acao-para-corrigir-fgts-que-vale-para-todo-o-pais\/"},"modified":"2014-02-06T00:00:00","modified_gmt":"2014-02-06T02:00:00","slug":"comeca-a-tramitar-acao-para-corrigir-fgts-que-vale-para-todo-o-pais","status":"publish","type":"post","link":"https:\/\/hostnetart.com.br\/baixada\/comeca-a-tramitar-acao-para-corrigir-fgts-que-vale-para-todo-o-pais\/","title":{"rendered":"Come\u00e7a a tramitar a\u00e7\u00e3o para corrigir FGTS que vale para todo o pa\u00eds"},"content":{"rendered":"<p>O juiz Bruno Brum Ribas, da 4\u00aa Vara Federal de Porto Alegre, recebeu nesta quarta-feira (5) a a\u00e7\u00e3o civil p\u00fablica movida pela Defensoria P\u00fablica da Uni\u00e3o (DPU) que busca a substitui\u00e7\u00e3o do \u00edndice de corre\u00e7\u00e3o do Fundo de Garantia do Tempo de Servi\u00e7o (FGTS). Com isso, o processo come\u00e7a a tramitar e abranger\u00e1 todo o pa\u00eds. Ou seja, a decis\u00e3o tamb\u00e9m ser\u00e1 v\u00e1lida para as demais a\u00e7\u00f5es que correm no judici\u00e1rio. Se a tese da mudan\u00e7a de c\u00e1lculo sair vitoriosa, tamb\u00e9m beneficiar\u00e1 os demais trabalhadores.<\/p>\n<p>A DPU pretende que a Caixa Econ\u00f4mica Federal seja condenada a corrigir, desde janeiro de 1999, os dep\u00f3sitos efetuados em todas as contas vinculadas do FGTS, aplicando um indicador que melhor reflita a infla\u00e7\u00e3o. Os defensores p\u00fablicos Fernanda Hahn e \u00c1tila Ribeiro Dias defendem a exist\u00eancia do direito a uma atualiza\u00e7\u00e3o que mantenha o poder de compra dos recursos depositados.<\/p>\n<p>A pol\u00eamica se estabeleceu a partir de 1999, quando a corre\u00e7\u00e3o fixa de 3% ao ano mais a Taxa Referencial (TR) come\u00e7ou a ficar abaixo da infla\u00e7\u00e3o. Segundo o Instituto FGTS F\u00e1cil, a defasagem chega a R$ 200 bilh\u00f5es.<\/p>\n<p>Fonte: Zero Hora<\/p>\n","protected":false},"excerpt":{"rendered":"<p>O juiz Bruno Brum Ribas, da 4\u00aa Vara Federal de Porto Alegre, recebeu nesta quarta-feira (5) a a\u00e7\u00e3o civil p\u00fablica movida pela Defensoria P\u00fablica da Uni\u00e3o (DPU) que busca a substitui\u00e7\u00e3o do \u00edndice de corre\u00e7\u00e3o do Fundo de Garantia do Tempo de Servi\u00e7o (FGTS). Com isso, o processo come\u00e7a a tramitar e abranger\u00e1 todo o [&hellip;]<\/p>\n","protected":false},"author":1,"featured_media":0,"comment_status":"","ping_status":"","sticky":false,"template":"","format":"standard","meta":{"footnotes":""},"categories":[3],"tags":[],"class_list":["post-619","post","type-post","status-publish","format-standard","hentry","category-noticias"],"_links":{"self":[{"href":"https:\/\/hostnetart.com.br\/baixada\/wp-json\/wp\/v2\/posts\/619","targetHints":{"allow":["GET"]}}],"collection":[{"href":"https:\/\/hostnetart.com.br\/baixada\/wp-json\/wp\/v2\/posts"}],"about":[{"href":"https:\/\/hostnetart.com.br\/baixada\/wp-json\/wp\/v2\/types\/post"}],"author":[{"embeddable":true,"href":"https:\/\/hostnetart.com.br\/baixada\/wp-json\/wp\/v2\/users\/1"}],"replies":[{"embeddable":true,"href":"https:\/\/hostnetart.com.br\/baixada\/wp-json\/wp\/v2\/comments?post=619"}],"version-history":[{"count":0,"href":"https:\/\/hostnetart.com.br\/baixada\/wp-json\/wp\/v2\/posts\/619\/revisions"}],"wp:attachment":[{"href":"https:\/\/hostnetart.com.br\/baixada\/wp-json\/wp\/v2\/media?parent=619"}],"wp:term":[{"taxonomy":"category","embeddable":true,"href":"https:\/\/hostnetart.com.br\/baixada\/wp-json\/wp\/v2\/categories?post=619"},{"taxonomy":"post_tag","embeddable":true,"href":"https:\/\/hostnetart.com.br\/baixada\/wp-json\/wp\/v2\/tags?post=619"}],"curies":[{"name":"wp","href":"https:\/\/api.w.org\/{rel}","templated":true}]}}