{"id":618,"date":"2014-02-06T00:00:00","date_gmt":"2014-02-06T02:00:00","guid":{"rendered":"https:\/\/hostnetart.com.br\/baixada\/pressao-dos-bancarios-forca-mercantil-a-desistir-de-reestruturacao\/"},"modified":"2014-02-06T00:00:00","modified_gmt":"2014-02-06T02:00:00","slug":"pressao-dos-bancarios-forca-mercantil-a-desistir-de-reestruturacao","status":"publish","type":"post","link":"https:\/\/hostnetart.com.br\/baixada\/pressao-dos-bancarios-forca-mercantil-a-desistir-de-reestruturacao\/","title":{"rendered":"Press\u00e3o dos banc\u00e1rios for\u00e7a Mercantil a desistir de reestrutura\u00e7\u00e3o"},"content":{"rendered":"<p>Em mais uma vit\u00f3ria dos banc\u00e1rios, o Mercantil do Brasil garantiu aos representantes de seus funcion\u00e1rios, na segunda-feira, dia 3, em reuni\u00e3o realizada na Superintend\u00eancia Regional do Trabalho e Emprego em Minas Gerais (SRTE-MG), em Belo Horizonte, que colocar\u00e1 fim ao processo de reestrutura\u00e7\u00e3o.<\/p>\n<p>\u00a0<br \/>As mudan\u00e7as que estavam em curso foram respons\u00e1veis pelo fechamento de oito ag\u00eancias, mudan\u00e7a de perfil de sete e,consequentemente, pela demiss\u00e3o de dezenas de banc\u00e1rios por todo o pa\u00eds, inclusive de trabalhadores acometidos por doen\u00e7as ocupacionais e detentores de estabilidade provis\u00f3ria de emprego.<\/p>\n<p>\u00a0<br \/>Durante a reuni\u00e3o, os dirigentes sindicais cobraram transpar\u00eancia da dire\u00e7\u00e3o do Mercantil em rela\u00e7\u00e3o \u00e0 situa\u00e7\u00e3o de seus funcion\u00e1rios e mais respeito para com os milhares de correntistas prejudicados pelo encerramento das atividades nas ag\u00eancias atingidas pela reestrutura\u00e7\u00e3o.<\/p>\n<p>\u00a0<br \/>Apesar de ter anunciado o fim da reestrutura\u00e7\u00e3o, o Mercantil alegou que ainda ser\u00e1 necess\u00e1rio o fechamento das ag\u00eancias Carioca e Cinel\u00e2ndia, no Rio de Janeiro. O banco garantiu que n\u00e3o realizar\u00e1 demiss\u00e3o em massa e que seu objetivo agora \u00e9 ampliar o n\u00famero de ag\u00eancias, principalmente as de uso exclusivo para benefici\u00e1rios do INSS.<\/p>\n<p>\u00a0<\/p>\n<p>Para Marco Aur\u00e9lio Alves, funcion\u00e1rio do Mercantil e diretor do Sindicato, o an\u00fancio do banco ainda n\u00e3o traz tranquilidade aos trabalhadores e clientes da institui\u00e7\u00e3o. \u201cEsperamos mais do Mercantil do Brasil. Mais contrata\u00e7\u00f5es e mais transpar\u00eancia nas rela\u00e7\u00f5es com os trabalhadores e sindicatos, com o fim de projetos mirabolantes que tanto aterrorizam clientes e funcion\u00e1rios\u201d, cobrou.<\/p>\n<p>\u00a0<\/p>\n<p>J\u00e1 o funcion\u00e1rio do Mercantil e diretor do Sindicato, Vanderci Ant\u00f4nio da Silva, destacou que a press\u00e3o dos trabalhadores, sindicatos e da Contraf-CUT foram fundamentais para o recuo do banco em rela\u00e7\u00e3o ao processo de reestrutura\u00e7\u00e3o e demiss\u00e3o em massa.<\/p>\n<p>\u00a0<\/p>\n<p>\u201cDevemos continuar mobilizados e atentos em rela\u00e7\u00e3o \u00e0 extrapola\u00e7\u00e3o da jornada de trabalho e \u00e0 cobran\u00e7a por metas absurdas devido \u00e0 redu\u00e7\u00e3o de funcion\u00e1rios nas depend\u00eancias atingidas. N\u00f3s, funcion\u00e1rios, n\u00e3o podemos e nem devemos pagar por erros cometidos pela alta c\u00fapula do Mercantil\u201d, afirmou Vanderci.<\/p>\n<p>\u00a0<\/p>\n<p>Fonte: Seeb BH<\/p>\n","protected":false},"excerpt":{"rendered":"<p>Em mais uma vit\u00f3ria dos banc\u00e1rios, o Mercantil do Brasil garantiu aos representantes de seus funcion\u00e1rios, na segunda-feira, dia 3, em reuni\u00e3o realizada na Superintend\u00eancia Regional do Trabalho e Emprego em Minas Gerais (SRTE-MG), em Belo Horizonte, que colocar\u00e1 fim ao processo de reestrutura\u00e7\u00e3o. \u00a0As mudan\u00e7as que estavam em curso foram respons\u00e1veis pelo fechamento de [&hellip;]<\/p>\n","protected":false},"author":1,"featured_media":0,"comment_status":"","ping_status":"","sticky":false,"template":"","format":"standard","meta":{"footnotes":""},"categories":[3],"tags":[],"class_list":["post-618","post","type-post","status-publish","format-standard","hentry","category-noticias"],"_links":{"self":[{"href":"https:\/\/hostnetart.com.br\/baixada\/wp-json\/wp\/v2\/posts\/618","targetHints":{"allow":["GET"]}}],"collection":[{"href":"https:\/\/hostnetart.com.br\/baixada\/wp-json\/wp\/v2\/posts"}],"about":[{"href":"https:\/\/hostnetart.com.br\/baixada\/wp-json\/wp\/v2\/types\/post"}],"author":[{"embeddable":true,"href":"https:\/\/hostnetart.com.br\/baixada\/wp-json\/wp\/v2\/users\/1"}],"replies":[{"embeddable":true,"href":"https:\/\/hostnetart.com.br\/baixada\/wp-json\/wp\/v2\/comments?post=618"}],"version-history":[{"count":0,"href":"https:\/\/hostnetart.com.br\/baixada\/wp-json\/wp\/v2\/posts\/618\/revisions"}],"wp:attachment":[{"href":"https:\/\/hostnetart.com.br\/baixada\/wp-json\/wp\/v2\/media?parent=618"}],"wp:term":[{"taxonomy":"category","embeddable":true,"href":"https:\/\/hostnetart.com.br\/baixada\/wp-json\/wp\/v2\/categories?post=618"},{"taxonomy":"post_tag","embeddable":true,"href":"https:\/\/hostnetart.com.br\/baixada\/wp-json\/wp\/v2\/tags?post=618"}],"curies":[{"name":"wp","href":"https:\/\/api.w.org\/{rel}","templated":true}]}}