{"id":6176,"date":"2019-02-25T17:43:56","date_gmt":"2019-02-25T20:43:56","guid":{"rendered":"https:\/\/hostnetart.com.br\/baixada\/reforma-da-previdencia-deveria-priorizar-arrecadacao-nao-corte-de-direitos\/"},"modified":"2019-02-25T17:43:56","modified_gmt":"2019-02-25T20:43:56","slug":"reforma-da-previdencia-deveria-priorizar-arrecadacao-nao-corte-de-direitos","status":"publish","type":"post","link":"https:\/\/hostnetart.com.br\/baixada\/reforma-da-previdencia-deveria-priorizar-arrecadacao-nao-corte-de-direitos\/","title":{"rendered":"Reforma da Previd\u00eancia deveria priorizar arrecada\u00e7\u00e3o, n\u00e3o corte de direitos"},"content":{"rendered":"<p>A\u00a0<strong><a class=\"external-link\" title=\"\" href=\"http:\/\/D%C3%A9ficit%20da%20Previd%C3%AAncia,%20rombo%20nas%20contas%20e%20outras%20hist%C3%B3rias%20pra%20boi%20dormir\/\" target=\"_blank\" rel=\"noopener noreferrer\">reforma da Previd\u00eancia<\/a><\/strong>, proposta por Jair Bolsonaro, deveria ter como prioridade mudan\u00e7as para aumentar a arrecada\u00e7\u00e3o, sem retirada de direitos. A avalia\u00e7\u00e3o \u00e9 do diretor t\u00e9cnico do Dieese, Clemente Ganz L\u00facio. De acordo com ele, a Previd\u00eancia Social necessita de uma reforma, mas que contemple medidas como a revis\u00e3o da desonera\u00e7\u00e3o de empresas e o combate \u00e0 sonega\u00e7\u00e3o.<\/p>\n<p>&#8220;H\u00e1 uma percep\u00e7\u00e3o de que \u00e9 preciso mudan\u00e7as. Por\u00e9m,infelizmente, as principais mudan\u00e7as n\u00e3o s\u00e3o relacionadas ao financiamento da Previd\u00eancia, mas aos direitos dos trabalhadores, reduzindo direitos e custos para o Estado sem mexer na arrecada\u00e7\u00e3o, que deveria ser a principal iniciativa&#8221;, criticou Clemente em sua participa\u00e7\u00e3o no\u00a0<strong>Jornal Brasil Atual<\/strong>.<\/p>\n<p>O diretor t\u00e9cnico do Dieese lembra que, segundo o\u00a0<a class=\"internal-link\" title=\"\" href=\"https:\/\/www.redebrasilatual.com.br\/politica\/2017\/10\/maiores-sonegadores-da-previdencia-devem-perto-de-r-1-trilhao-a-uniao-afirma-cpi\" target=\"_blank\" rel=\"noopener noreferrer\">relat\u00f3rio da CPI da Previd\u00eancia<\/a>, as empresas privadas devem R$ 450 bilh\u00f5es aos cofres p\u00fablicos e, para piorar a situa\u00e7\u00e3o, conforme a Procuradoria da Fazenda Nacional, somente R$ 175 bilh\u00f5es correspondem a d\u00e9bitos recuper\u00e1veis.<\/p>\n<p>&#8220;H\u00e1 desonera\u00e7\u00f5es que precisam ser revistas, s\u00e3o quase R$ 150 bilh\u00f5es que deveriam entrar nos cofres da Previd\u00eancia. Ainda h\u00e1 a sonega\u00e7\u00e3o e apropria\u00e7\u00e3o ind\u00e9bita. A CPI da Previd\u00eancia mostra que existe uma d\u00edvida das empresas que ultrapassa R$ 450 bilh\u00f5es, ou seja, \u00e9 necess\u00e1rio um conjunto de mudan\u00e7as nesse sentido&#8221;, explicou.<\/p>\n<p>Os direitos que a\u00a0<a class=\"internal-link\" title=\"\" href=\"https:\/\/www.redebrasilatual.com.br\/blogs\/blog-na-rede\/2019\/02\/saiba-como-a-reforma-da-previdencia-de-bolsonaro-aumentara-a-pobreza\" target=\"_blank\" rel=\"noopener noreferrer\">reforma de Bolsonaro quer tirar passam<\/a>\u00a0pela\u00a0fixa\u00e7\u00e3o da idade m\u00ednima para aposentadoria em 62 anos para mulheres e 65 anos para homens, aumento no tempo de contribui\u00e7\u00e3o, redu\u00e7\u00e3o do valor do benef\u00edcio pago aos idosos em situa\u00e7\u00e3o de pobreza e tamb\u00e9m do valor da pens\u00e3o por morte para 60% do benef\u00edcio.<\/p>\n<p>\u00a0<\/p>\n<p><strong>Fonte: Rede Brasil Atual<\/strong><\/p>\n","protected":false},"excerpt":{"rendered":"<p>A\u00a0reforma da Previd\u00eancia, proposta por Jair Bolsonaro, deveria ter como prioridade mudan\u00e7as para aumentar a arrecada\u00e7\u00e3o, sem retirada de direitos. A avalia\u00e7\u00e3o \u00e9 do diretor t\u00e9cnico do Dieese, Clemente Ganz L\u00facio. De acordo com ele, a Previd\u00eancia Social necessita de uma reforma, mas que contemple medidas como a revis\u00e3o da desonera\u00e7\u00e3o de empresas e o [&hellip;]<\/p>\n","protected":false},"author":2,"featured_media":6175,"comment_status":"","ping_status":"","sticky":false,"template":"","format":"standard","meta":{"footnotes":""},"categories":[3],"tags":[],"class_list":["post-6176","post","type-post","status-publish","format-standard","has-post-thumbnail","hentry","category-noticias"],"_links":{"self":[{"href":"https:\/\/hostnetart.com.br\/baixada\/wp-json\/wp\/v2\/posts\/6176","targetHints":{"allow":["GET"]}}],"collection":[{"href":"https:\/\/hostnetart.com.br\/baixada\/wp-json\/wp\/v2\/posts"}],"about":[{"href":"https:\/\/hostnetart.com.br\/baixada\/wp-json\/wp\/v2\/types\/post"}],"author":[{"embeddable":true,"href":"https:\/\/hostnetart.com.br\/baixada\/wp-json\/wp\/v2\/users\/2"}],"replies":[{"embeddable":true,"href":"https:\/\/hostnetart.com.br\/baixada\/wp-json\/wp\/v2\/comments?post=6176"}],"version-history":[{"count":0,"href":"https:\/\/hostnetart.com.br\/baixada\/wp-json\/wp\/v2\/posts\/6176\/revisions"}],"wp:featuredmedia":[{"embeddable":true,"href":"https:\/\/hostnetart.com.br\/baixada\/wp-json\/wp\/v2\/media\/6175"}],"wp:attachment":[{"href":"https:\/\/hostnetart.com.br\/baixada\/wp-json\/wp\/v2\/media?parent=6176"}],"wp:term":[{"taxonomy":"category","embeddable":true,"href":"https:\/\/hostnetart.com.br\/baixada\/wp-json\/wp\/v2\/categories?post=6176"},{"taxonomy":"post_tag","embeddable":true,"href":"https:\/\/hostnetart.com.br\/baixada\/wp-json\/wp\/v2\/tags?post=6176"}],"curies":[{"name":"wp","href":"https:\/\/api.w.org\/{rel}","templated":true}]}}