{"id":6174,"date":"2019-02-25T17:42:03","date_gmt":"2019-02-25T20:42:03","guid":{"rendered":"https:\/\/hostnetart.com.br\/baixada\/reforma-da-previdencia-afastara-os-mais-jovens-do-direito-a-aposentadoria\/"},"modified":"2019-02-25T17:42:03","modified_gmt":"2019-02-25T20:42:03","slug":"reforma-da-previdencia-afastara-os-mais-jovens-do-direito-a-aposentadoria","status":"publish","type":"post","link":"https:\/\/hostnetart.com.br\/baixada\/reforma-da-previdencia-afastara-os-mais-jovens-do-direito-a-aposentadoria\/","title":{"rendered":"Reforma da Previd\u00eancia afastar\u00e1 os mais jovens do direito \u00e0 aposentadoria"},"content":{"rendered":"<p class=\" \">As dificuldades de ingressar no mercado de trabalho formal adicionadas \u00e0 pouca idade e ao grau de rotatividade no emprego fazem da\u00a0<a class=\"internal-link\" title=\"\" href=\"https:\/\/www.redebrasilatual.com.br\/trabalho\/2019\/02\/bolsonaro-entrega-projeto-de-reforma-da-previdencia-ao-congresso\" target=\"_blank\" rel=\"noopener noreferrer\">&#8220;reforma&#8221; da Previd\u00eancia<\/a>, apresentada pelo governo de Jair Bolsonaro (PSL), uma penalidade tamb\u00e9m para\u00a0<a class=\"internal-link\" title=\"\" href=\"https:\/\/www.redebrasilatual.com.br\/revistas\/147\/jovens-bucha-de-canhao-do-mercado-de-trabalho-de-um-pais-subdesenvolvido\" target=\"_blank\" rel=\"noopener noreferrer\">os mais jovens<\/a>, como avalia o economista e mestre em Economia Pol\u00edtica pela Pontif\u00edcia Universidade Cat\u00f3lica de S\u00e3o Paulo (PUC-SP) Marcos Henrique do Esp\u00edrito Santo.<\/p>\n<p class=\" \">Em entrevista \u00e0\u00a0<b>R\u00e1dio Brasil Atual<\/b>, o economista explica que\u00a0<a class=\"internal-link\" title=\"\" href=\"https:\/\/www.redebrasilatual.com.br\/economia\/2019\/02\/governo-bolsonaro-planeja-dividir-jovens-entre-explorados-e-empregados\" target=\"_blank\" rel=\"noopener noreferrer\">essa parcela da popula\u00e7\u00e3o<\/a>\u00a0ser\u00e1 afastada do sistema previdenci\u00e1rios devido a fatores como a perspectiva de concess\u00e3o do benef\u00edcio integral\u00a0<a class=\"internal-link\" title=\"\" href=\"https:\/\/www.redebrasilatual.com.br\/trabalho\/2019\/02\/reforma-contribuir-por-ate-40-anos-sera-desafio-quase-inalcancavel\" target=\"_blank\" rel=\"noopener noreferrer\">somente depois de 40 anos de contribui\u00e7\u00e3o<\/a>, desconsiderando que os jovens trabalham de\u00a0<a class=\"internal-link\" title=\"\" href=\"https:\/\/www.redebrasilatual.com.br\/trabalho\/2018\/07\/informalidade-e-o-emprego-precario-estreitam-horizontes-para-a-juventude\" target=\"_blank\" rel=\"noopener noreferrer\">forma informal\u00a0<\/a>desde cedo e n\u00e3o t\u00eam como comprovar esse v\u00ednculo.<\/p>\n<p class=\" \">&#8220;Quando a gente fala &#8216;jovem&#8217;, pensamos em algu\u00e9m com 18 anos trabalhando, mas o Brasil \u00e9 um pa\u00eds desigual e perverso, as pessoas entram no mercado de trabalho com 11, 12, 13 anos.&#8221;, adverte Marcos Henrique \u00e0 rep\u00f3rter Beatriz Drague Ramos.<\/p>\n<p class=\" \">Outros pontos da\u00a0<a class=\"internal-link\" title=\"\" href=\"https:\/\/www.redebrasilatual.com.br\/trabalho\/2019\/02\/maldades-da-reforma-de-bolsonaro-sao-parte-de-um-processo-de-destruicao-do-bem-estar-social\" target=\"_blank\" rel=\"noopener noreferrer\">&#8220;reforma&#8221; da Previd\u00eancia\u00a0<\/a>tamb\u00e9m s\u00e3o vistos com desconfian\u00e7a por quem acaba de ingressar no mercado de trabalho, como o cabeleireiro Matheus Flausino da Silva que, aos 24 anos, \u00e9 um trabalhador aut\u00f4nomo e teme que a combina\u00e7\u00e3o da proposta com a &#8220;reforma&#8221; trabalhista aprovada no governo Michel Temer aprofunde as\u00a0<a class=\"internal-link\" title=\"\" href=\"https:\/\/www.redebrasilatual.com.br\/trabalho\/2019\/02\/reforma-da-previdencia-de-bolsonaro-nao-combate-privilegios\" target=\"_blank\" rel=\"noopener noreferrer\">desigualdades sociais<\/a>. &#8220;Infelizmente o povo vai pagar por tudo isso (&#8230;) acho que esse \u00e9 um impacto, n\u00e3o vamos poder nos assegurar de alguns direitos&#8221;, afirma.<\/p>\n<p class=\" \">\u00a0<\/p>\n<p class=\" \"><span style=\"text-decoration: underline;\"><strong>Fonte: Rede Brasil Atual<\/strong><\/span><\/p>\n","protected":false},"excerpt":{"rendered":"<p>As dificuldades de ingressar no mercado de trabalho formal adicionadas \u00e0 pouca idade e ao grau de rotatividade no emprego fazem da\u00a0&#8220;reforma&#8221; da Previd\u00eancia, apresentada pelo governo de Jair Bolsonaro (PSL), uma penalidade tamb\u00e9m para\u00a0os mais jovens, como avalia o economista e mestre em Economia Pol\u00edtica pela Pontif\u00edcia Universidade Cat\u00f3lica de S\u00e3o Paulo (PUC-SP) Marcos [&hellip;]<\/p>\n","protected":false},"author":2,"featured_media":6173,"comment_status":"","ping_status":"","sticky":false,"template":"","format":"standard","meta":{"footnotes":""},"categories":[3],"tags":[],"class_list":["post-6174","post","type-post","status-publish","format-standard","has-post-thumbnail","hentry","category-noticias"],"_links":{"self":[{"href":"https:\/\/hostnetart.com.br\/baixada\/wp-json\/wp\/v2\/posts\/6174","targetHints":{"allow":["GET"]}}],"collection":[{"href":"https:\/\/hostnetart.com.br\/baixada\/wp-json\/wp\/v2\/posts"}],"about":[{"href":"https:\/\/hostnetart.com.br\/baixada\/wp-json\/wp\/v2\/types\/post"}],"author":[{"embeddable":true,"href":"https:\/\/hostnetart.com.br\/baixada\/wp-json\/wp\/v2\/users\/2"}],"replies":[{"embeddable":true,"href":"https:\/\/hostnetart.com.br\/baixada\/wp-json\/wp\/v2\/comments?post=6174"}],"version-history":[{"count":0,"href":"https:\/\/hostnetart.com.br\/baixada\/wp-json\/wp\/v2\/posts\/6174\/revisions"}],"wp:featuredmedia":[{"embeddable":true,"href":"https:\/\/hostnetart.com.br\/baixada\/wp-json\/wp\/v2\/media\/6173"}],"wp:attachment":[{"href":"https:\/\/hostnetart.com.br\/baixada\/wp-json\/wp\/v2\/media?parent=6174"}],"wp:term":[{"taxonomy":"category","embeddable":true,"href":"https:\/\/hostnetart.com.br\/baixada\/wp-json\/wp\/v2\/categories?post=6174"},{"taxonomy":"post_tag","embeddable":true,"href":"https:\/\/hostnetart.com.br\/baixada\/wp-json\/wp\/v2\/tags?post=6174"}],"curies":[{"name":"wp","href":"https:\/\/api.w.org\/{rel}","templated":true}]}}